{"id":50260,"date":"2014-08-25T09:37:45","date_gmt":"2014-08-25T13:37:45","guid":{"rendered":"http:\/\/www.eltrabajo.cl\/portal\/?p=50260"},"modified":"2014-08-25T09:37:45","modified_gmt":"2014-08-25T13:37:45","slug":"andinos-ya-tienen-campeones-de-cueca-del-adulto-mayor","status":"publish","type":"post","link":"https:\/\/eltrabajo.cl\/portal\/andinos-ya-tienen-campeones-de-cueca-del-adulto-mayor\/","title":{"rendered":"Andinos ya tienen campeones de cueca del Adulto Mayor"},"content":{"rendered":"<figure id=\"attachment_50261\" aria-describedby=\"caption-attachment-50261\" style=\"width: 529px\" class=\"wp-caption alignnone\"><a href=\"https:\/\/i0.wp.com\/www.eltrabajo.cl\/portal\/wp-content\/uploads\/2014\/08\/Ganadores1.jpg\"><img data-recalc-dims=\"1\" loading=\"lazy\" decoding=\"async\" class=\"size-full wp-image-50261\" alt=\"La pareja compuesta por Mar\u00eda Teresa Esper y Daniel Pino, result\u00f3 ganadora del XV Campeonato de Cueca del Adulto Mayor de Los Andes.\" src=\"https:\/\/i0.wp.com\/www.eltrabajo.cl\/portal\/wp-content\/uploads\/2014\/08\/Ganadores1.jpg?resize=529%2C405\" width=\"529\" height=\"405\" srcset=\"https:\/\/i0.wp.com\/eltrabajo.cl\/portal\/wp-content\/uploads\/2014\/08\/Ganadores1.jpg?w=529&amp;ssl=1 529w, https:\/\/i0.wp.com\/eltrabajo.cl\/portal\/wp-content\/uploads\/2014\/08\/Ganadores1.jpg?resize=195%2C150&amp;ssl=1 195w, https:\/\/i0.wp.com\/eltrabajo.cl\/portal\/wp-content\/uploads\/2014\/08\/Ganadores1.jpg?resize=300%2C229&amp;ssl=1 300w, https:\/\/i0.wp.com\/eltrabajo.cl\/portal\/wp-content\/uploads\/2014\/08\/Ganadores1.jpg?resize=150%2C114&amp;ssl=1 150w, https:\/\/i0.wp.com\/eltrabajo.cl\/portal\/wp-content\/uploads\/2014\/08\/Ganadores1.jpg?resize=400%2C306&amp;ssl=1 400w\" sizes=\"auto, (max-width: 529px) 100vw, 529px\" \/><\/a><figcaption id=\"caption-attachment-50261\" class=\"wp-caption-text\">La pareja compuesta por Mar\u00eda Teresa Esper y Daniel Pino, result\u00f3 ganadora del XV Campeonato de Cueca del Adulto Mayor de Los Andes.<\/figcaption><\/figure>\n<p><strong>LOS ANDES<\/strong>.- La pareja compuesta por Mar\u00eda Teresa Esper y Daniel Pino, result\u00f3 ganadora del XV Campeonato de Cueca del Adulto Mayor de Los Andes, organizado por el municipio andino. El certamen se realiz\u00f3 este s\u00e1bado en el patio central de la gobernaci\u00f3n, con cinco parejas participantes, mistas que fueron alentadas con entusiasmo por el p\u00fablico que lleg\u00f3 a acompa\u00f1ar a los bailarines.<\/p>\n<p>El jurado estuvo compuesto por Nattalia Morales, Carmen Cobs, Basti\u00e1n B\u00e1ez y Ferm\u00edn Zamorano, todos destacados miembros de distintas agrupaciones folcl\u00f3ricas de nuestra zona. El acompa\u00f1amiento musical, en tanto, estuvo a cargo del Grupo Valle y cordillera.<\/p>\n<p>El segundo lugar lo obtuvieron Rosal\u00eda Pino y Pablo Olivares, mientras que el tercer puesto fue para Filomena Salas y Daniel Saavedra. Todos los participantes recibieron premios y diplomas que entreg\u00f3 el Alcalde Mauricio Navarro, quien estuvo acompa\u00f1ado por la Directora de Desarrollo<\/p>\n<p>Comunitario, Mar\u00eda Cecilia Prado y la Presidente de la Uni\u00f3n Comunal del Adulto Mayor, Carolina Rubio.<\/p>\n<p>&nbsp;<\/p>\n","protected":false},"excerpt":{"rendered":"<p>LOS ANDES.- La pareja compuesta por Mar\u00eda Teresa Esper y Daniel Pino, result\u00f3 ganadora del XV Campeonato de Cueca del Adulto Mayor de Los Andes, organizado por el municipio andino. El certamen&#8230;<\/p>\n","protected":false},"author":482,"featured_media":50261,"comment_status":"open","ping_status":"closed","sticky":false,"template":"","format":"standard","meta":{"advanced_seo_description":"","jetpack_seo_html_title":"","jetpack_seo_noindex":false,"_jetpack_memberships_contains_paid_content":false,"footnotes":""},"categories":[15],"tags":[],"class_list":["post-50260","post","type-post","status-publish","format-standard","has-post-thumbnail","hentry","category-comunidad"],"jetpack_featured_media_url":"https:\/\/i0.wp.com\/eltrabajo.cl\/portal\/wp-content\/uploads\/2014\/08\/Ganadores1.jpg?fit=529%2C405&ssl=1","jetpack_sharing_enabled":true,"jetpack_likes_enabled":true,"jetpack-related-posts":[],"_links":{"self":[{"href":"https:\/\/eltrabajo.cl\/portal\/wp-json\/wp\/v2\/posts\/50260","targetHints":{"allow":["GET"]}}],"collection":[{"href":"https:\/\/eltrabajo.cl\/portal\/wp-json\/wp\/v2\/posts"}],"about":[{"href":"https:\/\/eltrabajo.cl\/portal\/wp-json\/wp\/v2\/types\/post"}],"author":[{"embeddable":true,"href":"https:\/\/eltrabajo.cl\/portal\/wp-json\/wp\/v2\/users\/482"}],"replies":[{"embeddable":true,"href":"https:\/\/eltrabajo.cl\/portal\/wp-json\/wp\/v2\/comments?post=50260"}],"version-history":[{"count":0,"href":"https:\/\/eltrabajo.cl\/portal\/wp-json\/wp\/v2\/posts\/50260\/revisions"}],"wp:featuredmedia":[{"embeddable":true,"href":"https:\/\/eltrabajo.cl\/portal\/wp-json\/wp\/v2\/media\/50261"}],"wp:attachment":[{"href":"https:\/\/eltrabajo.cl\/portal\/wp-json\/wp\/v2\/media?parent=50260"}],"wp:term":[{"taxonomy":"category","embeddable":true,"href":"https:\/\/eltrabajo.cl\/portal\/wp-json\/wp\/v2\/categories?post=50260"},{"taxonomy":"post_tag","embeddable":true,"href":"https:\/\/eltrabajo.cl\/portal\/wp-json\/wp\/v2\/tags?post=50260"}],"curies":[{"name":"wp","href":"https:\/\/api.w.org\/{rel}","templated":true}]}}