{"id":50274,"date":"2014-08-25T09:44:35","date_gmt":"2014-08-25T13:44:35","guid":{"rendered":"http:\/\/www.eltrabajo.cl\/portal\/?p=50274"},"modified":"2014-08-25T09:44:35","modified_gmt":"2014-08-25T13:44:35","slug":"mas-de-400-regantes-de-bellavista-se-beneficiaran-con-la-construccion-de-pozo","status":"publish","type":"post","link":"https:\/\/eltrabajo.cl\/portal\/mas-de-400-regantes-de-bellavista-se-beneficiaran-con-la-construccion-de-pozo\/","title":{"rendered":"M\u00e1s de 400 regantes de Bellavista se beneficiar\u00e1n con la construcci\u00f3n de pozo"},"content":{"rendered":"<figure id=\"attachment_50275\" aria-describedby=\"caption-attachment-50275\" style=\"width: 528px\" class=\"wp-caption alignnone\"><a href=\"https:\/\/i0.wp.com\/www.eltrabajo.cl\/portal\/wp-content\/uploads\/2014\/08\/Pozo1.jpg\"><img data-recalc-dims=\"1\" loading=\"lazy\" decoding=\"async\" class=\"size-full wp-image-50275\" alt=\"La construcci\u00f3n de este pozo que el proyecto se encuentra en proceso de licitaci\u00f3n, el que culmina el pr\u00f3ximo 4 de septiembre.\" src=\"https:\/\/i0.wp.com\/www.eltrabajo.cl\/portal\/wp-content\/uploads\/2014\/08\/Pozo1.jpg?resize=528%2C360\" width=\"528\" height=\"360\" srcset=\"https:\/\/i0.wp.com\/eltrabajo.cl\/portal\/wp-content\/uploads\/2014\/08\/Pozo1.jpg?w=528&amp;ssl=1 528w, https:\/\/i0.wp.com\/eltrabajo.cl\/portal\/wp-content\/uploads\/2014\/08\/Pozo1.jpg?resize=200%2C136&amp;ssl=1 200w, https:\/\/i0.wp.com\/eltrabajo.cl\/portal\/wp-content\/uploads\/2014\/08\/Pozo1.jpg?resize=300%2C204&amp;ssl=1 300w, https:\/\/i0.wp.com\/eltrabajo.cl\/portal\/wp-content\/uploads\/2014\/08\/Pozo1.jpg?resize=150%2C102&amp;ssl=1 150w, https:\/\/i0.wp.com\/eltrabajo.cl\/portal\/wp-content\/uploads\/2014\/08\/Pozo1.jpg?resize=400%2C272&amp;ssl=1 400w\" sizes=\"auto, (max-width: 528px) 100vw, 528px\" \/><\/a><figcaption id=\"caption-attachment-50275\" class=\"wp-caption-text\">La construcci\u00f3n de este pozo que el proyecto se encuentra en proceso de licitaci\u00f3n, el que culmina el pr\u00f3ximo 4 de septiembre.<\/figcaption><\/figure>\n<p>Con el objetivo de informar en terreno a los regantes del sector de Bellavista sobre el avance que registra el proyecto de construcci\u00f3n de un pozo para el sector, se trasladaron hasta el lugar el Alcalde Patricio Freire; el Director Regional de Obras Hidr\u00e1ulicas Daniel Sep\u00falveda; el Diputado Marco Antonio N\u00fa\u00f1ez y el Gobernador Eduardo Le\u00f3n.<\/p>\n<p>La reuni\u00f3n se realiz\u00f3 el viernes reci\u00e9n pasado en el sector de Bellavista y en la oportunidad la autoridad regional inform\u00f3 a los regantes beneficiados con la construcci\u00f3n de este pozo que el proyecto se encuentra en proceso de licitaci\u00f3n, el que culmina el pr\u00f3ximo 4 de septiembre, lo que permitir\u00eda iniciar obras aproximadamente el 1 de octubre y terminarlas a principio de diciembre.<\/p>\n<p>Seg\u00fan inform\u00f3 Sep\u00falveda, esta obra consiste en un pozo de 120 metros, que va a dar un caudal estimado de 50 litros por segundo y va a permitir regar m\u00e1s de 400 hect\u00e1reas, es decir va a favorecer a m\u00e1s de 400 regantes en un sector que no resulta beneficiado por otras obras que realiza la direcci\u00f3n de obras hidr\u00e1ulicas.<\/p>\n<p>\u201cSe defini\u00f3 que se iba a hacer el pozo, despu\u00e9s vino un proceso administrativo hasta saber c\u00f3mo iba a ser el financiamiento, afortunadamente el financiamiento lo pudimos obtener. La labor nuestra es ir dando abastecimiento de agua en estas situaciones de carencia de recursos\u201d, dijo Sep\u00falveda. El proyecto contempla una inversi\u00f3n superior a los $200 millones, lo que permitir\u00e1 beneficiar a una importante cantidad de agricultores de la zona.<\/p>\n<p>\u201cEsto va a permitir dar alivio a alrededor de 1.500 agricultores del sector, se riegan alrededor de 400 hect\u00e1reas y va a ser un gran avance para este sector de Bellavista\u201d, dijo el Alcalde Patricio Freire. Gerardo Herrera es Presidente del Canal Bellavista Sur y destac\u00f3 la importancia de esta inversi\u00f3n, que beneficia a una importante cantidad de vecinos del sector.<\/p>\n<p>\u201cEste pozo va a ayudar a dos canales, el Canal Bellavista sur y Molino El Bajo, gente que vivimos en este sector. Nosotros tenemos agua eventual por eso la importancia de este proyecto y estamos muy contentos, hemos luchado hartos a\u00f1os y damos las gracias a Don Patricio que nos ha ayudado mucho y a la gente que est\u00e1 aqu\u00ed nos han ayudado mucho\u201d<\/p>\n<p>El Diputado Marco Antonio N\u00fa\u00f1ez destac\u00f3 la construcci\u00f3n del pozo y agreg\u00f3 que este tipo de medidas son las que se deben tomar r\u00e1pidamente para cambiar la realidad de las personas que se encuentran en una situaci\u00f3n compleja, como en este caso a ra\u00edz de la sequ\u00eda, mientras que el Gobernador Eduardo Le\u00f3n sostuvo que este pozo funcionar\u00e1 de manera similar en Fundo La Pe\u00f1a.<\/p>\n<p>&nbsp;<\/p>\n","protected":false},"excerpt":{"rendered":"<p>Con el objetivo de informar en terreno a los regantes del sector de Bellavista sobre el avance que registra el proyecto de construcci\u00f3n de un pozo para el sector, se trasladaron hasta&#8230;<\/p>\n","protected":false},"author":482,"featured_media":50275,"comment_status":"open","ping_status":"closed","sticky":false,"template":"","format":"standard","meta":{"advanced_seo_description":"","jetpack_seo_html_title":"","jetpack_seo_noindex":false,"_jetpack_memberships_contains_paid_content":false,"footnotes":""},"categories":[15],"tags":[],"class_list":["post-50274","post","type-post","status-publish","format-standard","has-post-thumbnail","hentry","category-comunidad"],"jetpack_featured_media_url":"https:\/\/i0.wp.com\/eltrabajo.cl\/portal\/wp-content\/uploads\/2014\/08\/Pozo1.jpg?fit=528%2C360&ssl=1","jetpack_sharing_enabled":true,"jetpack_likes_enabled":true,"jetpack-related-posts":[],"_links":{"self":[{"href":"https:\/\/eltrabajo.cl\/portal\/wp-json\/wp\/v2\/posts\/50274","targetHints":{"allow":["GET"]}}],"collection":[{"href":"https:\/\/eltrabajo.cl\/portal\/wp-json\/wp\/v2\/posts"}],"about":[{"href":"https:\/\/eltrabajo.cl\/portal\/wp-json\/wp\/v2\/types\/post"}],"author":[{"embeddable":true,"href":"https:\/\/eltrabajo.cl\/portal\/wp-json\/wp\/v2\/users\/482"}],"replies":[{"embeddable":true,"href":"https:\/\/eltrabajo.cl\/portal\/wp-json\/wp\/v2\/comments?post=50274"}],"version-history":[{"count":0,"href":"https:\/\/eltrabajo.cl\/portal\/wp-json\/wp\/v2\/posts\/50274\/revisions"}],"wp:featuredmedia":[{"embeddable":true,"href":"https:\/\/eltrabajo.cl\/portal\/wp-json\/wp\/v2\/media\/50275"}],"wp:attachment":[{"href":"https:\/\/eltrabajo.cl\/portal\/wp-json\/wp\/v2\/media?parent=50274"}],"wp:term":[{"taxonomy":"category","embeddable":true,"href":"https:\/\/eltrabajo.cl\/portal\/wp-json\/wp\/v2\/categories?post=50274"},{"taxonomy":"post_tag","embeddable":true,"href":"https:\/\/eltrabajo.cl\/portal\/wp-json\/wp\/v2\/tags?post=50274"}],"curies":[{"name":"wp","href":"https:\/\/api.w.org\/{rel}","templated":true}]}}