{"id":50290,"date":"2014-08-25T10:06:11","date_gmt":"2014-08-25T14:06:11","guid":{"rendered":"http:\/\/www.eltrabajo.cl\/portal\/?p=50290"},"modified":"2014-08-25T10:06:11","modified_gmt":"2014-08-25T14:06:11","slug":"caen-peligrosos-delincuentes-tras-asaltar-en-vivienda","status":"publish","type":"post","link":"https:\/\/eltrabajo.cl\/portal\/caen-peligrosos-delincuentes-tras-asaltar-en-vivienda\/","title":{"rendered":"Caen peligrosos delincuentes tras asaltar en vivienda"},"content":{"rendered":"<figure id=\"attachment_50291\" aria-describedby=\"caption-attachment-50291\" style=\"width: 529px\" class=\"wp-caption alignnone\"><a href=\"https:\/\/i0.wp.com\/www.eltrabajo.cl\/portal\/wp-content\/uploads\/2014\/08\/Banda1.jpg\"><img data-recalc-dims=\"1\" loading=\"lazy\" decoding=\"async\" class=\"size-full wp-image-50291\" alt=\"Personal de Carabineros apoyados por funcionarios de San Felipe, lograron la detenci\u00f3n de cuatro peligrosos delincuentes tras una persecuci\u00f3n por la Ruta E-71.\" src=\"https:\/\/i0.wp.com\/www.eltrabajo.cl\/portal\/wp-content\/uploads\/2014\/08\/Banda1.jpg?resize=529%2C358\" width=\"529\" height=\"358\" srcset=\"https:\/\/i0.wp.com\/eltrabajo.cl\/portal\/wp-content\/uploads\/2014\/08\/Banda1.jpg?w=529&amp;ssl=1 529w, https:\/\/i0.wp.com\/eltrabajo.cl\/portal\/wp-content\/uploads\/2014\/08\/Banda1.jpg?resize=200%2C135&amp;ssl=1 200w, https:\/\/i0.wp.com\/eltrabajo.cl\/portal\/wp-content\/uploads\/2014\/08\/Banda1.jpg?resize=300%2C203&amp;ssl=1 300w, https:\/\/i0.wp.com\/eltrabajo.cl\/portal\/wp-content\/uploads\/2014\/08\/Banda1.jpg?resize=150%2C101&amp;ssl=1 150w, https:\/\/i0.wp.com\/eltrabajo.cl\/portal\/wp-content\/uploads\/2014\/08\/Banda1.jpg?resize=400%2C270&amp;ssl=1 400w\" sizes=\"auto, (max-width: 529px) 100vw, 529px\" \/><\/a><figcaption id=\"caption-attachment-50291\" class=\"wp-caption-text\">Personal de Carabineros apoyados por funcionarios de San Felipe, lograron la detenci\u00f3n de cuatro peligrosos delincuentes tras una persecuci\u00f3n por la Ruta E-71.<\/figcaption><\/figure>\n<p><strong>PUTAENDO.<\/strong>&#8211; Personal de Carabineros apoyados por funcionarios de San Felipe, lograron la detenci\u00f3n de cuatro peligrosos delincuentes tras una persecuci\u00f3n por la Ruta E-71, luego que los sujetos robaran distintas especies desde una vivienda en la comuna de Putaendo. Los hechos comenzaron a desarrollarse a eso de las 12:30 horas de este viernes, cuando un vecino de Avenida Alejandrina Carvajal advirti\u00f3 la presencia de un veh\u00edculo color verde y de sujetos que corr\u00edan r\u00e1pidamente por los terrenos cercanos al r\u00edo, por lo que inform\u00f3 de este hecho a Carabineros a trav\u00e9s del Nivel 133.<\/p>\n<figure id=\"attachment_50292\" aria-describedby=\"caption-attachment-50292\" style=\"width: 370px\" class=\"wp-caption alignright\"><a href=\"https:\/\/i0.wp.com\/www.eltrabajo.cl\/portal\/wp-content\/uploads\/2014\/08\/Banda2.jpg\"><img data-recalc-dims=\"1\" loading=\"lazy\" decoding=\"async\" class=\" wp-image-50292 \" alt=\"F\u00e9lix Lanas al llegar de su trabajo encontr\u00f3 su vivienda totalmente desordenada y se percat\u00f3 que le hab\u00edan robado.\" src=\"https:\/\/i0.wp.com\/www.eltrabajo.cl\/portal\/wp-content\/uploads\/2014\/08\/Banda2.jpg?resize=370%2C262\" width=\"370\" height=\"262\" srcset=\"https:\/\/i0.wp.com\/eltrabajo.cl\/portal\/wp-content\/uploads\/2014\/08\/Banda2.jpg?w=528&amp;ssl=1 528w, https:\/\/i0.wp.com\/eltrabajo.cl\/portal\/wp-content\/uploads\/2014\/08\/Banda2.jpg?resize=200%2C141&amp;ssl=1 200w, https:\/\/i0.wp.com\/eltrabajo.cl\/portal\/wp-content\/uploads\/2014\/08\/Banda2.jpg?resize=300%2C212&amp;ssl=1 300w, https:\/\/i0.wp.com\/eltrabajo.cl\/portal\/wp-content\/uploads\/2014\/08\/Banda2.jpg?resize=150%2C106&amp;ssl=1 150w, https:\/\/i0.wp.com\/eltrabajo.cl\/portal\/wp-content\/uploads\/2014\/08\/Banda2.jpg?resize=400%2C283&amp;ssl=1 400w\" sizes=\"auto, (max-width: 370px) 100vw, 370px\" \/><\/a><figcaption id=\"caption-attachment-50292\" class=\"wp-caption-text\">F\u00e9lix Lanas al llegar de su trabajo encontr\u00f3 su vivienda totalmente desordenada y se percat\u00f3 que le hab\u00edan robado.<\/figcaption><\/figure>\n<p>Los efectivos policiales recibieron el comunicado radial en Calle Eduardo Wegger, a poco m\u00e1s de cuatro cuadras del lugar indicado por el testigo, y al llegar al sitio vieron como los delincuentes terminaban de cargar un televisor en el veh\u00edculo y sub\u00edan r\u00e1pidamente al m\u00f3vil para huir del lugar.<\/p>\n<p>La informaci\u00f3n entregada por el Teniente \u00c1ngelo Acevedo, indica que los sujetos al ver la presencia policial huyeron raudos y tomaron Calle Brasil en direcci\u00f3n a San Felipe, y ya otra unidad policial les impidi\u00f3 el paso a la altura de Restaurante Casa Grande, donde el veh\u00edculo Peugeot, color verde, patente RL-61-75, estuvo cerca de atropellar a los dos carabineros que trataron de detener el autom\u00f3vil, lo que tambi\u00e9n se repiti\u00f3 en el sector Punta del Olivo donde los sujetos incluso adelantaron en plena curva, por lo que estuvieron a cent\u00edmetros de impactar frontalmente otro veh\u00edculo.<\/p>\n<p>A esa altura, seg\u00fan indic\u00f3 el Teniente Acevedo, cerca de cuatro unidades policiales manten\u00edan bloqueada la carretera en el Puente Enc\u00f3n, donde el veh\u00edculo estuvo cerca de volcarse.<\/p>\n<p>Finalmente fueron detenidos cuatro sujetos identificados como C\u00e9sar Ferm\u00edn Moraga Carre\u00f1o, de 39 a\u00f1os de edad, V\u00edctor Alejandro Aguilera Ovando, de 26 a\u00f1os de edad, Danilo Enrique S.L., de 19 a\u00f1os de edad, y el menor de 16 a\u00f1os de edad de iniciales J.M.C.R., todos con un amplio prontuario policial por delitos de Robo y Robo con fuerza.<\/p>\n<p>Los detenidos registran domicilios en Villa 250 A\u00f1os, en otras zonas de San Felipe y uno de ellos en la ciudad de Con-Con. Tras la audiencia de formalizaci\u00f3n el Tribunal de Putaendo dej\u00f3 en Prisi\u00f3n Preventiva a C\u00e9sar M., V\u00edctor A. y a Danilo S., durante los 30 d\u00edas que dure la investigaci\u00f3n, por ser considerados un peligro para la sociedad, mientras que el menor J.M.C.R. fue dejado en libertad y entregado a sus padres, adem\u00e1s su caso ser\u00e1 analizado por el Sename.<\/p>\n<p>F\u00e9lix Lanas, vecino afectado por este robo, asegur\u00f3 que al llegar de su trabajo encontr\u00f3 su vivienda totalmente desordenada y se percat\u00f3 que le hab\u00edan robado tres televisores; una montura; una caja de herramientas; una m\u00e1quina de afeitar y una tablet. Adem\u00e1s encontr\u00f3 en el patio de la vivienda un computador port\u00e1til e indic\u00f3 que los delincuentes forzaron una ventana para acceder a la vivienda. La v\u00edctima tuvo palabras de agradecimiento para la persona que dio el aviso en forma telef\u00f3nica y de manera especial a Carabineros de Putaendo por el intenso despliegue policial realizado y que permiti\u00f3 recuperar todas sus especies.<\/p>\n<p>Patricio Gallardo M.<\/p>\n<p>&nbsp;<\/p>\n","protected":false},"excerpt":{"rendered":"<p>PUTAENDO.&#8211; Personal de Carabineros apoyados por funcionarios de San Felipe, lograron la detenci\u00f3n de cuatro peligrosos delincuentes tras una persecuci\u00f3n por la Ruta E-71, luego que los sujetos robaran distintas especies desde&#8230;<\/p>\n","protected":false},"author":482,"featured_media":50291,"comment_status":"open","ping_status":"closed","sticky":false,"template":"","format":"standard","meta":{"advanced_seo_description":"","jetpack_seo_html_title":"","jetpack_seo_noindex":false,"_jetpack_memberships_contains_paid_content":false,"footnotes":""},"categories":[21],"tags":[],"class_list":["post-50290","post","type-post","status-publish","format-standard","has-post-thumbnail","hentry","category-policial"],"jetpack_featured_media_url":"https:\/\/i0.wp.com\/eltrabajo.cl\/portal\/wp-content\/uploads\/2014\/08\/Banda1.jpg?fit=529%2C358&ssl=1","jetpack_sharing_enabled":true,"jetpack_likes_enabled":true,"jetpack-related-posts":[],"_links":{"self":[{"href":"https:\/\/eltrabajo.cl\/portal\/wp-json\/wp\/v2\/posts\/50290","targetHints":{"allow":["GET"]}}],"collection":[{"href":"https:\/\/eltrabajo.cl\/portal\/wp-json\/wp\/v2\/posts"}],"about":[{"href":"https:\/\/eltrabajo.cl\/portal\/wp-json\/wp\/v2\/types\/post"}],"author":[{"embeddable":true,"href":"https:\/\/eltrabajo.cl\/portal\/wp-json\/wp\/v2\/users\/482"}],"replies":[{"embeddable":true,"href":"https:\/\/eltrabajo.cl\/portal\/wp-json\/wp\/v2\/comments?post=50290"}],"version-history":[{"count":0,"href":"https:\/\/eltrabajo.cl\/portal\/wp-json\/wp\/v2\/posts\/50290\/revisions"}],"wp:featuredmedia":[{"embeddable":true,"href":"https:\/\/eltrabajo.cl\/portal\/wp-json\/wp\/v2\/media\/50291"}],"wp:attachment":[{"href":"https:\/\/eltrabajo.cl\/portal\/wp-json\/wp\/v2\/media?parent=50290"}],"wp:term":[{"taxonomy":"category","embeddable":true,"href":"https:\/\/eltrabajo.cl\/portal\/wp-json\/wp\/v2\/categories?post=50290"},{"taxonomy":"post_tag","embeddable":true,"href":"https:\/\/eltrabajo.cl\/portal\/wp-json\/wp\/v2\/tags?post=50290"}],"curies":[{"name":"wp","href":"https:\/\/api.w.org\/{rel}","templated":true}]}}