{"id":50296,"date":"2014-08-25T10:12:01","date_gmt":"2014-08-25T14:12:01","guid":{"rendered":"http:\/\/www.eltrabajo.cl\/portal\/?p=50296"},"modified":"2014-08-25T10:12:01","modified_gmt":"2014-08-25T14:12:01","slug":"camaras-de-seguridad-y-accionar-policial-frustran-robo-a-local-comercial","status":"publish","type":"post","link":"https:\/\/eltrabajo.cl\/portal\/camaras-de-seguridad-y-accionar-policial-frustran-robo-a-local-comercial\/","title":{"rendered":"C\u00e1maras de seguridad y accionar policial frustran robo a local comercial"},"content":{"rendered":"<figure id=\"attachment_50297\" aria-describedby=\"caption-attachment-50297\" style=\"width: 423px\" class=\"wp-caption alignleft\"><a href=\"https:\/\/i0.wp.com\/www.eltrabajo.cl\/portal\/wp-content\/uploads\/2014\/08\/Pareja1.jpg\"><img data-recalc-dims=\"1\" loading=\"lazy\" decoding=\"async\" class=\" wp-image-50297 \" alt=\"Los sujetos detenidos bajo los cargos de robo frustrado fueron identificados como Brillent Enrique A. G., de 19 a\u00f1os de edad y Juan Gabriel A.O., tambi\u00e9n de 19 a\u00f1os de edad.\" src=\"https:\/\/i0.wp.com\/www.eltrabajo.cl\/portal\/wp-content\/uploads\/2014\/08\/Pareja1.jpg?resize=423%2C286\" width=\"423\" height=\"286\" srcset=\"https:\/\/i0.wp.com\/eltrabajo.cl\/portal\/wp-content\/uploads\/2014\/08\/Pareja1.jpg?w=529&amp;ssl=1 529w, https:\/\/i0.wp.com\/eltrabajo.cl\/portal\/wp-content\/uploads\/2014\/08\/Pareja1.jpg?resize=200%2C135&amp;ssl=1 200w, https:\/\/i0.wp.com\/eltrabajo.cl\/portal\/wp-content\/uploads\/2014\/08\/Pareja1.jpg?resize=300%2C203&amp;ssl=1 300w, https:\/\/i0.wp.com\/eltrabajo.cl\/portal\/wp-content\/uploads\/2014\/08\/Pareja1.jpg?resize=150%2C101&amp;ssl=1 150w, https:\/\/i0.wp.com\/eltrabajo.cl\/portal\/wp-content\/uploads\/2014\/08\/Pareja1.jpg?resize=400%2C270&amp;ssl=1 400w\" sizes=\"auto, (max-width: 423px) 100vw, 423px\" \/><\/a><figcaption id=\"caption-attachment-50297\" class=\"wp-caption-text\">Los sujetos detenidos bajo los cargos de robo frustrado fueron identificados como Brillent Enrique A. G., de 19 a\u00f1os de edad y Juan Gabriel A.O., tambi\u00e9n de 19 a\u00f1os de edad.<\/figcaption><\/figure>\n<p><strong>PUTAENDO.<\/strong>&#8211; El trabajo conjunto entre Carabineros y el importante apoyo de las c\u00e1maras de seguridad implementadas por la municipalidad, lograron frustrar el robo a un local comercial de Poblaci\u00f3n San Antonio. La informaci\u00f3n oficial entregada a nuestro medio por el Teniente \u00c1ngelo Acevedo, quien indica que a eso de las 04:25 horas de este s\u00e1bado, los operadores de las c\u00e1maras de seguridad advirtieron como tres sujetos caminaban por Calle Chacabuco en direcci\u00f3n al sur, sin que estos evidenciaran actitudes sospechosas, sin embargo, minutos posteriores una c\u00e1mara de seguridad advirti\u00f3 como los tres individuos saltaron la reja de un local comercial ubicado en Avenida Ej\u00e9rcito Libertador al llegar a Pasaje Mar\u00eda Silva de Salinas de Poblaci\u00f3n San Antonio.<\/p>\n<p>Carabineros fue alertado y se trasladaron r\u00e1pidamente al lugar, y mientras los delincuentes, con una pala que hab\u00eda en el patio trataban de romper la puerta de ingreso al local, el propietario del negocio sali\u00f3 a enfrentarlos, lo que gener\u00f3 que los tres sujetos huyeran del lugar.<\/p>\n<p><strong>\u00a0SON IDENTIFICADOS<\/strong><\/p>\n<p>Personal policial logr\u00f3 detener a dos de los individuos a la altura de Calle Eduardo Weggener con Calle Brasil, mientras que el tercer sujeto huy\u00f3 por Calle Justo Estay de Poblaci\u00f3n San Antonio, sin que pudiese ser detenido. Los sujetos detenidos bajo los cargos de robo frustrado fueron identificados como Brillent Enrique A. G., de 19 a\u00f1os de edad y Juan Gabriel A.O., tambi\u00e9n de 19 a\u00f1os de edad, ambos con antecedentes policiales por los delitos de Robo y Agresi\u00f3n. Ambos sujetos quedaron detenidos y fueron puestos a disposici\u00f3n del Tribunal Mixto de Putaendo.<\/p>\n<p>El Teniente Acevedo destac\u00f3 la importancia de las c\u00e1maras de seguridad y sostuvo que son un aporte fundamental para la labor preventiva, ya que en este caso los delincuentes estuvieron poco m\u00e1s de un minuto al interior del local, y al ser sorprendidos por el propietario huyeron del lugar, y ya se sab\u00eda en la direcci\u00f3n en que hu\u00edan y las caracter\u00edsticas de las vestimentas, lo que ayud\u00f3 a su r\u00e1pida detenci\u00f3n.<\/p>\n<p>Patricio Gallardo M.<\/p>\n<p>&nbsp;<\/p>\n","protected":false},"excerpt":{"rendered":"<p>PUTAENDO.&#8211; El trabajo conjunto entre Carabineros y el importante apoyo de las c\u00e1maras de seguridad implementadas por la municipalidad, lograron frustrar el robo a un local comercial de Poblaci\u00f3n San Antonio. La&#8230;<\/p>\n","protected":false},"author":482,"featured_media":50297,"comment_status":"open","ping_status":"closed","sticky":false,"template":"","format":"standard","meta":{"advanced_seo_description":"","jetpack_seo_html_title":"","jetpack_seo_noindex":false,"_jetpack_memberships_contains_paid_content":false,"footnotes":""},"categories":[21],"tags":[],"class_list":["post-50296","post","type-post","status-publish","format-standard","has-post-thumbnail","hentry","category-policial"],"jetpack_featured_media_url":"https:\/\/i0.wp.com\/eltrabajo.cl\/portal\/wp-content\/uploads\/2014\/08\/Pareja1.jpg?fit=529%2C358&ssl=1","jetpack_sharing_enabled":true,"jetpack_likes_enabled":true,"jetpack-related-posts":[],"_links":{"self":[{"href":"https:\/\/eltrabajo.cl\/portal\/wp-json\/wp\/v2\/posts\/50296","targetHints":{"allow":["GET"]}}],"collection":[{"href":"https:\/\/eltrabajo.cl\/portal\/wp-json\/wp\/v2\/posts"}],"about":[{"href":"https:\/\/eltrabajo.cl\/portal\/wp-json\/wp\/v2\/types\/post"}],"author":[{"embeddable":true,"href":"https:\/\/eltrabajo.cl\/portal\/wp-json\/wp\/v2\/users\/482"}],"replies":[{"embeddable":true,"href":"https:\/\/eltrabajo.cl\/portal\/wp-json\/wp\/v2\/comments?post=50296"}],"version-history":[{"count":0,"href":"https:\/\/eltrabajo.cl\/portal\/wp-json\/wp\/v2\/posts\/50296\/revisions"}],"wp:featuredmedia":[{"embeddable":true,"href":"https:\/\/eltrabajo.cl\/portal\/wp-json\/wp\/v2\/media\/50297"}],"wp:attachment":[{"href":"https:\/\/eltrabajo.cl\/portal\/wp-json\/wp\/v2\/media?parent=50296"}],"wp:term":[{"taxonomy":"category","embeddable":true,"href":"https:\/\/eltrabajo.cl\/portal\/wp-json\/wp\/v2\/categories?post=50296"},{"taxonomy":"post_tag","embeddable":true,"href":"https:\/\/eltrabajo.cl\/portal\/wp-json\/wp\/v2\/tags?post=50296"}],"curies":[{"name":"wp","href":"https:\/\/api.w.org\/{rel}","templated":true}]}}