{"id":50300,"date":"2014-08-25T10:13:09","date_gmt":"2014-08-25T14:13:09","guid":{"rendered":"http:\/\/www.eltrabajo.cl\/portal\/?p=50300"},"modified":"2014-08-25T10:13:09","modified_gmt":"2014-08-25T14:13:09","slug":"culpables-de-traficar-7-kilos-de-coca-fueron-dejados-en-libertad","status":"publish","type":"post","link":"https:\/\/eltrabajo.cl\/portal\/culpables-de-traficar-7-kilos-de-coca-fueron-dejados-en-libertad\/","title":{"rendered":"Culpables de traficar 7 kilos de coca fueron dejados en libertad"},"content":{"rendered":"<figure id=\"attachment_50301\" aria-describedby=\"caption-attachment-50301\" style=\"width: 317px\" class=\"wp-caption alignleft\"><a href=\"https:\/\/i0.wp.com\/www.eltrabajo.cl\/portal\/wp-content\/uploads\/2014\/08\/Fiscal-Palacios-2.jpg\"><img data-recalc-dims=\"1\" loading=\"lazy\" decoding=\"async\" class=\" wp-image-50301 \" alt=\"El Fiscal Julio Palacios elev\u00f3 la acusaci\u00f3n en contra de los imputados durante el juicio, que tras encontrarse en Prisi\u00f3n Preventiva, recuperaron su libertad en forma vigilada por cuatro a\u00f1os, tras el beneficio concedido por los jueces del Tribunal Oral en Lo Penal de San Felipe.\" src=\"https:\/\/i0.wp.com\/www.eltrabajo.cl\/portal\/wp-content\/uploads\/2014\/08\/Fiscal-Palacios-2.jpg?resize=317%2C241\" width=\"317\" height=\"241\" srcset=\"https:\/\/i0.wp.com\/eltrabajo.cl\/portal\/wp-content\/uploads\/2014\/08\/Fiscal-Palacios-2.jpg?w=529&amp;ssl=1 529w, https:\/\/i0.wp.com\/eltrabajo.cl\/portal\/wp-content\/uploads\/2014\/08\/Fiscal-Palacios-2.jpg?resize=197%2C150&amp;ssl=1 197w, https:\/\/i0.wp.com\/eltrabajo.cl\/portal\/wp-content\/uploads\/2014\/08\/Fiscal-Palacios-2.jpg?resize=300%2C227&amp;ssl=1 300w, https:\/\/i0.wp.com\/eltrabajo.cl\/portal\/wp-content\/uploads\/2014\/08\/Fiscal-Palacios-2.jpg?resize=150%2C113&amp;ssl=1 150w, https:\/\/i0.wp.com\/eltrabajo.cl\/portal\/wp-content\/uploads\/2014\/08\/Fiscal-Palacios-2.jpg?resize=400%2C303&amp;ssl=1 400w\" sizes=\"auto, (max-width: 317px) 100vw, 317px\" \/><\/a><figcaption id=\"caption-attachment-50301\" class=\"wp-caption-text\">El Fiscal Julio Palacios elev\u00f3 la acusaci\u00f3n en contra de los imputados durante el juicio, que tras encontrarse en Prisi\u00f3n Preventiva, recuperaron su libertad en forma vigilada por cuatro a\u00f1os, tras el beneficio concedido por los jueces del Tribunal Oral en Lo Penal de San Felipe.<\/figcaption><\/figure>\n<p>Las diligencias especializadas del personal de OS7 de Carabineros lograron establecer que Ernesto Antonio B. A. viaj\u00f3 desde San Felipe hacia la comuna de La Calera en su autom\u00f3vil Nissan de color rojo el pasado 8 de noviembre del 2013, con el objetivo de internar una gran cantidad de droga a la ciudad de San Felipe.<\/p>\n<p>A eso de las 20:00 horas los efectivos policiales realizaron un control vehicular frente al Ret\u00e9n de Panquehue, interceptando el veh\u00edculo en que se desplazaba el condenado, en cuyo interior manten\u00eda una caja de cart\u00f3n contenedora de 7 kilos de coca\u00edna base, la que ser\u00eda ingresada a un departamento de Villa El Totoral de San Felipe, mismo de propiedad de una mujer de iniciales A.I.E.L..<\/p>\n<p>Carabineros en forma vigilada dej\u00f3 que el hombre continuara con la entrega de la droga en dicho domicilio, por lo que la mujer fue detenida por recepcionar el alucin\u00f3geno y su participaci\u00f3n en el delito. Ambos fueron detenidos en esa fecha y formalizados por el il\u00edcito, quedando en Prisi\u00f3n Preventiva hasta la realizaci\u00f3n del juicio en el Tribunal Oral En Lo Penal de San Felipe.<\/p>\n<p>Pese a que el Fiscal Julio Palacios persegu\u00eda penas privativas de libertad, los jueces decidieron condenar a los sujetos otorg\u00e1ndoles el beneficio de Libertad Vigilada: \u00abAmbos acusados fueron condenados a cuatro a\u00f1os de presidio y doce Unidades Tributarias Mensuales, con el beneficio de libertad vigilada intensiva por carecer de antecedentes pret\u00e9ritos\u00bb, explic\u00f3 el persecutor.<\/p>\n<p>Pablo Salinas Sald\u00edas<\/p>\n","protected":false},"excerpt":{"rendered":"<p>Las diligencias especializadas del personal de OS7 de Carabineros lograron establecer que Ernesto Antonio B. A. viaj\u00f3 desde San Felipe hacia la comuna de La Calera en su autom\u00f3vil Nissan de color&#8230;<\/p>\n","protected":false},"author":482,"featured_media":50301,"comment_status":"open","ping_status":"closed","sticky":false,"template":"","format":"standard","meta":{"advanced_seo_description":"","jetpack_seo_html_title":"","jetpack_seo_noindex":false,"_jetpack_memberships_contains_paid_content":false,"footnotes":""},"categories":[21],"tags":[],"class_list":["post-50300","post","type-post","status-publish","format-standard","has-post-thumbnail","hentry","category-policial"],"jetpack_featured_media_url":"https:\/\/i0.wp.com\/eltrabajo.cl\/portal\/wp-content\/uploads\/2014\/08\/Fiscal-Palacios-2.jpg?fit=529%2C401&ssl=1","jetpack_sharing_enabled":true,"jetpack_likes_enabled":true,"jetpack-related-posts":[],"_links":{"self":[{"href":"https:\/\/eltrabajo.cl\/portal\/wp-json\/wp\/v2\/posts\/50300","targetHints":{"allow":["GET"]}}],"collection":[{"href":"https:\/\/eltrabajo.cl\/portal\/wp-json\/wp\/v2\/posts"}],"about":[{"href":"https:\/\/eltrabajo.cl\/portal\/wp-json\/wp\/v2\/types\/post"}],"author":[{"embeddable":true,"href":"https:\/\/eltrabajo.cl\/portal\/wp-json\/wp\/v2\/users\/482"}],"replies":[{"embeddable":true,"href":"https:\/\/eltrabajo.cl\/portal\/wp-json\/wp\/v2\/comments?post=50300"}],"version-history":[{"count":0,"href":"https:\/\/eltrabajo.cl\/portal\/wp-json\/wp\/v2\/posts\/50300\/revisions"}],"wp:featuredmedia":[{"embeddable":true,"href":"https:\/\/eltrabajo.cl\/portal\/wp-json\/wp\/v2\/media\/50301"}],"wp:attachment":[{"href":"https:\/\/eltrabajo.cl\/portal\/wp-json\/wp\/v2\/media?parent=50300"}],"wp:term":[{"taxonomy":"category","embeddable":true,"href":"https:\/\/eltrabajo.cl\/portal\/wp-json\/wp\/v2\/categories?post=50300"},{"taxonomy":"post_tag","embeddable":true,"href":"https:\/\/eltrabajo.cl\/portal\/wp-json\/wp\/v2\/tags?post=50300"}],"curies":[{"name":"wp","href":"https:\/\/api.w.org\/{rel}","templated":true}]}}