{"id":50313,"date":"2014-08-26T09:16:33","date_gmt":"2014-08-26T13:16:33","guid":{"rendered":"http:\/\/www.eltrabajo.cl\/portal\/?p=50313"},"modified":"2014-08-26T09:18:29","modified_gmt":"2014-08-26T13:18:29","slug":"buscan-coordinar-iniciativa-de-derechos-humanos-en-las-coimas","status":"publish","type":"post","link":"https:\/\/eltrabajo.cl\/portal\/buscan-coordinar-iniciativa-de-derechos-humanos-en-las-coimas\/","title":{"rendered":"Buscan coordinar iniciativa de Derechos Humanos en Las Coimas"},"content":{"rendered":"<figure id=\"attachment_50314\" aria-describedby=\"caption-attachment-50314\" style=\"width: 529px\" class=\"wp-caption alignnone\"><a href=\"https:\/\/i0.wp.com\/www.eltrabajo.cl\/portal\/wp-content\/uploads\/2014\/08\/Encuentro1.jpg\"><img data-recalc-dims=\"1\" loading=\"lazy\" decoding=\"async\" class=\"size-full wp-image-50314\" alt=\"La finalidad es incluir a Putaendo dentro de una ruta de derechos humanos a ra\u00edz del fusilamiento de seis militantes del Partido Comunista, ocurrido el 11 de octubre de 1973. \" src=\"https:\/\/i0.wp.com\/www.eltrabajo.cl\/portal\/wp-content\/uploads\/2014\/08\/Encuentro1.jpg?resize=529%2C358\" width=\"529\" height=\"358\" srcset=\"https:\/\/i0.wp.com\/eltrabajo.cl\/portal\/wp-content\/uploads\/2014\/08\/Encuentro1.jpg?w=529&amp;ssl=1 529w, https:\/\/i0.wp.com\/eltrabajo.cl\/portal\/wp-content\/uploads\/2014\/08\/Encuentro1.jpg?resize=200%2C135&amp;ssl=1 200w, https:\/\/i0.wp.com\/eltrabajo.cl\/portal\/wp-content\/uploads\/2014\/08\/Encuentro1.jpg?resize=300%2C203&amp;ssl=1 300w, https:\/\/i0.wp.com\/eltrabajo.cl\/portal\/wp-content\/uploads\/2014\/08\/Encuentro1.jpg?resize=150%2C101&amp;ssl=1 150w, https:\/\/i0.wp.com\/eltrabajo.cl\/portal\/wp-content\/uploads\/2014\/08\/Encuentro1.jpg?resize=400%2C270&amp;ssl=1 400w\" sizes=\"auto, (max-width: 529px) 100vw, 529px\" \/><\/a><figcaption id=\"caption-attachment-50314\" class=\"wp-caption-text\">La finalidad es incluir a Putaendo dentro de una ruta de derechos humanos a ra\u00edz del fusilamiento de seis militantes del Partido Comunista, ocurrido el 11 de octubre de 1973.<\/figcaption><\/figure>\n<p><strong>PUTAENDO<\/strong>.- Una importante reuni\u00f3n se desarroll\u00f3 este domingo entre diferentes entidades para realizar coordinaciones, esto con la finalidad de incluir a Putaendo dentro de una ruta de derechos humanos a ra\u00edz del fusilamiento de seis militantes del Partido Comunista, ocurrido el 11 de octubre de 1973.<\/p>\n<p>A la reuni\u00f3n asisti\u00f3 la Gobernadora de Los Andes, Mar\u00eda Victoria Rodr\u00edguez; representantes de la Comisi\u00f3n Regional de Derechos Humanos Valpara\u00edso; el Frente de Protecci\u00f3n del Patrimonio, integrantes de la Universidad de Playa Ancha; representantes de la Seremi de Cultura, N\u00e9lida Pozo; los concejales Carlos Gallardo de Putaendo y Ricardo Covarrubias de San Felipe y adem\u00e1s dirigentes del Comit\u00e9 Regional del Partido Comunista, acompa\u00f1ados por dirigentes locales de la colectividad.<\/p>\n<p>Los integrantes de la Upla, de la Seremi de Cultura y de la Comisi\u00f3n Regional de Derechos Humanos, ven\u00edan viajando desde Playa La Ballena, lugar donde se pretende construir un memorial a los detenidos desaparecidos y en recuerdo de Marta Ugarte, luego llegaron hasta Cabildo donde se construir\u00e1 otro memorial en recuerdo de los ejecutados de Las Coimas, que eran oriundos de esa ciudad y finalmente llegaron hasta Putaendo donde se pretende levantar otro memorial en Las Coimas. La idea, seg\u00fan plantearon, es crear una ruta de la memoria, en base a identificar los sitios donde ocurrieron cr\u00edmenes durante la dictadura y que puedan ser visitados desde diferentes zonas del pa\u00eds.<\/p>\n<p>Al finalizar la visita, Alicia Z\u00fa\u00f1iga, Presidente de la Comisi\u00f3n de Derechos Humanos V Regi\u00f3n, indic\u00f3 que esta Ruta de la Memoria que est\u00e1n trabajando ha tenido una buena acogida en diversas instituciones y adem\u00e1s sostuvo que tiene que ver con poner en valor y re-significar aquellos sitios donde muri\u00f3 gente asesinada durante la dictadura en hechos que muchas veces la comunidad no conoce, como el caso de Las Coimas, \u201cpara nosotros es muy significativo que esto se est\u00e9 dando, porque quiere decir que la comunidad est\u00e1 participando precisamente para recuperar la memoria y la identidad\u201d.<\/p>\n<p>Por su parte la Gobernadora Mar\u00eda Victoria Rodr\u00edguez, se\u00f1al\u00f3 que es muy doloroso recordar aquel episodio en el que seis personas fueron asesinadas por el s\u00f3lo hecho de pensar distinto y que solamente en la memoria de las personas se mantiene el recuerdo, por lo que asegur\u00f3 que es muy importante para las generaciones futuras, \u201cque nosotros podamos transmitir esta experiencia, no por el odio ni el rencor, sino que por la convicci\u00f3n de que nunca m\u00e1s en Chile debieran ocurrir este tipo de hechos. En este dolor se transmite lo que ellos vivieron y eso te afecta y te conmueve y por eso tenemos que trabajar juntos para primero crear ac\u00e1 alg\u00fan monolito o monumento, que m\u00e1s que el valor art\u00edstico, signifique para las futuras generaciones saber que aqu\u00ed en alg\u00fan momento en Chile, por el s\u00f3lo hecho de pensar distinto seis personas fueron acribilladas de la peor forma\u201d, puntualiz\u00f3 Rodr\u00edguez.<\/p>\n<p>Finalmente el Presidente del Frente de Protecci\u00f3n del Patrimonio, Joaqu\u00edn Gallardo, indic\u00f3 que como agrupaci\u00f3n el lunes de la semana pasada postularon a un fondo del Instituto Nacional de Derechos Humanos y la Uni\u00f3n Europea para generar una investigaci\u00f3n desde el punto de vista de los informes y testimonios para generar un proceso de conciencia colectivo sobre el valor de los derechos humanos en Chile y tambi\u00e9n crear un proceso de conocimiento colectivo sobre lo ocurrido en Las Coimas en octubre de 1973 y plasmarlo en un libro o un documental y que esto a su vez sea un elemento constitutivo para la concreci\u00f3n de un espacio de memoria o memorial en Las Coimas. Tambi\u00e9n el dirigente destac\u00f3 el apoyo de los gobernadores Eduardo Le\u00f3n y Mar\u00eda Victoria Rodr\u00edguez y el liderazgo de la Antrop\u00f3loga Social Leda Chopitea, profesional a cargo de este proyecto. Finalmente las partes participantes sostendr\u00e1n una reuni\u00f3n a mediados de septiembre, y tambi\u00e9n el Frente de Protecci\u00f3n del Patrimonio anunci\u00f3 que realizar\u00e1n un acto conmemorativo el 11 de octubre con motivo de cumplirse 41 a\u00f1os de este crimen.<\/p>\n<p>Patricio Gallardo M.<\/p>\n<p>&nbsp;<\/p>\n","protected":false},"excerpt":{"rendered":"<p>PUTAENDO.- Una importante reuni\u00f3n se desarroll\u00f3 este domingo entre diferentes entidades para realizar coordinaciones, esto con la finalidad de incluir a Putaendo dentro de una ruta de derechos humanos a ra\u00edz del&#8230;<\/p>\n","protected":false},"author":482,"featured_media":50314,"comment_status":"open","ping_status":"closed","sticky":false,"template":"","format":"standard","meta":{"advanced_seo_description":"","jetpack_seo_html_title":"","jetpack_seo_noindex":false,"_jetpack_memberships_contains_paid_content":false,"footnotes":""},"categories":[15],"tags":[],"class_list":["post-50313","post","type-post","status-publish","format-standard","has-post-thumbnail","hentry","category-comunidad"],"jetpack_featured_media_url":"https:\/\/i0.wp.com\/eltrabajo.cl\/portal\/wp-content\/uploads\/2014\/08\/Encuentro1.jpg?fit=529%2C358&ssl=1","jetpack_sharing_enabled":true,"jetpack_likes_enabled":true,"jetpack-related-posts":[],"_links":{"self":[{"href":"https:\/\/eltrabajo.cl\/portal\/wp-json\/wp\/v2\/posts\/50313","targetHints":{"allow":["GET"]}}],"collection":[{"href":"https:\/\/eltrabajo.cl\/portal\/wp-json\/wp\/v2\/posts"}],"about":[{"href":"https:\/\/eltrabajo.cl\/portal\/wp-json\/wp\/v2\/types\/post"}],"author":[{"embeddable":true,"href":"https:\/\/eltrabajo.cl\/portal\/wp-json\/wp\/v2\/users\/482"}],"replies":[{"embeddable":true,"href":"https:\/\/eltrabajo.cl\/portal\/wp-json\/wp\/v2\/comments?post=50313"}],"version-history":[{"count":0,"href":"https:\/\/eltrabajo.cl\/portal\/wp-json\/wp\/v2\/posts\/50313\/revisions"}],"wp:featuredmedia":[{"embeddable":true,"href":"https:\/\/eltrabajo.cl\/portal\/wp-json\/wp\/v2\/media\/50314"}],"wp:attachment":[{"href":"https:\/\/eltrabajo.cl\/portal\/wp-json\/wp\/v2\/media?parent=50313"}],"wp:term":[{"taxonomy":"category","embeddable":true,"href":"https:\/\/eltrabajo.cl\/portal\/wp-json\/wp\/v2\/categories?post=50313"},{"taxonomy":"post_tag","embeddable":true,"href":"https:\/\/eltrabajo.cl\/portal\/wp-json\/wp\/v2\/tags?post=50313"}],"curies":[{"name":"wp","href":"https:\/\/api.w.org\/{rel}","templated":true}]}}