{"id":50319,"date":"2014-08-26T09:19:18","date_gmt":"2014-08-26T13:19:18","guid":{"rendered":"http:\/\/www.eltrabajo.cl\/portal\/?p=50319"},"modified":"2014-08-26T09:19:18","modified_gmt":"2014-08-26T13:19:18","slug":"municipio-entrega-ayuda-a-familia-de-poblacion-pedro-de-valdivia","status":"publish","type":"post","link":"https:\/\/eltrabajo.cl\/portal\/municipio-entrega-ayuda-a-familia-de-poblacion-pedro-de-valdivia\/","title":{"rendered":"Municipio entrega ayuda a familia de Poblaci\u00f3n Pedro de Valdivia"},"content":{"rendered":"<figure id=\"attachment_50320\" aria-describedby=\"caption-attachment-50320\" style=\"width: 529px\" class=\"wp-caption alignnone\"><a href=\"https:\/\/i0.wp.com\/www.eltrabajo.cl\/portal\/wp-content\/uploads\/2014\/08\/Ayuda1.jpg\"><img data-recalc-dims=\"1\" loading=\"lazy\" decoding=\"async\" class=\"size-full wp-image-50320\" alt=\"Alejandra Zamora agradeci\u00f3 la ayuda que le entreg\u00f3 la municipalidad de San Felipe, que permitir\u00e1 contribuir en parte a los problemas de habitabilidad que enfrentaba.\" src=\"https:\/\/i0.wp.com\/www.eltrabajo.cl\/portal\/wp-content\/uploads\/2014\/08\/Ayuda1.jpg?resize=529%2C399\" width=\"529\" height=\"399\" srcset=\"https:\/\/i0.wp.com\/eltrabajo.cl\/portal\/wp-content\/uploads\/2014\/08\/Ayuda1.jpg?w=529&amp;ssl=1 529w, https:\/\/i0.wp.com\/eltrabajo.cl\/portal\/wp-content\/uploads\/2014\/08\/Ayuda1.jpg?resize=200%2C150&amp;ssl=1 200w, https:\/\/i0.wp.com\/eltrabajo.cl\/portal\/wp-content\/uploads\/2014\/08\/Ayuda1.jpg?resize=300%2C226&amp;ssl=1 300w, https:\/\/i0.wp.com\/eltrabajo.cl\/portal\/wp-content\/uploads\/2014\/08\/Ayuda1.jpg?resize=150%2C113&amp;ssl=1 150w, https:\/\/i0.wp.com\/eltrabajo.cl\/portal\/wp-content\/uploads\/2014\/08\/Ayuda1.jpg?resize=400%2C301&amp;ssl=1 400w\" sizes=\"auto, (max-width: 529px) 100vw, 529px\" \/><\/a><figcaption id=\"caption-attachment-50320\" class=\"wp-caption-text\">Alejandra Zamora agradeci\u00f3 la ayuda que le entreg\u00f3 la municipalidad de San Felipe, que permitir\u00e1 contribuir en parte a los problemas de habitabilidad que enfrentaba.<\/figcaption><\/figure>\n<p>Como una manera de resolver en principio el problema de hacinamiento que enfrentaban, se les entreg\u00f3 un camarote, aun cuando la instrucci\u00f3n del Alcalde Patricio Freire es seguir apoy\u00e1ndoles, para que puedan optar a un subsidio y ampliar su vivienda.<\/p>\n<p>Hasta Poblaci\u00f3n Pedro de Valdivia lleg\u00f3 el equipo social dependiente de la Direcci\u00f3n de Desarrollo Comunitario de la Municipalidad de San Felipe, para entregar a la vecina Alejandra Zamora, ayuda consistente en un camarote completamente equipado, a fin de resolver las necesidades de habitabilidad que presenta la familia de esta pobladora.<\/p>\n<p>Alejandra Zamora tiene tres hijos, de cuatro, seis y nueve a\u00f1os de edad, pero adem\u00e1s debi\u00f3 hacerse cargo del cuidado de dos sobrinos de diez y trece a\u00f1os, no obstante su vivienda consta de apenas dos dormitorios, por lo que enfrentaba grandes dificultades para que todos pudieran estar c\u00f3modos, sobre todo al dormir. A ra\u00edz de esta situaci\u00f3n y luego de evaluar exhaustivamente la situaci\u00f3n de esta familia, el Departamento Social de la Municipalidad de San Felipe, que dirige la Asistente Social Maricel Maldonado, resolvi\u00f3 acudir en ayuda de esta familia, entreg\u00e1ndole un camarote, que resuelve en parte esta necesidad primaria que presentan.<\/p>\n<p>\u201cEstamos hablando de una familia numerosa, con un jefe de hogar que est\u00e1 trabajando, pero que ha debido asumir el cuidado de dos sobrinos. Ellos viven en una vivienda de la Poblaci\u00f3n Pedro de Valdivia, que consta de dos dormitorios y entonces enfrentan una situaci\u00f3n de hacinamiento, por lo que el Departamento Social, luego de evaluar la situaci\u00f3n de esta familia, resolvi\u00f3 ir en su ayuda\u201d, coment\u00f3 Maricel Maldonado.<\/p>\n<p>La profesional destac\u00f3 que est\u00e1 dentro de la pol\u00edtica municipal que encabeza el Alcalde Patricio Freire, apoyar a aquellas familias que necesitan de apoyo para contribuir a una mejor calidad de vida, enfatizando que para la entrega de este tipo de beneficios, la municipalidad a trav\u00e9s del \u00e1rea social, eval\u00faa la situaci\u00f3n del postulante, cruzando informaci\u00f3n por ejemplo, de la Ficha de Protecci\u00f3n Social. Destac\u00f3 que el apoyo a la familia de Alejandra Zamora no termina con la entrega de este elemento tan b\u00e1sico como es un camarote, sino que contin\u00faa, ya que se espera apoyarla para que pueda postular a un subsidio habitacional que le permita ampliar su vivienda y as\u00ed contar con mejores condiciones de habitabilidad de esta familia.<\/p>\n","protected":false},"excerpt":{"rendered":"<p>Como una manera de resolver en principio el problema de hacinamiento que enfrentaban, se les entreg\u00f3 un camarote, aun cuando la instrucci\u00f3n del Alcalde Patricio Freire es seguir apoy\u00e1ndoles, para que puedan&#8230;<\/p>\n","protected":false},"author":482,"featured_media":50320,"comment_status":"open","ping_status":"closed","sticky":false,"template":"","format":"standard","meta":{"advanced_seo_description":"","jetpack_seo_html_title":"","jetpack_seo_noindex":false,"_jetpack_memberships_contains_paid_content":false,"footnotes":""},"categories":[15],"tags":[],"class_list":["post-50319","post","type-post","status-publish","format-standard","has-post-thumbnail","hentry","category-comunidad"],"jetpack_featured_media_url":"https:\/\/i0.wp.com\/eltrabajo.cl\/portal\/wp-content\/uploads\/2014\/08\/Ayuda1.jpg?fit=529%2C399&ssl=1","jetpack_sharing_enabled":true,"jetpack_likes_enabled":true,"jetpack-related-posts":[],"_links":{"self":[{"href":"https:\/\/eltrabajo.cl\/portal\/wp-json\/wp\/v2\/posts\/50319","targetHints":{"allow":["GET"]}}],"collection":[{"href":"https:\/\/eltrabajo.cl\/portal\/wp-json\/wp\/v2\/posts"}],"about":[{"href":"https:\/\/eltrabajo.cl\/portal\/wp-json\/wp\/v2\/types\/post"}],"author":[{"embeddable":true,"href":"https:\/\/eltrabajo.cl\/portal\/wp-json\/wp\/v2\/users\/482"}],"replies":[{"embeddable":true,"href":"https:\/\/eltrabajo.cl\/portal\/wp-json\/wp\/v2\/comments?post=50319"}],"version-history":[{"count":0,"href":"https:\/\/eltrabajo.cl\/portal\/wp-json\/wp\/v2\/posts\/50319\/revisions"}],"wp:featuredmedia":[{"embeddable":true,"href":"https:\/\/eltrabajo.cl\/portal\/wp-json\/wp\/v2\/media\/50320"}],"wp:attachment":[{"href":"https:\/\/eltrabajo.cl\/portal\/wp-json\/wp\/v2\/media?parent=50319"}],"wp:term":[{"taxonomy":"category","embeddable":true,"href":"https:\/\/eltrabajo.cl\/portal\/wp-json\/wp\/v2\/categories?post=50319"},{"taxonomy":"post_tag","embeddable":true,"href":"https:\/\/eltrabajo.cl\/portal\/wp-json\/wp\/v2\/tags?post=50319"}],"curies":[{"name":"wp","href":"https:\/\/api.w.org\/{rel}","templated":true}]}}