{"id":50323,"date":"2014-08-26T09:22:43","date_gmt":"2014-08-26T13:22:43","guid":{"rendered":"http:\/\/www.eltrabajo.cl\/portal\/?p=50323"},"modified":"2014-08-26T09:22:43","modified_gmt":"2014-08-26T13:22:43","slug":"escuela-bernardo-o%c2%b4higgins-riquelme-celebro-sus-124-anos","status":"publish","type":"post","link":"https:\/\/eltrabajo.cl\/portal\/escuela-bernardo-o%c2%b4higgins-riquelme-celebro-sus-124-anos\/","title":{"rendered":"Escuela Bernardo O\u00b4Higgins Riquelme celebr\u00f3 sus 124 a\u00f1os"},"content":{"rendered":"<figure id=\"attachment_50324\" aria-describedby=\"caption-attachment-50324\" style=\"width: 528px\" class=\"wp-caption alignnone\"><a href=\"https:\/\/i0.wp.com\/www.eltrabajo.cl\/portal\/wp-content\/uploads\/2014\/08\/Danza1.jpg\"><img data-recalc-dims=\"1\" loading=\"lazy\" decoding=\"async\" class=\"size-full wp-image-50324\" alt=\"PRINCESITAS.- Las m\u00e1s peque\u00f1itas del Taller danza folcl\u00f3rica, a cargo de la docente Andrea Ayala, hicieron de las suyas en esta jornada de aniversario de la Escuela Bernardo O\u00b4Higgins Riquelme.\" src=\"https:\/\/i0.wp.com\/www.eltrabajo.cl\/portal\/wp-content\/uploads\/2014\/08\/Danza1.jpg?resize=528%2C370\" width=\"528\" height=\"370\" srcset=\"https:\/\/i0.wp.com\/eltrabajo.cl\/portal\/wp-content\/uploads\/2014\/08\/Danza1.jpg?w=528&amp;ssl=1 528w, https:\/\/i0.wp.com\/eltrabajo.cl\/portal\/wp-content\/uploads\/2014\/08\/Danza1.jpg?resize=200%2C140&amp;ssl=1 200w, https:\/\/i0.wp.com\/eltrabajo.cl\/portal\/wp-content\/uploads\/2014\/08\/Danza1.jpg?resize=300%2C210&amp;ssl=1 300w, https:\/\/i0.wp.com\/eltrabajo.cl\/portal\/wp-content\/uploads\/2014\/08\/Danza1.jpg?resize=150%2C105&amp;ssl=1 150w, https:\/\/i0.wp.com\/eltrabajo.cl\/portal\/wp-content\/uploads\/2014\/08\/Danza1.jpg?resize=400%2C280&amp;ssl=1 400w\" sizes=\"auto, (max-width: 528px) 100vw, 528px\" \/><\/a><figcaption id=\"caption-attachment-50324\" class=\"wp-caption-text\">PRINCESITAS.- Las m\u00e1s peque\u00f1itas del Taller danza folcl\u00f3rica, a cargo de la docente Andrea Ayala, hicieron de las suyas en esta jornada de aniversario de la Escuela Bernardo O\u00b4Higgins Riquelme.<\/figcaption><\/figure>\n<p>Este 20 de agosto, la Escuela Bernardo O\u00b4Higgins Riquelme estuvo de cumplea\u00f1os, celebr\u00f3 su 124\u00b0 aniversario, cumpliendo una labor educativa permanente. Durante estos \u00faltimos a\u00f1os el compromiso de la escuela ha resuelto la educaci\u00f3n de innumerables generaciones de estudiantes, hoy ex-alumnos que colaboran en el desarrollo de Aconcagua.<\/p>\n<p><strong>\u00a0PEQUE\u00d1A RESE\u00d1A<\/strong><\/p>\n<p>La escuela nace en 1890 como Escuela Elemental, luego en 1893 se crea la Escuela Superior de ni\u00f1os N\u00ba1, ubicada en Freire esquina Toro Mazote. Ya en ese entonces se le conoc\u00eda como \u2018Escuelas Balmaceda\u2019, por su imponente presencia, salas amplias, grandes ventanales y corredores interiores. En 1974 la escuela sufre un incendio y se traslada a su actual ubicaci\u00f3n en Hermanos Carrera, en Poblaci\u00f3n Jos\u00e9 Manso de Velasco y se le denomina Escuela E-58. El 2005 se inauguran las nuevas dependencias, con un edificio de dos pisos en su frontis y la convierte en una hermosa escuela, con una infraestructura digna para los tiempos que corren. Desde entonces toma el nombre de nuestro m\u00e1ximo procer.<\/p>\n<p><strong>\u00a0A SOLAS CON\u00a0EL DIRECTOR<\/strong><\/p>\n<p>\u00abEn la actualidad, la escuela tiene por filosof\u00eda institucional, ser una comunidad que trabaja con virtudes y m\u00e9ritos por el engrandecimiento de la patria, sirviendo con cari\u00f1o y afecto a cada uno de sus hijos, en un ambiente emocional sano, educando en valores, disciplina, capacidades y saberes.<\/p>\n<p>Nuestra misi\u00f3n como escuela es educar en el saber y en el hacer, para servir a la comunidad con un sentido de superaci\u00f3n y el deber cumplido, teniendo como modelo a un gran patriota\u00bb, coment\u00f3 Sebasti\u00e1n Candia, Director Escuela Bernardo O\u00b4Higgins a Diario El Trabajo.<\/p>\n<p>Seg\u00fan Candia, \u00abnuestra visi\u00f3n es mirar el futuro tranquilos, con esperanzas, promoviendo la rectitud de conducta y transformar la sociedad con la participaci\u00f3n de todos, son los detalles, los que hacen las verdaderas diferencias entre escuelas, y nosotros nos hemos propuesto romper los paradigmas educativos existentes: dentro del aula, en el curriculum, en disciplina, en relaciones humanas, promoviendo una buena autoestima del estudiante, la motivaci\u00f3n hacia los estudios y la buena convivencia, evitando adem\u00e1s la perdida de la autonom\u00eda docente, la sobrecarga laboral y la p\u00e9rdida del sentido laboral\u00bb, agreg\u00f3 el jefe escolar.<\/p>\n<p>\u00abNuestra red de apoyo es amplia pero insuficiente, son muchas las carencias, muchos los lastres que aquejan a nuestras familias y por supuesto que afectan directamente el rendimiento acad\u00e9mico y conductual. Trabajamos con programas como Habilidades para la vida; Barrio en paz; Proyecto de Integraci\u00f3n Escolar (PIE); Proyecto de Intervenci\u00f3n Especializada; Departamento psicosocial del Daem, Senda, OPD y Cesfam. Este a\u00f1o hemos ofrecido talleres deportivos, canto, baile entretenido, Taekwondo, ajedrez, musicoterapia, yoga y conversaci\u00f3n en ingl\u00e9s. Hemos inaugurado adem\u00e1s una sala tem\u00e1tica de artes y otra de ciencias\u00bb, coment\u00f3 finalmente Candia.<\/p>\n<p>Esta escuela ha recibido en estos \u00faltimos a\u00f1os en integraci\u00f3n e inclusividad, en convivencia y en relaciones humanas, hemos madurado en este siglo y queremos seguir siendo una alternativa educativa viva, hermosa y resplandeciente para nuestro valle de Aconcagua. Quienes laboramos en Diario El Trabajo hoy queremos expresar nuestro saludo cordial a esta comunidad educativa sanfelipe\u00f1a, dese\u00e1ndole un feliz aniversario a todos los ex-directores, ex-profesores y ex-alumnos de esta gran familia, as\u00ed como a la sangre misma de la escuela\u2026sus estudiantes actuales.<\/p>\n<p>Roberto Gonz\u00e1lez Short<\/p>\n<p>rgonzalez@eltrabajo.cl<\/p>\n<div class=\"tiled-gallery type-rectangular tiled-gallery-unresized\" data-original-width=\"640\" data-carousel-extra='null' itemscope itemtype=\"http:\/\/schema.org\/ImageGallery\" > <div class=\"gallery-row\" style=\"width: 640px; height: 348px;\" data-original-width=\"640\" data-original-height=\"348\" > <div class=\"gallery-group images-1\" style=\"width: 445px; height: 348px;\" data-original-width=\"445\" data-original-height=\"348\" > <div class=\"tiled-gallery-item tiled-gallery-item-large\" itemprop=\"associatedMedia\" itemscope itemtype=\"http:\/\/schema.org\/ImageObject\"> <a href=\"https:\/\/eltrabajo.cl\/portal\/escuela-bernardo-o%c2%b4higgins-riquelme-celebro-sus-124-anos\/ingles1\/\" border=\"0\" itemprop=\"url\"> <meta itemprop=\"width\" content=\"441\"> <meta itemprop=\"height\" content=\"344\"> <img decoding=\"async\" class=\"\" data-attachment-id=\"50325\" data-orig-file=\"https:\/\/eltrabajo.cl\/portal\/wp-content\/uploads\/2014\/08\/Ingles1.jpg\" data-orig-size=\"529,413\" data-comments-opened=\"1\" data-image-meta=\"{&quot;aperture&quot;:&quot;0&quot;,&quot;credit&quot;:&quot;&quot;,&quot;camera&quot;:&quot;&quot;,&quot;caption&quot;:&quot;&quot;,&quot;created_timestamp&quot;:&quot;0&quot;,&quot;copyright&quot;:&quot;&quot;,&quot;focal_length&quot;:&quot;0&quot;,&quot;iso&quot;:&quot;0&quot;,&quot;shutter_speed&quot;:&quot;0&quot;,&quot;title&quot;:&quot;&quot;}\" data-image-title=\"Ingles1\" data-image-description=\"&lt;p&gt;BILING\u00dcES.- Ellos recibieron su parte en la premiaci\u00f3n al Taller de Ingl\u00e9s: Sebasti\u00e1n Candia, Director Daem Iv\u00e1n Silva, Profesor de Ingl\u00e9s Carlos Gonz\u00e1lez, Alumnos David Monsalve y Diego Sandoval. &lt;\/p&gt; \" data-medium-file=\"https:\/\/i0.wp.com\/eltrabajo.cl\/portal\/wp-content\/uploads\/2014\/08\/Ingles1.jpg?fit=300%2C234&#038;ssl=1\" data-large-file=\"https:\/\/i0.wp.com\/eltrabajo.cl\/portal\/wp-content\/uploads\/2014\/08\/Ingles1.jpg?fit=529%2C413&#038;ssl=1\" src=\"https:\/\/i0.wp.com\/eltrabajo.cl\/portal\/wp-content\/uploads\/2014\/08\/Ingles1.jpg?w=441&#038;h=344&#038;ssl=1\" srcset=\"https:\/\/i0.wp.com\/eltrabajo.cl\/portal\/wp-content\/uploads\/2014\/08\/Ingles1.jpg?w=529&amp;ssl=1 529w, https:\/\/i0.wp.com\/eltrabajo.cl\/portal\/wp-content\/uploads\/2014\/08\/Ingles1.jpg?resize=192%2C150&amp;ssl=1 192w, https:\/\/i0.wp.com\/eltrabajo.cl\/portal\/wp-content\/uploads\/2014\/08\/Ingles1.jpg?resize=300%2C234&amp;ssl=1 300w, https:\/\/i0.wp.com\/eltrabajo.cl\/portal\/wp-content\/uploads\/2014\/08\/Ingles1.jpg?resize=150%2C117&amp;ssl=1 150w, https:\/\/i0.wp.com\/eltrabajo.cl\/portal\/wp-content\/uploads\/2014\/08\/Ingles1.jpg?resize=400%2C312&amp;ssl=1 400w\" width=\"441\" height=\"344\" loading=\"lazy\" data-original-width=\"441\" data-original-height=\"344\" itemprop=\"http:\/\/schema.org\/image\" title=\"Ingles1\" alt=\"BILING\u00dcES.- Ellos recibieron su parte en la premiaci\u00f3n al Taller de Ingl\u00e9s: Sebasti\u00e1n Candia, Director Daem Iv\u00e1n Silva, Profesor de Ingl\u00e9s Carlos Gonz\u00e1lez, Alumnos David Monsalve y Diego Sandoval.\" style=\"width: 441px; height: 344px;\" \/> <\/a> <div class=\"tiled-gallery-caption\" itemprop=\"caption description\"> BILING\u00dcES.- Ellos recibieron su parte en la premiaci\u00f3n al Taller de Ingl\u00e9s: Sebasti\u00e1n Candia, Director Daem Iv\u00e1n Silva, Profesor de Ingl\u00e9s Carlos Gonz\u00e1lez, Alumnos David Monsalve y Diego Sandoval. <\/div> <\/div> <\/div> <!-- close group --> <div class=\"gallery-group images-2\" style=\"width: 195px; height: 348px;\" data-original-width=\"195\" data-original-height=\"348\" > <div class=\"tiled-gallery-item tiled-gallery-item-small\" itemprop=\"associatedMedia\" itemscope itemtype=\"http:\/\/schema.org\/ImageObject\"> <a href=\"https:\/\/eltrabajo.cl\/portal\/escuela-bernardo-o%c2%b4higgins-riquelme-celebro-sus-124-anos\/olympus-digital-camera-19\/\" border=\"0\" itemprop=\"url\"> <meta itemprop=\"width\" content=\"191\"> <meta itemprop=\"height\" content=\"195\"> <img decoding=\"async\" class=\"\" data-attachment-id=\"50327\" data-orig-file=\"https:\/\/eltrabajo.cl\/portal\/wp-content\/uploads\/2014\/08\/Sebastian-Baez.jpg\" data-orig-size=\"529,538\" data-comments-opened=\"1\" data-image-meta=\"{&quot;aperture&quot;:&quot;0&quot;,&quot;credit&quot;:&quot;&quot;,&quot;camera&quot;:&quot;&quot;,&quot;caption&quot;:&quot;&quot;,&quot;created_timestamp&quot;:&quot;0&quot;,&quot;copyright&quot;:&quot;&quot;,&quot;focal_length&quot;:&quot;0&quot;,&quot;iso&quot;:&quot;0&quot;,&quot;shutter_speed&quot;:&quot;0&quot;,&quot;title&quot;:&quot;OLYMPUS DIGITAL CAMERA&quot;}\" data-image-title=\"OLYMPUS DIGITAL CAMERA\" data-image-description=\"&lt;p&gt;MUY APLICADO.- Sebasti\u00e1n B\u00e1ez sigue aprendiendo todo lo que puede sobre nuestro pa\u00eds y los mapas en los que debe estudiar.&lt;\/p&gt; \" data-medium-file=\"https:\/\/i0.wp.com\/eltrabajo.cl\/portal\/wp-content\/uploads\/2014\/08\/Sebastian-Baez.jpg?fit=294%2C300&#038;ssl=1\" data-large-file=\"https:\/\/i0.wp.com\/eltrabajo.cl\/portal\/wp-content\/uploads\/2014\/08\/Sebastian-Baez.jpg?fit=529%2C538&#038;ssl=1\" src=\"https:\/\/i0.wp.com\/eltrabajo.cl\/portal\/wp-content\/uploads\/2014\/08\/Sebastian-Baez.jpg?w=191&#038;h=195&#038;ssl=1\" srcset=\"https:\/\/i0.wp.com\/eltrabajo.cl\/portal\/wp-content\/uploads\/2014\/08\/Sebastian-Baez.jpg?w=529&amp;ssl=1 529w, https:\/\/i0.wp.com\/eltrabajo.cl\/portal\/wp-content\/uploads\/2014\/08\/Sebastian-Baez.jpg?resize=147%2C150&amp;ssl=1 147w, https:\/\/i0.wp.com\/eltrabajo.cl\/portal\/wp-content\/uploads\/2014\/08\/Sebastian-Baez.jpg?resize=294%2C300&amp;ssl=1 294w, https:\/\/i0.wp.com\/eltrabajo.cl\/portal\/wp-content\/uploads\/2014\/08\/Sebastian-Baez.jpg?resize=400%2C406&amp;ssl=1 400w\" width=\"191\" height=\"195\" loading=\"lazy\" data-original-width=\"191\" data-original-height=\"195\" itemprop=\"http:\/\/schema.org\/image\" title=\"OLYMPUS DIGITAL CAMERA\" alt=\"MUY APLICADO.- Sebasti\u00e1n B\u00e1ez sigue aprendiendo todo lo que puede sobre nuestro pa\u00eds y los mapas en los que debe estudiar.\" style=\"width: 191px; height: 195px;\" \/> <\/a> <div class=\"tiled-gallery-caption\" itemprop=\"caption description\"> MUY APLICADO.- Sebasti\u00e1n B\u00e1ez sigue aprendiendo todo lo que puede sobre nuestro pa\u00eds y los mapas en los que debe estudiar. <\/div> <\/div> <div class=\"tiled-gallery-item tiled-gallery-item-small\" itemprop=\"associatedMedia\" itemscope itemtype=\"http:\/\/schema.org\/ImageObject\"> <a href=\"https:\/\/eltrabajo.cl\/portal\/escuela-bernardo-o%c2%b4higgins-riquelme-celebro-sus-124-anos\/olympus-digital-camera-18\/\" border=\"0\" itemprop=\"url\"> <meta itemprop=\"width\" content=\"191\"> <meta itemprop=\"height\" content=\"145\"> <img decoding=\"async\" class=\"\" data-attachment-id=\"50326\" data-orig-file=\"https:\/\/eltrabajo.cl\/portal\/wp-content\/uploads\/2014\/08\/Micro1.jpg\" data-orig-size=\"529,401\" data-comments-opened=\"1\" data-image-meta=\"{&quot;aperture&quot;:&quot;0&quot;,&quot;credit&quot;:&quot;&quot;,&quot;camera&quot;:&quot;&quot;,&quot;caption&quot;:&quot;&quot;,&quot;created_timestamp&quot;:&quot;0&quot;,&quot;copyright&quot;:&quot;&quot;,&quot;focal_length&quot;:&quot;0&quot;,&quot;iso&quot;:&quot;0&quot;,&quot;shutter_speed&quot;:&quot;0&quot;,&quot;title&quot;:&quot;OLYMPUS DIGITAL CAMERA&quot;}\" data-image-title=\"OLYMPUS DIGITAL CAMERA\" data-image-description=\"&lt;p&gt;PEQUE\u00d1OS CIENT\u00cdFICOS.- Los peque\u00f1os con el microscopio son de izquierda a derecha Diego Sandoval y Felipe Ahumada, quienes siguen con alegr\u00eda su desarrollo educativo en esta creciente escuela.&lt;\/p&gt; \" data-medium-file=\"https:\/\/i0.wp.com\/eltrabajo.cl\/portal\/wp-content\/uploads\/2014\/08\/Micro1.jpg?fit=300%2C227&#038;ssl=1\" data-large-file=\"https:\/\/i0.wp.com\/eltrabajo.cl\/portal\/wp-content\/uploads\/2014\/08\/Micro1.jpg?fit=529%2C401&#038;ssl=1\" src=\"https:\/\/i0.wp.com\/eltrabajo.cl\/portal\/wp-content\/uploads\/2014\/08\/Micro1.jpg?w=191&#038;h=145&#038;ssl=1\" srcset=\"https:\/\/i0.wp.com\/eltrabajo.cl\/portal\/wp-content\/uploads\/2014\/08\/Micro1.jpg?w=529&amp;ssl=1 529w, https:\/\/i0.wp.com\/eltrabajo.cl\/portal\/wp-content\/uploads\/2014\/08\/Micro1.jpg?resize=197%2C150&amp;ssl=1 197w, https:\/\/i0.wp.com\/eltrabajo.cl\/portal\/wp-content\/uploads\/2014\/08\/Micro1.jpg?resize=300%2C227&amp;ssl=1 300w, https:\/\/i0.wp.com\/eltrabajo.cl\/portal\/wp-content\/uploads\/2014\/08\/Micro1.jpg?resize=150%2C113&amp;ssl=1 150w, https:\/\/i0.wp.com\/eltrabajo.cl\/portal\/wp-content\/uploads\/2014\/08\/Micro1.jpg?resize=400%2C303&amp;ssl=1 400w\" width=\"191\" height=\"145\" loading=\"lazy\" data-original-width=\"191\" data-original-height=\"145\" itemprop=\"http:\/\/schema.org\/image\" title=\"OLYMPUS DIGITAL CAMERA\" alt=\"PEQUE\u00d1OS CIENT\u00cdFICOS.- Los peque\u00f1os con el microscopio son de izquierda a derecha Diego Sandoval y Felipe Ahumada, quienes siguen con alegr\u00eda su desarrollo educativo en esta creciente escuela.\" style=\"width: 191px; height: 145px;\" \/> <\/a> <div class=\"tiled-gallery-caption\" itemprop=\"caption description\"> PEQUE\u00d1OS CIENT\u00cdFICOS.- Los peque\u00f1os con el microscopio son de izquierda a derecha Diego Sandoval y Felipe Ahumada, quienes siguen con alegr\u00eda su desarrollo educativo en esta creciente escuela. <\/div> <\/div> <\/div> <!-- close group --> <\/div> <!-- close row --> <div class=\"gallery-row\" style=\"width: 640px; height: 622px;\" data-original-width=\"640\" data-original-height=\"622\" > <div class=\"gallery-group images-1\" style=\"width: 640px; height: 622px;\" data-original-width=\"640\" data-original-height=\"622\" > <div class=\"tiled-gallery-item tiled-gallery-item-large\" itemprop=\"associatedMedia\" itemscope itemtype=\"http:\/\/schema.org\/ImageObject\"> <a href=\"https:\/\/eltrabajo.cl\/portal\/escuela-bernardo-o%c2%b4higgins-riquelme-celebro-sus-124-anos\/sebastian-candia-2\/\" border=\"0\" itemprop=\"url\"> <meta itemprop=\"width\" content=\"636\"> <meta itemprop=\"height\" content=\"618\"> <img decoding=\"async\" class=\"\" data-attachment-id=\"50328\" data-orig-file=\"https:\/\/eltrabajo.cl\/portal\/wp-content\/uploads\/2014\/08\/Sebastian-Candia.jpg\" data-orig-size=\"529,514\" data-comments-opened=\"1\" data-image-meta=\"{&quot;aperture&quot;:&quot;0&quot;,&quot;credit&quot;:&quot;&quot;,&quot;camera&quot;:&quot;&quot;,&quot;caption&quot;:&quot;&quot;,&quot;created_timestamp&quot;:&quot;0&quot;,&quot;copyright&quot;:&quot;&quot;,&quot;focal_length&quot;:&quot;0&quot;,&quot;iso&quot;:&quot;0&quot;,&quot;shutter_speed&quot;:&quot;0&quot;,&quot;title&quot;:&quot;&quot;}\" data-image-title=\"Sebastian Candia\" data-image-description=\"&lt;p&gt;Sebasti\u00e1n Candia, Director Escuela Bernardo O\u00b4Higgins.&lt;\/p&gt; \" data-medium-file=\"https:\/\/i0.wp.com\/eltrabajo.cl\/portal\/wp-content\/uploads\/2014\/08\/Sebastian-Candia.jpg?fit=300%2C291&#038;ssl=1\" data-large-file=\"https:\/\/i0.wp.com\/eltrabajo.cl\/portal\/wp-content\/uploads\/2014\/08\/Sebastian-Candia.jpg?fit=529%2C514&#038;ssl=1\" src=\"https:\/\/i0.wp.com\/eltrabajo.cl\/portal\/wp-content\/uploads\/2014\/08\/Sebastian-Candia.jpg?w=636&#038;h=618&#038;ssl=1\" srcset=\"https:\/\/i0.wp.com\/eltrabajo.cl\/portal\/wp-content\/uploads\/2014\/08\/Sebastian-Candia.jpg?w=529&amp;ssl=1 529w, https:\/\/i0.wp.com\/eltrabajo.cl\/portal\/wp-content\/uploads\/2014\/08\/Sebastian-Candia.jpg?resize=154%2C150&amp;ssl=1 154w, https:\/\/i0.wp.com\/eltrabajo.cl\/portal\/wp-content\/uploads\/2014\/08\/Sebastian-Candia.jpg?resize=300%2C291&amp;ssl=1 300w, https:\/\/i0.wp.com\/eltrabajo.cl\/portal\/wp-content\/uploads\/2014\/08\/Sebastian-Candia.jpg?resize=150%2C145&amp;ssl=1 150w, https:\/\/i0.wp.com\/eltrabajo.cl\/portal\/wp-content\/uploads\/2014\/08\/Sebastian-Candia.jpg?resize=400%2C388&amp;ssl=1 400w\" width=\"636\" height=\"618\" loading=\"lazy\" data-original-width=\"636\" data-original-height=\"618\" itemprop=\"http:\/\/schema.org\/image\" title=\"Sebastian Candia\" alt=\"Sebasti\u00e1n Candia, Director Escuela Bernardo O\u00b4Higgins.\" style=\"width: 636px; height: 618px;\" \/> <\/a> <div class=\"tiled-gallery-caption\" itemprop=\"caption description\"> Sebasti\u00e1n Candia, Director Escuela Bernardo O\u00b4Higgins. <\/div> <\/div> <\/div> <!-- close group --> <\/div> <!-- close row --> <\/div>\n","protected":false},"excerpt":{"rendered":"<p>Este 20 de agosto, la Escuela Bernardo O\u00b4Higgins Riquelme estuvo de cumplea\u00f1os, celebr\u00f3 su 124\u00b0 aniversario, cumpliendo una labor educativa permanente. Durante estos \u00faltimos a\u00f1os el compromiso de la escuela ha resuelto&#8230;<\/p>\n","protected":false},"author":482,"featured_media":50324,"comment_status":"open","ping_status":"closed","sticky":false,"template":"","format":"standard","meta":{"advanced_seo_description":"","jetpack_seo_html_title":"","jetpack_seo_noindex":false,"_jetpack_memberships_contains_paid_content":false,"footnotes":""},"categories":[15],"tags":[],"class_list":["post-50323","post","type-post","status-publish","format-standard","has-post-thumbnail","hentry","category-comunidad"],"jetpack_featured_media_url":"https:\/\/i0.wp.com\/eltrabajo.cl\/portal\/wp-content\/uploads\/2014\/08\/Danza1.jpg?fit=528%2C370&ssl=1","jetpack_sharing_enabled":true,"jetpack_likes_enabled":true,"jetpack-related-posts":[],"_links":{"self":[{"href":"https:\/\/eltrabajo.cl\/portal\/wp-json\/wp\/v2\/posts\/50323","targetHints":{"allow":["GET"]}}],"collection":[{"href":"https:\/\/eltrabajo.cl\/portal\/wp-json\/wp\/v2\/posts"}],"about":[{"href":"https:\/\/eltrabajo.cl\/portal\/wp-json\/wp\/v2\/types\/post"}],"author":[{"embeddable":true,"href":"https:\/\/eltrabajo.cl\/portal\/wp-json\/wp\/v2\/users\/482"}],"replies":[{"embeddable":true,"href":"https:\/\/eltrabajo.cl\/portal\/wp-json\/wp\/v2\/comments?post=50323"}],"version-history":[{"count":0,"href":"https:\/\/eltrabajo.cl\/portal\/wp-json\/wp\/v2\/posts\/50323\/revisions"}],"wp:featuredmedia":[{"embeddable":true,"href":"https:\/\/eltrabajo.cl\/portal\/wp-json\/wp\/v2\/media\/50324"}],"wp:attachment":[{"href":"https:\/\/eltrabajo.cl\/portal\/wp-json\/wp\/v2\/media?parent=50323"}],"wp:term":[{"taxonomy":"category","embeddable":true,"href":"https:\/\/eltrabajo.cl\/portal\/wp-json\/wp\/v2\/categories?post=50323"},{"taxonomy":"post_tag","embeddable":true,"href":"https:\/\/eltrabajo.cl\/portal\/wp-json\/wp\/v2\/tags?post=50323"}],"curies":[{"name":"wp","href":"https:\/\/api.w.org\/{rel}","templated":true}]}}