{"id":50358,"date":"2014-08-26T09:33:37","date_gmt":"2014-08-26T13:33:37","guid":{"rendered":"http:\/\/www.eltrabajo.cl\/portal\/?p=50358"},"modified":"2014-08-26T09:33:37","modified_gmt":"2014-08-26T13:33:37","slug":"denuncian-que-camioneta-de-esval-atropello-en-forma-intencional-a-una-perrita","status":"publish","type":"post","link":"https:\/\/eltrabajo.cl\/portal\/denuncian-que-camioneta-de-esval-atropello-en-forma-intencional-a-una-perrita\/","title":{"rendered":"Denuncian que camioneta de Esval atropell\u00f3 en forma intencional a una perrita"},"content":{"rendered":"<figure id=\"attachment_50359\" aria-describedby=\"caption-attachment-50359\" style=\"width: 529px\" class=\"wp-caption alignnone\"><a href=\"https:\/\/i0.wp.com\/www.eltrabajo.cl\/portal\/wp-content\/uploads\/2014\/08\/Perrita1.jpg\"><img data-recalc-dims=\"1\" loading=\"lazy\" decoding=\"async\" class=\"size-full wp-image-50359\" alt=\"Una camioneta perteneciente a Esval, habr\u00eda atropellado en forma intencional a esta peque\u00f1a perrita.\" src=\"https:\/\/i0.wp.com\/www.eltrabajo.cl\/portal\/wp-content\/uploads\/2014\/08\/Perrita1.jpg?resize=529%2C358\" width=\"529\" height=\"358\" srcset=\"https:\/\/i0.wp.com\/eltrabajo.cl\/portal\/wp-content\/uploads\/2014\/08\/Perrita1.jpg?w=529&amp;ssl=1 529w, https:\/\/i0.wp.com\/eltrabajo.cl\/portal\/wp-content\/uploads\/2014\/08\/Perrita1.jpg?resize=200%2C135&amp;ssl=1 200w, https:\/\/i0.wp.com\/eltrabajo.cl\/portal\/wp-content\/uploads\/2014\/08\/Perrita1.jpg?resize=300%2C203&amp;ssl=1 300w, https:\/\/i0.wp.com\/eltrabajo.cl\/portal\/wp-content\/uploads\/2014\/08\/Perrita1.jpg?resize=150%2C101&amp;ssl=1 150w, https:\/\/i0.wp.com\/eltrabajo.cl\/portal\/wp-content\/uploads\/2014\/08\/Perrita1.jpg?resize=400%2C270&amp;ssl=1 400w\" sizes=\"auto, (max-width: 529px) 100vw, 529px\" \/><\/a><figcaption id=\"caption-attachment-50359\" class=\"wp-caption-text\">Una camioneta perteneciente a Esval, habr\u00eda atropellado en forma intencional a esta peque\u00f1a perrita.<\/figcaption><\/figure>\n<p><strong>PUTAENDO<\/strong>.- Bastante molestos se encuentran algunos vecinos de Calle O\u2019Higgins, quienes denunciaron haber presenciado c\u00f3mo una camioneta perteneciente a Esval, atropell\u00f3 en forma intencional a una peque\u00f1a perrita. Guillermo \u00c1lvarez sostuvo que abrieron el port\u00f3n de una vivienda de dos pisos ubicada en Calle O\u2019Higgins, y mientras cargaban un veh\u00edculo, una perrita que no est\u00e1 acostumbrada a estar en la calle, cruz\u00f3 la calzada y se junt\u00f3 con otros perros y mientras se dispon\u00eda a regresar se ech\u00f3 al costado de la acera, espec\u00edficamente en la cuneta.<\/p>\n<p>En tanto, por Calle O\u2019Higgins, de poniente a oriente, una camioneta de Esval aceler\u00f3 y en forma intencional atropell\u00f3 a la perra que estaba a un costado del camino. \u00c1lvarez indic\u00f3 que varios vecinos presenciaron el hecho y tomaron la patente de la camioneta que corresponde a la placa FC-FT-75 y el n\u00famero del m\u00f3vil es el 744, por lo que con esa informaci\u00f3n, primero hicieron la denuncia en Carabineros y luego se comunicaron a la L\u00ednea 600 de Esval, donde seg\u00fan indic\u00f3 el denunciante, le negaron todo tipo de informaci\u00f3n en cuanto a la identidad del conductor.<\/p>\n<p>Lo m\u00e1s lamentable fue el estado en que qued\u00f3 la peque\u00f1a perrita, y gracias a que un veterinario acudi\u00f3 r\u00e1pidamente, se pudo comprobar que presenta una fractura en su cadera, por lo que debieron inmovilizarla con vendas de yeso, ya que la familia no tiene los recursos para practicar una radiograf\u00eda.<\/p>\n<p>Guillermo \u00c1lvarez asegur\u00f3 que est\u00e1n convencidos de la intencionalidad del conductor en haber querido atropellar a la perrita, por lo que no tan s\u00f3lo lo denunciaron a Carabineros, sino que han querido hacerlo p\u00fablico, pues el conductor actu\u00f3 con una cobard\u00eda tremenda, que a pesar de haberle pedido que se detuviera, aceler\u00f3 la camioneta sabiendo el da\u00f1o que le ocasion\u00f3 al animal.<\/p>\n<p>Patricio Gallardo M.<\/p>\n<p>&nbsp;<\/p>\n","protected":false},"excerpt":{"rendered":"<p>PUTAENDO.- Bastante molestos se encuentran algunos vecinos de Calle O\u2019Higgins, quienes denunciaron haber presenciado c\u00f3mo una camioneta perteneciente a Esval, atropell\u00f3 en forma intencional a una peque\u00f1a perrita. Guillermo \u00c1lvarez sostuvo que&#8230;<\/p>\n","protected":false},"author":482,"featured_media":50359,"comment_status":"open","ping_status":"closed","sticky":false,"template":"","format":"standard","meta":{"advanced_seo_description":"","jetpack_seo_html_title":"","jetpack_seo_noindex":false,"_jetpack_memberships_contains_paid_content":false,"footnotes":""},"categories":[21],"tags":[],"class_list":["post-50358","post","type-post","status-publish","format-standard","has-post-thumbnail","hentry","category-policial"],"jetpack_featured_media_url":"https:\/\/i0.wp.com\/eltrabajo.cl\/portal\/wp-content\/uploads\/2014\/08\/Perrita1.jpg?fit=529%2C358&ssl=1","jetpack_sharing_enabled":true,"jetpack_likes_enabled":true,"jetpack-related-posts":[],"_links":{"self":[{"href":"https:\/\/eltrabajo.cl\/portal\/wp-json\/wp\/v2\/posts\/50358","targetHints":{"allow":["GET"]}}],"collection":[{"href":"https:\/\/eltrabajo.cl\/portal\/wp-json\/wp\/v2\/posts"}],"about":[{"href":"https:\/\/eltrabajo.cl\/portal\/wp-json\/wp\/v2\/types\/post"}],"author":[{"embeddable":true,"href":"https:\/\/eltrabajo.cl\/portal\/wp-json\/wp\/v2\/users\/482"}],"replies":[{"embeddable":true,"href":"https:\/\/eltrabajo.cl\/portal\/wp-json\/wp\/v2\/comments?post=50358"}],"version-history":[{"count":0,"href":"https:\/\/eltrabajo.cl\/portal\/wp-json\/wp\/v2\/posts\/50358\/revisions"}],"wp:featuredmedia":[{"embeddable":true,"href":"https:\/\/eltrabajo.cl\/portal\/wp-json\/wp\/v2\/media\/50359"}],"wp:attachment":[{"href":"https:\/\/eltrabajo.cl\/portal\/wp-json\/wp\/v2\/media?parent=50358"}],"wp:term":[{"taxonomy":"category","embeddable":true,"href":"https:\/\/eltrabajo.cl\/portal\/wp-json\/wp\/v2\/categories?post=50358"},{"taxonomy":"post_tag","embeddable":true,"href":"https:\/\/eltrabajo.cl\/portal\/wp-json\/wp\/v2\/tags?post=50358"}],"curies":[{"name":"wp","href":"https:\/\/api.w.org\/{rel}","templated":true}]}}