{"id":50376,"date":"2014-08-27T09:21:27","date_gmt":"2014-08-27T13:21:27","guid":{"rendered":"http:\/\/www.eltrabajo.cl\/portal\/?p=50376"},"modified":"2014-08-27T09:24:48","modified_gmt":"2014-08-27T13:24:48","slug":"escuela-john-kennedy-recuerda-a-la-poetisa-alejandrina-carvajal","status":"publish","type":"post","link":"https:\/\/eltrabajo.cl\/portal\/escuela-john-kennedy-recuerda-a-la-poetisa-alejandrina-carvajal\/","title":{"rendered":"Escuela John Kennedy recuerda a la poetisa Alejandrina Carvajal"},"content":{"rendered":"<figure id=\"attachment_50377\" aria-describedby=\"caption-attachment-50377\" style=\"width: 529px\" class=\"wp-caption alignnone\"><a href=\"https:\/\/i0.wp.com\/www.eltrabajo.cl\/portal\/wp-content\/uploads\/2014\/08\/Escuelita1.jpg\"><img data-recalc-dims=\"1\" loading=\"lazy\" decoding=\"async\" class=\"size-full wp-image-50377\" alt=\"La destacada aconcag\u00fcina, quien naciera el  11 de mayo de 1881 en Rinconada de Silva, dejo un importante legado en la comunidad de nuestro valle, resaltando sus tradiciones y costumbres por el cual es recordada por generaciones que hoy la recuerdan a trav\u00e9s de sus obras.\" src=\"https:\/\/i0.wp.com\/www.eltrabajo.cl\/portal\/wp-content\/uploads\/2014\/08\/Escuelita1.jpg?resize=529%2C268\" width=\"529\" height=\"268\" srcset=\"https:\/\/i0.wp.com\/eltrabajo.cl\/portal\/wp-content\/uploads\/2014\/08\/Escuelita1.jpg?w=529&amp;ssl=1 529w, https:\/\/i0.wp.com\/eltrabajo.cl\/portal\/wp-content\/uploads\/2014\/08\/Escuelita1.jpg?resize=200%2C101&amp;ssl=1 200w, https:\/\/i0.wp.com\/eltrabajo.cl\/portal\/wp-content\/uploads\/2014\/08\/Escuelita1.jpg?resize=300%2C151&amp;ssl=1 300w, https:\/\/i0.wp.com\/eltrabajo.cl\/portal\/wp-content\/uploads\/2014\/08\/Escuelita1.jpg?resize=150%2C75&amp;ssl=1 150w, https:\/\/i0.wp.com\/eltrabajo.cl\/portal\/wp-content\/uploads\/2014\/08\/Escuelita1.jpg?resize=400%2C202&amp;ssl=1 400w\" sizes=\"auto, (max-width: 529px) 100vw, 529px\" \/><\/a><figcaption id=\"caption-attachment-50377\" class=\"wp-caption-text\">La destacada aconcag\u00fcina, quien naciera el 11 de mayo de 1881 en Rinconada de Silva, dejo un importante legado en la comunidad de nuestro valle, resaltando sus tradiciones y costumbres por el cual es recordada por generaciones que hoy la recuerdan a trav\u00e9s de sus obras.<\/figcaption><\/figure>\n<p>Con gran expectaci\u00f3n y entusiasmo, la ma\u00f1ana de este d\u00eda lunes en el frontis del establecimiento, la comunidad educativa de la Escuela John Kennedy nuevamente record\u00f3 a la destacada poetisa aconcag\u00fcina Alejandrina Carvajal Aspee. La destacada aconcag\u00fcina, quien naciera el 11 de mayo de 1881 en Rinconada de Silva, dejo un importante legado en la comunidad de nuestro valle, resaltando sus tradiciones y costumbres por el cual es recordada por generaciones que hoy la recuerdan a trav\u00e9s de sus obras.<\/p>\n<figure id=\"attachment_50380\" aria-describedby=\"caption-attachment-50380\" style=\"width: 317px\" class=\"wp-caption alignright\"><a href=\"https:\/\/i0.wp.com\/www.eltrabajo.cl\/portal\/wp-content\/uploads\/2014\/08\/Silvia-Olguin.jpg\"><img data-recalc-dims=\"1\" loading=\"lazy\" decoding=\"async\" class=\" wp-image-50380 \" alt=\"Silvia Olgu\u00edn, Directora de la Escuela John Kennedy.\" src=\"https:\/\/i0.wp.com\/www.eltrabajo.cl\/portal\/wp-content\/uploads\/2014\/08\/Silvia-Olguin.jpg?resize=317%2C328\" width=\"317\" height=\"328\" srcset=\"https:\/\/i0.wp.com\/eltrabajo.cl\/portal\/wp-content\/uploads\/2014\/08\/Silvia-Olguin.jpg?w=529&amp;ssl=1 529w, https:\/\/i0.wp.com\/eltrabajo.cl\/portal\/wp-content\/uploads\/2014\/08\/Silvia-Olguin.jpg?resize=145%2C150&amp;ssl=1 145w, https:\/\/i0.wp.com\/eltrabajo.cl\/portal\/wp-content\/uploads\/2014\/08\/Silvia-Olguin.jpg?resize=290%2C300&amp;ssl=1 290w, https:\/\/i0.wp.com\/eltrabajo.cl\/portal\/wp-content\/uploads\/2014\/08\/Silvia-Olguin.jpg?resize=400%2C412&amp;ssl=1 400w\" sizes=\"auto, (max-width: 317px) 100vw, 317px\" \/><\/a><figcaption id=\"caption-attachment-50380\" class=\"wp-caption-text\">Silvia Olgu\u00edn, Directora de la Escuela John Kennedy.<\/figcaption><\/figure>\n<p>Silvia Olgu\u00edn, directora del establecimiento, destac\u00f3 la realizaci\u00f3n de esta actividad que se efect\u00faa cada a\u00f1o, se\u00f1alando que \u201cse ha hecho una obligaci\u00f3n recordar, a quien plasmara a trav\u00e9s del himno de Aconcagua, las maravillas de nuestra tierra, y hoy para nosotros como establecimiento, es imperioso destacar el legado de esta gran mujer, quien destacara a trav\u00e9s de la literatura, aportando de manera grandiosa, al acontecer nacional, y m\u00e1s a\u00fan, si nosotros como establecimiento, estamos emplazados en la calle que hoy lleva su nombre\u201d.<\/p>\n<p>Por su parte Ver\u00f3nica Ossand\u00f3n, Subdirectora T\u00e9cnico Pedag\u00f3gica de la Daem, manifest\u00f3 que \u201cde esta manera se incentiva a nuestros alumnos y alumnas a desarrollare sus diferentes habilidades, las que pueden estar relacionadas con el arte y la cultura, siendo tambi\u00e9n parte de nuestro inter\u00e9s, labor que nos fue encomendada por el alcalde Patricio Freire\u201d.<\/p>\n<p>En el a\u00f1o 1947 Alejandrina Carvajal public\u00f3 la obra \u2018Cantos patri\u00f3ticos chilenos\u2019, destacando adem\u00e1s en la m\u00fasica y la pintura, lo que motiv\u00f3 gran parte de su vida, hasta el d\u00eda de su fallecimiento, el a\u00f1o 1951, siendo considerada una de las mujeres m\u00e1s destacada de nuestra historia.<\/p>\n<p>&nbsp;<\/p>\n","protected":false},"excerpt":{"rendered":"<p>Con gran expectaci\u00f3n y entusiasmo, la ma\u00f1ana de este d\u00eda lunes en el frontis del establecimiento, la comunidad educativa de la Escuela John Kennedy nuevamente record\u00f3 a la destacada poetisa aconcag\u00fcina Alejandrina&#8230;<\/p>\n","protected":false},"author":482,"featured_media":50377,"comment_status":"open","ping_status":"closed","sticky":false,"template":"","format":"standard","meta":{"advanced_seo_description":"","jetpack_seo_html_title":"","jetpack_seo_noindex":false,"_jetpack_memberships_contains_paid_content":false,"footnotes":""},"categories":[15],"tags":[],"class_list":["post-50376","post","type-post","status-publish","format-standard","has-post-thumbnail","hentry","category-comunidad"],"jetpack_featured_media_url":"https:\/\/i0.wp.com\/eltrabajo.cl\/portal\/wp-content\/uploads\/2014\/08\/Escuelita1.jpg?fit=529%2C268&ssl=1","jetpack_sharing_enabled":true,"jetpack_likes_enabled":true,"jetpack-related-posts":[],"_links":{"self":[{"href":"https:\/\/eltrabajo.cl\/portal\/wp-json\/wp\/v2\/posts\/50376","targetHints":{"allow":["GET"]}}],"collection":[{"href":"https:\/\/eltrabajo.cl\/portal\/wp-json\/wp\/v2\/posts"}],"about":[{"href":"https:\/\/eltrabajo.cl\/portal\/wp-json\/wp\/v2\/types\/post"}],"author":[{"embeddable":true,"href":"https:\/\/eltrabajo.cl\/portal\/wp-json\/wp\/v2\/users\/482"}],"replies":[{"embeddable":true,"href":"https:\/\/eltrabajo.cl\/portal\/wp-json\/wp\/v2\/comments?post=50376"}],"version-history":[{"count":0,"href":"https:\/\/eltrabajo.cl\/portal\/wp-json\/wp\/v2\/posts\/50376\/revisions"}],"wp:featuredmedia":[{"embeddable":true,"href":"https:\/\/eltrabajo.cl\/portal\/wp-json\/wp\/v2\/media\/50377"}],"wp:attachment":[{"href":"https:\/\/eltrabajo.cl\/portal\/wp-json\/wp\/v2\/media?parent=50376"}],"wp:term":[{"taxonomy":"category","embeddable":true,"href":"https:\/\/eltrabajo.cl\/portal\/wp-json\/wp\/v2\/categories?post=50376"},{"taxonomy":"post_tag","embeddable":true,"href":"https:\/\/eltrabajo.cl\/portal\/wp-json\/wp\/v2\/tags?post=50376"}],"curies":[{"name":"wp","href":"https:\/\/api.w.org\/{rel}","templated":true}]}}