{"id":50384,"date":"2014-08-27T09:28:11","date_gmt":"2014-08-27T13:28:11","guid":{"rendered":"http:\/\/www.eltrabajo.cl\/portal\/?p=50384"},"modified":"2014-08-27T09:28:11","modified_gmt":"2014-08-27T13:28:11","slug":"mujeres-cateminas-se-certifican-en-maquinaria-pesada","status":"publish","type":"post","link":"https:\/\/eltrabajo.cl\/portal\/mujeres-cateminas-se-certifican-en-maquinaria-pesada\/","title":{"rendered":"Mujeres cateminas se certifican en Maquinaria pesada"},"content":{"rendered":"<figure id=\"attachment_50385\" aria-describedby=\"caption-attachment-50385\" style=\"width: 528px\" class=\"wp-caption alignnone\"><a href=\"https:\/\/i0.wp.com\/www.eltrabajo.cl\/portal\/wp-content\/uploads\/2014\/08\/Maquinaria1.jpg\"><img data-recalc-dims=\"1\" loading=\"lazy\" decoding=\"async\" class=\"size-full wp-image-50385\" alt=\"Con mucho orgullo las mujeres cateminas beneficiadas recibieron sus certificados del curso de Maquinaria pesada que realizaron durante este a\u00f1o.\" src=\"https:\/\/i0.wp.com\/www.eltrabajo.cl\/portal\/wp-content\/uploads\/2014\/08\/Maquinaria1.jpg?resize=528%2C274\" width=\"528\" height=\"274\" srcset=\"https:\/\/i0.wp.com\/eltrabajo.cl\/portal\/wp-content\/uploads\/2014\/08\/Maquinaria1.jpg?w=528&amp;ssl=1 528w, https:\/\/i0.wp.com\/eltrabajo.cl\/portal\/wp-content\/uploads\/2014\/08\/Maquinaria1.jpg?resize=200%2C103&amp;ssl=1 200w, https:\/\/i0.wp.com\/eltrabajo.cl\/portal\/wp-content\/uploads\/2014\/08\/Maquinaria1.jpg?resize=300%2C155&amp;ssl=1 300w, https:\/\/i0.wp.com\/eltrabajo.cl\/portal\/wp-content\/uploads\/2014\/08\/Maquinaria1.jpg?resize=150%2C77&amp;ssl=1 150w, https:\/\/i0.wp.com\/eltrabajo.cl\/portal\/wp-content\/uploads\/2014\/08\/Maquinaria1.jpg?resize=400%2C207&amp;ssl=1 400w\" sizes=\"auto, (max-width: 528px) 100vw, 528px\" \/><\/a><figcaption id=\"caption-attachment-50385\" class=\"wp-caption-text\">Con mucho orgullo las mujeres cateminas beneficiadas recibieron sus certificados del curso de Maquinaria pesada que realizaron durante este a\u00f1o.<\/figcaption><\/figure>\n<p><strong>CATEMU<\/strong>.- En presencia del Alcalde Boris Luksic; la Directora Regional del Servicio Nacional de la Mujer, Waleska Castillo; el Director Regional del Sence, Esteban Vega; el Vicerrector de la Universidad de Playa Ancha, \u00d3scar Valenzuela, as\u00ed como de familiares y amigos, se realiz\u00f3 la entrega de diplomas a las 15 mujeres, usuarias del Programa Mujer trabajadora y Jefa de hogar 2013.<\/p>\n<p>Con mucho orgullo las mujeres cateminas beneficiadas recibieron sus certificados del curso de Maquinaria pesada, que realizaron durante este a\u00f1o, en 200 horas cronol\u00f3gicas, donde adquirieron los conocimientos necesarios para operar maquinaria pesada y retroexcavadora. Con un video testimonial, donde se grafic\u00f3 parte del proceso, se dio inicio a la ceremonia, donde las alumnas se emocionaron al ver las im\u00e1genes de tan significativa etapa de sus vidas, como se\u00f1alaron ellas mismas.<\/p>\n<p>Luksic felicit\u00f3 a las certificadas, se\u00f1alando que esto es otra muestra de que el g\u00e9nero femenino puede tanto o m\u00e1s que los hombres, destac\u00f3 el rendimiento, y la responsabilidad de todas ellas, que aprobaron en su totalidad el curso. Durante la ceremonia Cecilia Par\u00e1, muy emocionada, dio a conocer su experiencia ante los presentes, agradeciendo a nombre de sus compa\u00f1eras la oportunidad de capacitarse en esta materia, que les permite enfrentar de mejor forma el mundo laboral.<\/p>\n<p>Waleska Castillo dio un saludo a las presentes, recalcando el compromiso del gobierno por y para las mujeres de Chile, adem\u00e1s las invit\u00f3 a todas a un Seminario Mujer y Miner\u00eda, que se realizar\u00e1 en San Esteban. El director regional del Sence, felicit\u00f3 a las mujeres presentes, se\u00f1alando la permanente preocupaci\u00f3n que existe del servicio por entregar este tipo de herramientas principalmente a las jefas de hogar.<\/p>\n<p>&nbsp;<\/p>\n","protected":false},"excerpt":{"rendered":"<p>CATEMU.- En presencia del Alcalde Boris Luksic; la Directora Regional del Servicio Nacional de la Mujer, Waleska Castillo; el Director Regional del Sence, Esteban Vega; el Vicerrector de la Universidad de Playa&#8230;<\/p>\n","protected":false},"author":482,"featured_media":50385,"comment_status":"open","ping_status":"closed","sticky":false,"template":"","format":"standard","meta":{"advanced_seo_description":"","jetpack_seo_html_title":"","jetpack_seo_noindex":false,"_jetpack_memberships_contains_paid_content":false,"footnotes":""},"categories":[15],"tags":[],"class_list":["post-50384","post","type-post","status-publish","format-standard","has-post-thumbnail","hentry","category-comunidad"],"jetpack_featured_media_url":"https:\/\/i0.wp.com\/eltrabajo.cl\/portal\/wp-content\/uploads\/2014\/08\/Maquinaria1.jpg?fit=528%2C274&ssl=1","jetpack_sharing_enabled":true,"jetpack_likes_enabled":true,"jetpack-related-posts":[],"_links":{"self":[{"href":"https:\/\/eltrabajo.cl\/portal\/wp-json\/wp\/v2\/posts\/50384","targetHints":{"allow":["GET"]}}],"collection":[{"href":"https:\/\/eltrabajo.cl\/portal\/wp-json\/wp\/v2\/posts"}],"about":[{"href":"https:\/\/eltrabajo.cl\/portal\/wp-json\/wp\/v2\/types\/post"}],"author":[{"embeddable":true,"href":"https:\/\/eltrabajo.cl\/portal\/wp-json\/wp\/v2\/users\/482"}],"replies":[{"embeddable":true,"href":"https:\/\/eltrabajo.cl\/portal\/wp-json\/wp\/v2\/comments?post=50384"}],"version-history":[{"count":0,"href":"https:\/\/eltrabajo.cl\/portal\/wp-json\/wp\/v2\/posts\/50384\/revisions"}],"wp:featuredmedia":[{"embeddable":true,"href":"https:\/\/eltrabajo.cl\/portal\/wp-json\/wp\/v2\/media\/50385"}],"wp:attachment":[{"href":"https:\/\/eltrabajo.cl\/portal\/wp-json\/wp\/v2\/media?parent=50384"}],"wp:term":[{"taxonomy":"category","embeddable":true,"href":"https:\/\/eltrabajo.cl\/portal\/wp-json\/wp\/v2\/categories?post=50384"},{"taxonomy":"post_tag","embeddable":true,"href":"https:\/\/eltrabajo.cl\/portal\/wp-json\/wp\/v2\/tags?post=50384"}],"curies":[{"name":"wp","href":"https:\/\/api.w.org\/{rel}","templated":true}]}}