{"id":50408,"date":"2014-08-27T09:39:21","date_gmt":"2014-08-27T13:39:21","guid":{"rendered":"http:\/\/www.eltrabajo.cl\/portal\/?p=50408"},"modified":"2014-08-27T09:39:21","modified_gmt":"2014-08-27T13:39:21","slug":"roban-computadores-camaras-y-dinero-desde-la-daem-de-catemu","status":"publish","type":"post","link":"https:\/\/eltrabajo.cl\/portal\/roban-computadores-camaras-y-dinero-desde-la-daem-de-catemu\/","title":{"rendered":"Roban computadores, c\u00e1maras y dinero desde la Daem de Catemu"},"content":{"rendered":"<figure id=\"attachment_50409\" aria-describedby=\"caption-attachment-50409\" style=\"width: 529px\" class=\"wp-caption alignnone\"><a href=\"https:\/\/i0.wp.com\/www.eltrabajo.cl\/portal\/wp-content\/uploads\/2014\/08\/Daem-Catemu-Robo.jpg\"><img data-recalc-dims=\"1\" loading=\"lazy\" decoding=\"async\" class=\"size-full wp-image-50409\" alt=\"Los delincuentes destruyeron todo a su paso para llevarse consigo las especies y el dinero en efectivo desde la oficina de Administraci\u00f3n de la Daem de Catemu.\" src=\"https:\/\/i0.wp.com\/www.eltrabajo.cl\/portal\/wp-content\/uploads\/2014\/08\/Daem-Catemu-Robo.jpg?resize=529%2C305\" width=\"529\" height=\"305\" srcset=\"https:\/\/i0.wp.com\/eltrabajo.cl\/portal\/wp-content\/uploads\/2014\/08\/Daem-Catemu-Robo.jpg?w=529&amp;ssl=1 529w, https:\/\/i0.wp.com\/eltrabajo.cl\/portal\/wp-content\/uploads\/2014\/08\/Daem-Catemu-Robo.jpg?resize=200%2C115&amp;ssl=1 200w, https:\/\/i0.wp.com\/eltrabajo.cl\/portal\/wp-content\/uploads\/2014\/08\/Daem-Catemu-Robo.jpg?resize=300%2C172&amp;ssl=1 300w, https:\/\/i0.wp.com\/eltrabajo.cl\/portal\/wp-content\/uploads\/2014\/08\/Daem-Catemu-Robo.jpg?resize=150%2C86&amp;ssl=1 150w, https:\/\/i0.wp.com\/eltrabajo.cl\/portal\/wp-content\/uploads\/2014\/08\/Daem-Catemu-Robo.jpg?resize=400%2C230&amp;ssl=1 400w\" sizes=\"auto, (max-width: 529px) 100vw, 529px\" \/><\/a><figcaption id=\"caption-attachment-50409\" class=\"wp-caption-text\">Los delincuentes destruyeron todo a su paso para llevarse consigo las especies y el dinero en efectivo desde la oficina de Administraci\u00f3n de la Daem de Catemu.<\/figcaption><\/figure>\n<p>Por medio de un forado desde el techo, mismo que conduce hacia la oficina de la Daem de Catemu, delincuentes ingresaron hasta el interior para apoderarse de tres notebook, dos c\u00e1maras fotogr\u00e1ficas y una cantidad importante de dinero en efectivo, arrojando un aval\u00fao de especies en m\u00e1s de $3 millones. Los antisociales escalaron por la parte posterior de las oficinas de la Daem, ubicadas en Calle Ignacio Carrera Pinto, realizando un forado en el techo que conduce hacia un ba\u00f1o, este que los condujo hacia las oficinas y lograron as\u00ed perpetrar el robo.<\/p>\n<figure id=\"attachment_50410\" aria-describedby=\"caption-attachment-50410\" style=\"width: 370px\" class=\"wp-caption alignright\"><a href=\"https:\/\/i0.wp.com\/www.eltrabajo.cl\/portal\/wp-content\/uploads\/2014\/08\/Daem-Catemu-Robo-2.jpg\"><img data-recalc-dims=\"1\" loading=\"lazy\" decoding=\"async\" class=\" wp-image-50410 \" alt=\"Por este forado que conduc\u00eda hacia un ba\u00f1o los delincuentes pudieron acceder hasta el interior de las oficinas de la Daem de Catemu, para perpetrar el millonario robo.\" src=\"https:\/\/i0.wp.com\/www.eltrabajo.cl\/portal\/wp-content\/uploads\/2014\/08\/Daem-Catemu-Robo-2.jpg?resize=370%2C213\" width=\"370\" height=\"213\" srcset=\"https:\/\/i0.wp.com\/eltrabajo.cl\/portal\/wp-content\/uploads\/2014\/08\/Daem-Catemu-Robo-2.jpg?w=528&amp;ssl=1 528w, https:\/\/i0.wp.com\/eltrabajo.cl\/portal\/wp-content\/uploads\/2014\/08\/Daem-Catemu-Robo-2.jpg?resize=200%2C115&amp;ssl=1 200w, https:\/\/i0.wp.com\/eltrabajo.cl\/portal\/wp-content\/uploads\/2014\/08\/Daem-Catemu-Robo-2.jpg?resize=300%2C172&amp;ssl=1 300w, https:\/\/i0.wp.com\/eltrabajo.cl\/portal\/wp-content\/uploads\/2014\/08\/Daem-Catemu-Robo-2.jpg?resize=150%2C86&amp;ssl=1 150w, https:\/\/i0.wp.com\/eltrabajo.cl\/portal\/wp-content\/uploads\/2014\/08\/Daem-Catemu-Robo-2.jpg?resize=400%2C230&amp;ssl=1 400w\" sizes=\"auto, (max-width: 370px) 100vw, 370px\" \/><\/a><figcaption id=\"caption-attachment-50410\" class=\"wp-caption-text\">Por este forado que conduc\u00eda hacia un ba\u00f1o los delincuentes pudieron acceder hasta el interior de las oficinas de la Daem de Catemu, para perpetrar el millonario robo.<\/figcaption><\/figure>\n<p>El Jefe de la Daem de esa localidad, F\u00e9lix Ar\u00e9valo, repudi\u00f3 esta acci\u00f3n de la delincuencia lamentando la vulnerabilidad del recinto, que se ha visto afectada ya en cuatro ocasiones, \u201caparentemente andaban con herramientas, porque pudieron descerrajar las ventanas donde se desplazaron por varias oficinas de secretar\u00eda, finanzas, contabilidad y administraci\u00f3n. Sustrajeron tres notebook, dos c\u00e1maras fotogr\u00e1ficas y dinero en efectivo proveniente de diversas colectas que van en ayuda de ni\u00f1os enfermos con enfermedades, tales como hemofilia, c\u00e1ncer, entre otras\u201d, indic\u00f3 Ar\u00e9valo.<\/p>\n<p>Agreg\u00f3 que a\u00fan no se tiene preciso el monto de la sustracci\u00f3n del dinero, toda vez que estaba siendo almacenada en sobres cerrados provenientes de los distintos colegios cuyos trabajos realizados por los ni\u00f1os en la recolecci\u00f3n de monedas y billetes, \u201cestamos todav\u00eda haciendo un conteo para establecer con exactitud todo lo que se llevaron, tambi\u00e9n faltan algunas mochilas fuera del robo el da\u00f1o que provocaron, los cajones no se pueden echar llave. Carabineros vino se hizo la denuncia y ah\u00ed estamos sabemos que no tendremos resultados positivos, porque se llevaron especies que son f\u00e1ciles de reducir no las vamos a recuperar\u201d, lament\u00f3 el Jefe de la Daem.<\/p>\n<p>Ar\u00e9valo concluy\u00f3 la entrevista argumentando la imperiosa necesidad en invertir en m\u00e1s seguridad para el departamento de educaci\u00f3n, \u201cnos genera gran impotencia, porque no somos entidades que generamos recursos, nosotros hemos sabido mantenernos a los pocos recursos que nos llegan y le hemos sabido aprovechar al m\u00e1ximo y eso nos duele, que estos delincuentes roban hacen destrozos, y no s\u00f3lo pasa en nuestras oficinas, pasa en los colegios. Nos tiene defraudado la justicia porque un grupo de delincuentes tiene de rodilla al pa\u00eds\u201d.<\/p>\n<p>Pablo Salinas Sald\u00edas<\/p>\n<p>&nbsp;<\/p>\n","protected":false},"excerpt":{"rendered":"<p>Por medio de un forado desde el techo, mismo que conduce hacia la oficina de la Daem de Catemu, delincuentes ingresaron hasta el interior para apoderarse de tres notebook, dos c\u00e1maras fotogr\u00e1ficas&#8230;<\/p>\n","protected":false},"author":482,"featured_media":50409,"comment_status":"open","ping_status":"closed","sticky":false,"template":"","format":"standard","meta":{"advanced_seo_description":"","jetpack_seo_html_title":"","jetpack_seo_noindex":false,"_jetpack_memberships_contains_paid_content":false,"footnotes":""},"categories":[21],"tags":[],"class_list":["post-50408","post","type-post","status-publish","format-standard","has-post-thumbnail","hentry","category-policial"],"jetpack_featured_media_url":"https:\/\/i0.wp.com\/eltrabajo.cl\/portal\/wp-content\/uploads\/2014\/08\/Daem-Catemu-Robo.jpg?fit=529%2C305&ssl=1","jetpack_sharing_enabled":true,"jetpack_likes_enabled":true,"jetpack-related-posts":[],"_links":{"self":[{"href":"https:\/\/eltrabajo.cl\/portal\/wp-json\/wp\/v2\/posts\/50408","targetHints":{"allow":["GET"]}}],"collection":[{"href":"https:\/\/eltrabajo.cl\/portal\/wp-json\/wp\/v2\/posts"}],"about":[{"href":"https:\/\/eltrabajo.cl\/portal\/wp-json\/wp\/v2\/types\/post"}],"author":[{"embeddable":true,"href":"https:\/\/eltrabajo.cl\/portal\/wp-json\/wp\/v2\/users\/482"}],"replies":[{"embeddable":true,"href":"https:\/\/eltrabajo.cl\/portal\/wp-json\/wp\/v2\/comments?post=50408"}],"version-history":[{"count":0,"href":"https:\/\/eltrabajo.cl\/portal\/wp-json\/wp\/v2\/posts\/50408\/revisions"}],"wp:featuredmedia":[{"embeddable":true,"href":"https:\/\/eltrabajo.cl\/portal\/wp-json\/wp\/v2\/media\/50409"}],"wp:attachment":[{"href":"https:\/\/eltrabajo.cl\/portal\/wp-json\/wp\/v2\/media?parent=50408"}],"wp:term":[{"taxonomy":"category","embeddable":true,"href":"https:\/\/eltrabajo.cl\/portal\/wp-json\/wp\/v2\/categories?post=50408"},{"taxonomy":"post_tag","embeddable":true,"href":"https:\/\/eltrabajo.cl\/portal\/wp-json\/wp\/v2\/tags?post=50408"}],"curies":[{"name":"wp","href":"https:\/\/api.w.org\/{rel}","templated":true}]}}