{"id":50413,"date":"2014-08-27T09:40:19","date_gmt":"2014-08-27T13:40:19","guid":{"rendered":"http:\/\/www.eltrabajo.cl\/portal\/?p=50413"},"modified":"2014-08-27T09:40:19","modified_gmt":"2014-08-27T13:40:19","slug":"joven-madre-hallada-sin-vida-se-habria-suicidado-ingiriendo-morfina","status":"publish","type":"post","link":"https:\/\/eltrabajo.cl\/portal\/joven-madre-hallada-sin-vida-se-habria-suicidado-ingiriendo-morfina\/","title":{"rendered":"Joven madre hallada sin vida se habr\u00eda suicidado ingiriendo morfina"},"content":{"rendered":"<figure id=\"attachment_50414\" aria-describedby=\"caption-attachment-50414\" style=\"width: 318px\" class=\"wp-caption alignleft\"><a href=\"https:\/\/i0.wp.com\/www.eltrabajo.cl\/portal\/wp-content\/uploads\/2014\/08\/mar%C3%ADa-angelica-suicida.jpg\"><img data-recalc-dims=\"1\" loading=\"lazy\" decoding=\"async\" class=\" wp-image-50414 \" alt=\"La joven madre Mar\u00eda Ang\u00e9lica Orellana de 34 a\u00f1os de edad, se quit\u00f3 la vida tomando una cantidad no determinada de morfina, tras arrastrar un cuadro depresivo por la p\u00e9rdida de su hijo v\u00edctima de leucemia en la comuna de Llay Llay.\" src=\"https:\/\/i0.wp.com\/www.eltrabajo.cl\/portal\/wp-content\/uploads\/2014\/08\/mar%C3%ADa-angelica-suicida.jpg?resize=318%2C318\" width=\"318\" height=\"318\" srcset=\"https:\/\/i0.wp.com\/eltrabajo.cl\/portal\/wp-content\/uploads\/2014\/08\/mar%C3%ADa-angelica-suicida.jpg?w=530&amp;ssl=1 530w, https:\/\/i0.wp.com\/eltrabajo.cl\/portal\/wp-content\/uploads\/2014\/08\/mar%C3%ADa-angelica-suicida.jpg?resize=150%2C150&amp;ssl=1 150w, https:\/\/i0.wp.com\/eltrabajo.cl\/portal\/wp-content\/uploads\/2014\/08\/mar%C3%ADa-angelica-suicida.jpg?resize=300%2C300&amp;ssl=1 300w, https:\/\/i0.wp.com\/eltrabajo.cl\/portal\/wp-content\/uploads\/2014\/08\/mar%C3%ADa-angelica-suicida.jpg?resize=400%2C400&amp;ssl=1 400w\" sizes=\"auto, (max-width: 318px) 100vw, 318px\" \/><\/a><figcaption id=\"caption-attachment-50414\" class=\"wp-caption-text\">La joven madre Mar\u00eda Ang\u00e9lica Orellana de 34 a\u00f1os de edad, se quit\u00f3 la vida tomando una cantidad no determinada de morfina, tras arrastrar un cuadro depresivo por la p\u00e9rdida de su hijo v\u00edctima de leucemia en la comuna de Llay Llay.<\/figcaption><\/figure>\n<p>La joven Mar\u00eda Ang\u00e9lica Orellana Abarca, era una esforzada madre soltera y muy querida entre sus vecinos de Poblaci\u00f3n Santa Teresa de la comuna de Llay Llay. Lamentablemente un cuadro depresivo arrastrado hace meses tras la p\u00e9rdida de su hijo Luis David, v\u00edctima de leucemia, la llev\u00f3 a quitarse la vida ingiriendo una cantidad no determinada de morfina.<\/p>\n<p>La mujer de 34 a\u00f1os fue hallada sin vida por su hermana en horas de la ma\u00f1ana del pasado domingo, cuando fue a despertarla para tomar desayuno encontrando a su lado un frasco vac\u00edo con la droga, desconoci\u00e9ndose hasta el momento la cantidad ingerida que le produjo la muerte.<\/p>\n<p>Por orden de la fiscal\u00eda debi\u00f3 concurrir personal de la Brigada de Homicidios de la Polic\u00eda de Investigaciones de Los Andes, quienes realizaron los primeros peritajes al cuerpo de la mujer, descartando la intervenci\u00f3n de terceras personas.<\/p>\n<p>As\u00ed lo se\u00f1al\u00f3 a Diario El Trabajo el Subcomisario de Investigaciones, Carlos Alegr\u00eda: \u201cEl trabajo se enmarca en el sitio del suceso, se examina el cuerpo de una mujer de 34 a\u00f1os que conforme a lo observado correspond\u00eda a una ingesta medicamentosa, estamos a la espera del informe del Servicio M\u00e9dico Legal para establecer la causa exacta de muerte. No presenta ninguna lesi\u00f3n atribuible a terceras personas, probablemente podr\u00eda haber ingerido morfina, pero debemos esperar el informe toxicol\u00f3gico de manera categ\u00f3rica\u201d, se\u00f1al\u00f3 el oficial.<\/p>\n<p>El subcomisario asegur\u00f3 que de acuerdo a las declaraciones proporcionadas por cercanos y familiares de Mar\u00eda Ang\u00e9lica, arrastraba un cuadro depresivo tras la p\u00e9rdida de su hijo que padec\u00eda leucemia y que estaba siendo tratada en la ciudad de Vi\u00f1a del Mar para la pr\u00e1ctica de sesiones de quimioterapia, donde vecinos incluso realizaron eventos en su beneficio para tratar su enfermedad que desafortunadamente le arrebat\u00f3 la vida al menor.<\/p>\n<p>Mar\u00eda Ang\u00e9lica fue despedida por sus familiares y cercanos conmovidos tras su compleja lucha por superar el destino que le traz\u00f3 la vida para luego ser sepultada en el Cementerio Municipal de la comuna de Llay Llay.<\/p>\n<p>Pablo Salinas Sald\u00edas<\/p>\n<p>&nbsp;<\/p>\n","protected":false},"excerpt":{"rendered":"<p>La joven Mar\u00eda Ang\u00e9lica Orellana Abarca, era una esforzada madre soltera y muy querida entre sus vecinos de Poblaci\u00f3n Santa Teresa de la comuna de Llay Llay. Lamentablemente un cuadro depresivo arrastrado&#8230;<\/p>\n","protected":false},"author":482,"featured_media":50414,"comment_status":"open","ping_status":"closed","sticky":false,"template":"","format":"standard","meta":{"advanced_seo_description":"","jetpack_seo_html_title":"","jetpack_seo_noindex":false,"_jetpack_memberships_contains_paid_content":false,"footnotes":""},"categories":[21],"tags":[],"class_list":["post-50413","post","type-post","status-publish","format-standard","has-post-thumbnail","hentry","category-policial"],"jetpack_featured_media_url":"https:\/\/i0.wp.com\/eltrabajo.cl\/portal\/wp-content\/uploads\/2014\/08\/mar%C3%ADa-angelica-suicida.jpg?fit=530%2C530&ssl=1","jetpack_sharing_enabled":true,"jetpack_likes_enabled":true,"jetpack-related-posts":[],"_links":{"self":[{"href":"https:\/\/eltrabajo.cl\/portal\/wp-json\/wp\/v2\/posts\/50413","targetHints":{"allow":["GET"]}}],"collection":[{"href":"https:\/\/eltrabajo.cl\/portal\/wp-json\/wp\/v2\/posts"}],"about":[{"href":"https:\/\/eltrabajo.cl\/portal\/wp-json\/wp\/v2\/types\/post"}],"author":[{"embeddable":true,"href":"https:\/\/eltrabajo.cl\/portal\/wp-json\/wp\/v2\/users\/482"}],"replies":[{"embeddable":true,"href":"https:\/\/eltrabajo.cl\/portal\/wp-json\/wp\/v2\/comments?post=50413"}],"version-history":[{"count":0,"href":"https:\/\/eltrabajo.cl\/portal\/wp-json\/wp\/v2\/posts\/50413\/revisions"}],"wp:featuredmedia":[{"embeddable":true,"href":"https:\/\/eltrabajo.cl\/portal\/wp-json\/wp\/v2\/media\/50414"}],"wp:attachment":[{"href":"https:\/\/eltrabajo.cl\/portal\/wp-json\/wp\/v2\/media?parent=50413"}],"wp:term":[{"taxonomy":"category","embeddable":true,"href":"https:\/\/eltrabajo.cl\/portal\/wp-json\/wp\/v2\/categories?post=50413"},{"taxonomy":"post_tag","embeddable":true,"href":"https:\/\/eltrabajo.cl\/portal\/wp-json\/wp\/v2\/tags?post=50413"}],"curies":[{"name":"wp","href":"https:\/\/api.w.org\/{rel}","templated":true}]}}