{"id":50417,"date":"2014-08-27T09:53:21","date_gmt":"2014-08-27T13:53:21","guid":{"rendered":"http:\/\/www.eltrabajo.cl\/portal\/?p=50417"},"modified":"2014-08-27T09:58:36","modified_gmt":"2014-08-27T13:58:36","slug":"en-una-semana-cafe-dvelasco-ha-sido-tres-veces-victima-de-robos","status":"publish","type":"post","link":"https:\/\/eltrabajo.cl\/portal\/en-una-semana-cafe-dvelasco-ha-sido-tres-veces-victima-de-robos\/","title":{"rendered":"En una semana Caf\u00e9 D\u2019Velasco ha sido tres veces v\u00edctima de robos"},"content":{"rendered":"<figure id=\"attachment_50423\" aria-describedby=\"caption-attachment-50423\" style=\"width: 370px\" class=\"wp-caption alignleft\"><a href=\"https:\/\/i0.wp.com\/www.eltrabajo.cl\/portal\/wp-content\/uploads\/2014\/08\/VENTANA1.jpg\"><img data-recalc-dims=\"1\" loading=\"lazy\" decoding=\"async\" class=\" wp-image-50423 \" alt=\"Los antisociales destruyeron una ventana y la pared del local para sustraer insumos, herramientas y materiales de cocina.\" src=\"https:\/\/i0.wp.com\/www.eltrabajo.cl\/portal\/wp-content\/uploads\/2014\/08\/VENTANA1.jpg?resize=370%2C400\" width=\"370\" height=\"400\" srcset=\"https:\/\/i0.wp.com\/eltrabajo.cl\/portal\/wp-content\/uploads\/2014\/08\/VENTANA1.jpg?w=529&amp;ssl=1 529w, https:\/\/i0.wp.com\/eltrabajo.cl\/portal\/wp-content\/uploads\/2014\/08\/VENTANA1.jpg?resize=138%2C150&amp;ssl=1 138w, https:\/\/i0.wp.com\/eltrabajo.cl\/portal\/wp-content\/uploads\/2014\/08\/VENTANA1.jpg?resize=277%2C300&amp;ssl=1 277w, https:\/\/i0.wp.com\/eltrabajo.cl\/portal\/wp-content\/uploads\/2014\/08\/VENTANA1.jpg?resize=400%2C432&amp;ssl=1 400w\" sizes=\"auto, (max-width: 370px) 100vw, 370px\" \/><\/a><figcaption id=\"caption-attachment-50423\" class=\"wp-caption-text\">Los antisociales destruyeron una ventana y la pared del local para sustraer insumos, herramientas y materiales de cocina.<\/figcaption><\/figure>\n<p>Por tercera vez en menos de una semana, Caf\u00e9 D\u2019Velasco fue nuevamente v\u00edctima de robo, en donde los delincuentes ingresaron destruyendo el vidrio de una ventana y una pared, para sustraer diversos insumos, herramientas y materiales de la cocina.<\/p>\n<p>El hecho qued\u00f3 al descubierto en horas de la ma\u00f1ana de ayer martes, cuando los propietarios se percataron de lo ocurrido, situaci\u00f3n que ha generado bastante indignaci\u00f3n tras ser nuevamente blanco de antisociales, mismos que hacen de las suyas dentro del establecimiento, generando da\u00f1os y p\u00e9rdidas considerables avaluadas en $2 millones en estos \u00faltimos atracos, tal como lo inform\u00f3 uno de los socios del Caf\u00e9, Jorge Leiva.<\/p>\n<figure id=\"attachment_50419\" aria-describedby=\"caption-attachment-50419\" style=\"width: 370px\" class=\"wp-caption alignright\"><a href=\"https:\/\/i0.wp.com\/www.eltrabajo.cl\/portal\/wp-content\/uploads\/2014\/08\/Frontis-Cafe.jpg\"><img data-recalc-dims=\"1\" loading=\"lazy\" decoding=\"async\" class=\" wp-image-50419 \" alt=\"Caf\u00e9 D\u2019Velasco ubicado en Calle Merced esquina Toro Mazote ha sido asaltada tres veces en menos de una semana por desconocidos.\" src=\"https:\/\/i0.wp.com\/www.eltrabajo.cl\/portal\/wp-content\/uploads\/2014\/08\/Frontis-Cafe.jpg?resize=370%2C281\" width=\"370\" height=\"281\" srcset=\"https:\/\/i0.wp.com\/eltrabajo.cl\/portal\/wp-content\/uploads\/2014\/08\/Frontis-Cafe.jpg?w=528&amp;ssl=1 528w, https:\/\/i0.wp.com\/eltrabajo.cl\/portal\/wp-content\/uploads\/2014\/08\/Frontis-Cafe.jpg?resize=197%2C150&amp;ssl=1 197w, https:\/\/i0.wp.com\/eltrabajo.cl\/portal\/wp-content\/uploads\/2014\/08\/Frontis-Cafe.jpg?resize=300%2C227&amp;ssl=1 300w, https:\/\/i0.wp.com\/eltrabajo.cl\/portal\/wp-content\/uploads\/2014\/08\/Frontis-Cafe.jpg?resize=150%2C113&amp;ssl=1 150w, https:\/\/i0.wp.com\/eltrabajo.cl\/portal\/wp-content\/uploads\/2014\/08\/Frontis-Cafe.jpg?resize=400%2C303&amp;ssl=1 400w\" sizes=\"auto, (max-width: 370px) 100vw, 370px\" \/><\/a><figcaption id=\"caption-attachment-50419\" class=\"wp-caption-text\">Caf\u00e9 D\u2019Velasco ubicado en Calle Merced esquina Toro Mazote ha sido asaltada tres veces en menos de una semana por desconocidos.<\/figcaption><\/figure>\n<p><strong>MUY DESANIMADOS<\/strong><\/p>\n<p>\u00abUno de los vidrios de la cocina estaba roto, encontramos desordenado, faltaban algunos materiales, dejamos lo m\u00e1s cerrado posible y hoy d\u00eda (ayer) nuevamente en el transcurso de la ma\u00f1ana, cuando llegaron a abrir se dieron cuenta de que entraron a robar, porque rompieron paredes y vidrios. Esta vez nos robaron insumos, productos, herramientas de trabajo, esto ya es algo personal con un trasfondo distinto; es el da\u00f1o que hacen, no hay necesidad de romper todo\u00bb, explic\u00f3 Leiva.<\/p>\n<p>Como ha sido una constante, los comerciantes han invertido en diversos sistemas de seguridad, mismos que no han dado frutos en la protecci\u00f3n del establecimiento. \u00abTodo esto hace que los antisociales se entusiasmen m\u00e1s y vean m\u00e1s vulnerable este local, pero uno tiene que funcionar, es un negocio peque\u00f1o y al final del d\u00eda te desanima\u00bb, relat\u00f3 Leiva.<\/p>\n<p>Desde la inauguraci\u00f3n del Caf\u00e9 ubicado en Calle Merced esquina Toro Mazote en San Felipe, se ha distinguido como un espacio abierto para visualizar el cielo, el antiguo campanario y las calles aleda\u00f1as al recinto, estructura que ha debido en parte invertir millonarias cifras en seguridad para el combate de la delincuencia.<\/p>\n<p>Las denuncias han sido notificadas a la Polic\u00eda sin lograr establecer qui\u00e9nes son los autores de estos delitos: \u00abCarabineros apareci\u00f3 al momento sin problemas, ya la medida que vamos a tomar ahora va a tener que poner un guardia o un sistema m\u00e1s personal de seguridad, tener una alarma es poco porque entre que se active la alarma y te avisen, los tipos salen arrancando, es muy r\u00e1pido, en ese escenario vamos a tener que tomar medidas m\u00e1s concretas, en tener personas ac\u00e1 adentro pero no sabemos cu\u00e1ntos entran, si est\u00e1n armados, por el nivel de violencia que act\u00faan\u00bb, concluy\u00f3 uno de los propietarios.<\/p>\n<p>Pablo Salinas Sald\u00edas<\/p>\n","protected":false},"excerpt":{"rendered":"<p>Por tercera vez en menos de una semana, Caf\u00e9 D\u2019Velasco fue nuevamente v\u00edctima de robo, en donde los delincuentes ingresaron destruyendo el vidrio de una ventana y una pared, para sustraer diversos&#8230;<\/p>\n","protected":false},"author":482,"featured_media":50423,"comment_status":"open","ping_status":"closed","sticky":false,"template":"","format":"standard","meta":{"advanced_seo_description":"","jetpack_seo_html_title":"","jetpack_seo_noindex":false,"_jetpack_memberships_contains_paid_content":false,"footnotes":""},"categories":[21],"tags":[],"class_list":["post-50417","post","type-post","status-publish","format-standard","has-post-thumbnail","hentry","category-policial"],"jetpack_featured_media_url":"https:\/\/i0.wp.com\/eltrabajo.cl\/portal\/wp-content\/uploads\/2014\/08\/VENTANA1.jpg?fit=529%2C572&ssl=1","jetpack_sharing_enabled":true,"jetpack_likes_enabled":true,"jetpack-related-posts":[],"_links":{"self":[{"href":"https:\/\/eltrabajo.cl\/portal\/wp-json\/wp\/v2\/posts\/50417","targetHints":{"allow":["GET"]}}],"collection":[{"href":"https:\/\/eltrabajo.cl\/portal\/wp-json\/wp\/v2\/posts"}],"about":[{"href":"https:\/\/eltrabajo.cl\/portal\/wp-json\/wp\/v2\/types\/post"}],"author":[{"embeddable":true,"href":"https:\/\/eltrabajo.cl\/portal\/wp-json\/wp\/v2\/users\/482"}],"replies":[{"embeddable":true,"href":"https:\/\/eltrabajo.cl\/portal\/wp-json\/wp\/v2\/comments?post=50417"}],"version-history":[{"count":0,"href":"https:\/\/eltrabajo.cl\/portal\/wp-json\/wp\/v2\/posts\/50417\/revisions"}],"wp:featuredmedia":[{"embeddable":true,"href":"https:\/\/eltrabajo.cl\/portal\/wp-json\/wp\/v2\/media\/50423"}],"wp:attachment":[{"href":"https:\/\/eltrabajo.cl\/portal\/wp-json\/wp\/v2\/media?parent=50417"}],"wp:term":[{"taxonomy":"category","embeddable":true,"href":"https:\/\/eltrabajo.cl\/portal\/wp-json\/wp\/v2\/categories?post=50417"},{"taxonomy":"post_tag","embeddable":true,"href":"https:\/\/eltrabajo.cl\/portal\/wp-json\/wp\/v2\/tags?post=50417"}],"curies":[{"name":"wp","href":"https:\/\/api.w.org\/{rel}","templated":true}]}}