{"id":50433,"date":"2014-08-28T09:21:21","date_gmt":"2014-08-28T13:21:21","guid":{"rendered":"http:\/\/www.eltrabajo.cl\/portal\/?p=50433"},"modified":"2014-08-28T09:21:21","modified_gmt":"2014-08-28T13:21:21","slug":"todos-a-correr-la-primera-urbanatlon-este-domingo","status":"publish","type":"post","link":"https:\/\/eltrabajo.cl\/portal\/todos-a-correr-la-primera-urbanatlon-este-domingo\/","title":{"rendered":"Todos a correr la primera \u2018Urbanatl\u00f3n\u2019 este domingo"},"content":{"rendered":"<figure id=\"attachment_50434\" aria-describedby=\"caption-attachment-50434\" style=\"width: 370px\" class=\"wp-caption alignleft\"><a href=\"https:\/\/i0.wp.com\/www.eltrabajo.cl\/portal\/wp-content\/uploads\/2014\/08\/Urbanatlon1.jpg\"><img data-recalc-dims=\"1\" loading=\"lazy\" decoding=\"async\" class=\" wp-image-50434 \" alt=\"GENIAL INICIATIVA.- Se trata de una actividad que se llevar\u00e1 a cabo en Alameda Chacabuco y que en la jerga deportiva se denomina \u2018Urbanatl\u00f3n\u2019, y se realizar\u00e1 este domingo 31 de agosto a partir de las 10:00 horas. (Archivo)\" src=\"https:\/\/i0.wp.com\/www.eltrabajo.cl\/portal\/wp-content\/uploads\/2014\/08\/Urbanatlon1.jpg?resize=370%2C450\" width=\"370\" height=\"450\" srcset=\"https:\/\/i0.wp.com\/eltrabajo.cl\/portal\/wp-content\/uploads\/2014\/08\/Urbanatlon1.jpg?w=529&amp;ssl=1 529w, https:\/\/i0.wp.com\/eltrabajo.cl\/portal\/wp-content\/uploads\/2014\/08\/Urbanatlon1.jpg?resize=123%2C150&amp;ssl=1 123w, https:\/\/i0.wp.com\/eltrabajo.cl\/portal\/wp-content\/uploads\/2014\/08\/Urbanatlon1.jpg?resize=246%2C300&amp;ssl=1 246w, https:\/\/i0.wp.com\/eltrabajo.cl\/portal\/wp-content\/uploads\/2014\/08\/Urbanatlon1.jpg?resize=400%2C486&amp;ssl=1 400w\" sizes=\"auto, (max-width: 370px) 100vw, 370px\" \/><\/a><figcaption id=\"caption-attachment-50434\" class=\"wp-caption-text\">GENIAL INICIATIVA.- Se trata de una actividad que se llevar\u00e1 a cabo en Alameda Chacabuco y que en la jerga deportiva se denomina \u2018Urbanatl\u00f3n\u2019, y se realizar\u00e1 este domingo 31 de agosto a partir de las 10:00 horas. (Archivo)<\/figcaption><\/figure>\n<p>Para este domingo 31 de agosto a partir de las 10:00 horas, est\u00e1 programada la primera carrera con obst\u00e1culos que organiza la Municipalidad de San Felipe a trav\u00e9s del Departamento de Deportes que dirige Danilo Pe\u00f1a. Se trata de una actividad que se llevar\u00e1 a cabo en Alameda Chacabuco y que en la jerga deportiva se denomina \u2018Urbanatl\u00f3n\u2019.<\/p>\n<figure id=\"attachment_50435\" aria-describedby=\"caption-attachment-50435\" style=\"width: 317px\" class=\"wp-caption alignright\"><a href=\"https:\/\/i0.wp.com\/www.eltrabajo.cl\/portal\/wp-content\/uploads\/2014\/08\/Danilo-Pena.jpg\"><img data-recalc-dims=\"1\" loading=\"lazy\" decoding=\"async\" class=\" wp-image-50435 \" alt=\"Director del Departamento de Deportes, Danilo Pe\u00f1a.\" src=\"https:\/\/i0.wp.com\/www.eltrabajo.cl\/portal\/wp-content\/uploads\/2014\/08\/Danilo-Pena.jpg?resize=317%2C310\" width=\"317\" height=\"310\" srcset=\"https:\/\/i0.wp.com\/eltrabajo.cl\/portal\/wp-content\/uploads\/2014\/08\/Danilo-Pena.jpg?w=529&amp;ssl=1 529w, https:\/\/i0.wp.com\/eltrabajo.cl\/portal\/wp-content\/uploads\/2014\/08\/Danilo-Pena.jpg?resize=153%2C150&amp;ssl=1 153w, https:\/\/i0.wp.com\/eltrabajo.cl\/portal\/wp-content\/uploads\/2014\/08\/Danilo-Pena.jpg?resize=300%2C292&amp;ssl=1 300w, https:\/\/i0.wp.com\/eltrabajo.cl\/portal\/wp-content\/uploads\/2014\/08\/Danilo-Pena.jpg?resize=150%2C146&amp;ssl=1 150w, https:\/\/i0.wp.com\/eltrabajo.cl\/portal\/wp-content\/uploads\/2014\/08\/Danilo-Pena.jpg?resize=400%2C390&amp;ssl=1 400w\" sizes=\"auto, (max-width: 317px) 100vw, 317px\" \/><\/a><figcaption id=\"caption-attachment-50435\" class=\"wp-caption-text\">Director del Departamento de Deportes, Danilo Pe\u00f1a.<\/figcaption><\/figure>\n<p>\u201cHemos coordinado y logrado el respaldo de algunas empresas que nos van a colaborar con obst\u00e1culos tales como buses, camiones, de tal manera que va a ser una actividad s\u00faper entretenida, una actividad familiar, donde el objetivo no es llegar primero, sino que llegar a la meta\u201d, se\u00f1al\u00f3 Danilo Pe\u00f1a.<\/p>\n<p>Para el caso de los m\u00e1s peque\u00f1os que participen, o quienes deseen correr pero presentan alguna dificultad de salud o f\u00edsica, podr\u00e1n integrarse a un recorrido que considera una distancia de 1.500 metros, desde Maip\u00fa con Chacabuco hasta el Club de Tenis Valle de Aconcagua y luego de retorno a la misma largada; mientras que en el caso de aquellos que tengan la preparaci\u00f3n f\u00edsica correspondiente, tendr\u00e1n que realizar dos vueltas del mismo circuito.<\/p>\n<p>Seg\u00fan dijo Pe\u00f1a, no es una casualidad que se desarrolle este tipo de iniciativa en la comuna, considerando que es la primera vez que se efect\u00faa una carrera con obst\u00e1culos. Explic\u00f3 que por disposici\u00f3n del Alcalde Patricio Freire, se ha instruido la generaci\u00f3n de diferentes instancias deportivas, que en definitiva permitan integrar la mayor cantidad de disciplinas para todos los gustos y preferencias.<\/p>\n<p>\u201cDejo cordialmente invitada la comunidad, para que participe de esta actividad que ser\u00e1 muy entretenida, donde estamos trabajando como Departamento de Deportes, en conjunto con el Departamento de Aseo, Talleres, Cesfam y Carabineros. Los interesados pueden inscribirse en el Departamento de Deportes, en Carlos Condell casi esquina de Traslavi\u00f1a\u201d, puntualiz\u00f3 el funcionario.<\/p>\n<p>&nbsp;<\/p>\n","protected":false},"excerpt":{"rendered":"<p>Para este domingo 31 de agosto a partir de las 10:00 horas, est\u00e1 programada la primera carrera con obst\u00e1culos que organiza la Municipalidad de San Felipe a trav\u00e9s del Departamento de Deportes&#8230;<\/p>\n","protected":false},"author":482,"featured_media":50434,"comment_status":"open","ping_status":"closed","sticky":false,"template":"","format":"standard","meta":{"advanced_seo_description":"","jetpack_seo_html_title":"","jetpack_seo_noindex":false,"_jetpack_memberships_contains_paid_content":false,"footnotes":""},"categories":[15],"tags":[],"class_list":["post-50433","post","type-post","status-publish","format-standard","has-post-thumbnail","hentry","category-comunidad"],"jetpack_featured_media_url":"https:\/\/i0.wp.com\/eltrabajo.cl\/portal\/wp-content\/uploads\/2014\/08\/Urbanatlon1.jpg?fit=529%2C643&ssl=1","jetpack_sharing_enabled":true,"jetpack_likes_enabled":true,"jetpack-related-posts":[],"_links":{"self":[{"href":"https:\/\/eltrabajo.cl\/portal\/wp-json\/wp\/v2\/posts\/50433","targetHints":{"allow":["GET"]}}],"collection":[{"href":"https:\/\/eltrabajo.cl\/portal\/wp-json\/wp\/v2\/posts"}],"about":[{"href":"https:\/\/eltrabajo.cl\/portal\/wp-json\/wp\/v2\/types\/post"}],"author":[{"embeddable":true,"href":"https:\/\/eltrabajo.cl\/portal\/wp-json\/wp\/v2\/users\/482"}],"replies":[{"embeddable":true,"href":"https:\/\/eltrabajo.cl\/portal\/wp-json\/wp\/v2\/comments?post=50433"}],"version-history":[{"count":0,"href":"https:\/\/eltrabajo.cl\/portal\/wp-json\/wp\/v2\/posts\/50433\/revisions"}],"wp:featuredmedia":[{"embeddable":true,"href":"https:\/\/eltrabajo.cl\/portal\/wp-json\/wp\/v2\/media\/50434"}],"wp:attachment":[{"href":"https:\/\/eltrabajo.cl\/portal\/wp-json\/wp\/v2\/media?parent=50433"}],"wp:term":[{"taxonomy":"category","embeddable":true,"href":"https:\/\/eltrabajo.cl\/portal\/wp-json\/wp\/v2\/categories?post=50433"},{"taxonomy":"post_tag","embeddable":true,"href":"https:\/\/eltrabajo.cl\/portal\/wp-json\/wp\/v2\/tags?post=50433"}],"curies":[{"name":"wp","href":"https:\/\/api.w.org\/{rel}","templated":true}]}}