{"id":50438,"date":"2014-08-28T09:22:49","date_gmt":"2014-08-28T13:22:49","guid":{"rendered":"http:\/\/www.eltrabajo.cl\/portal\/?p=50438"},"modified":"2014-08-28T09:22:49","modified_gmt":"2014-08-28T13:22:49","slug":"condores-pedaleros-haran-foto-para-promover-uso-de-bicicletas","status":"publish","type":"post","link":"https:\/\/eltrabajo.cl\/portal\/condores-pedaleros-haran-foto-para-promover-uso-de-bicicletas\/","title":{"rendered":"\u2018C\u00f3ndores pedaleros\u2019 har\u00e1n foto para promover uso de bicicletas"},"content":{"rendered":"<figure id=\"attachment_50439\" aria-describedby=\"caption-attachment-50439\" style=\"width: 529px\" class=\"wp-caption alignnone\"><a href=\"https:\/\/i0.wp.com\/www.eltrabajo.cl\/portal\/wp-content\/uploads\/2014\/08\/Condores1.jpg\"><img data-recalc-dims=\"1\" loading=\"lazy\" decoding=\"async\" class=\"size-full wp-image-50439\" alt=\"El Movimiento Pro-bicicleta C\u00f3ndores pedaleros indic\u00f3 que tendr\u00e1 estacionamientos vigilados para bicicletas el d\u00eda de la actividad.\" src=\"https:\/\/i0.wp.com\/www.eltrabajo.cl\/portal\/wp-content\/uploads\/2014\/08\/Condores1.jpg?resize=529%2C310\" width=\"529\" height=\"310\" srcset=\"https:\/\/i0.wp.com\/eltrabajo.cl\/portal\/wp-content\/uploads\/2014\/08\/Condores1.jpg?w=529&amp;ssl=1 529w, https:\/\/i0.wp.com\/eltrabajo.cl\/portal\/wp-content\/uploads\/2014\/08\/Condores1.jpg?resize=200%2C117&amp;ssl=1 200w, https:\/\/i0.wp.com\/eltrabajo.cl\/portal\/wp-content\/uploads\/2014\/08\/Condores1.jpg?resize=300%2C175&amp;ssl=1 300w, https:\/\/i0.wp.com\/eltrabajo.cl\/portal\/wp-content\/uploads\/2014\/08\/Condores1.jpg?resize=150%2C87&amp;ssl=1 150w, https:\/\/i0.wp.com\/eltrabajo.cl\/portal\/wp-content\/uploads\/2014\/08\/Condores1.jpg?resize=400%2C234&amp;ssl=1 400w\" sizes=\"auto, (max-width: 529px) 100vw, 529px\" \/><\/a><figcaption id=\"caption-attachment-50439\" class=\"wp-caption-text\">El Movimiento Pro-bicicleta C\u00f3ndores pedaleros indic\u00f3 que tendr\u00e1 estacionamientos vigilados para bicicletas el d\u00eda de la actividad.<\/figcaption><\/figure>\n<p><strong>LOS ANDES<\/strong>.- Desde hace alg\u00fan tiempo en Chile y en Aconcagua, se est\u00e1n llevando a cabo diversas acciones y movilizaciones para promover el uso de la bicicleta, el respeto a los ciclistas y el desarrollo de ciclov\u00edas. En ese contexto, el Movimiento Pro-bicicleta C\u00f3ndores pedaleros de la ciudad de Los Andes, viene desarrollando acciones sociales y urbanas para promover el uso de la bicicleta como medio de transporte. Ahora, est\u00e1 organizando el primer Foro-feria sobre la bicicleta en Aconcagua, este s\u00e1bado 30 de agosto, desde las 11:00 horas en el patio de la gobernaci\u00f3n de Los Andes.<\/p>\n<p>En la actividad, que es gratuita y abierta a toda la comunidad del valle, se realizar\u00e1n dos foros de conversaci\u00f3n, se expondr\u00e1n art\u00edculos para la bicicleta, se exhibir\u00e1n videos, entre otras actividades.<\/p>\n<p>A ese respecto Mat\u00edas Ortiz, Presidente del movimiento, se\u00f1al\u00f3 los objetivos de la actividad, \u201cesta es una instancia de conversaci\u00f3n in\u00e9dita en el Valle del Aconcagua, adem\u00e1s de necesaria, para tocar temas que relevantes y contingentes, como la congesti\u00f3n urbana, la protecci\u00f3n del medio ambiente, la promoci\u00f3n de la salud y las pol\u00edticas p\u00fablicas de calidad, con lo que esperamos contribuir al debate p\u00fablico y el desarrollo de la ciudad\u201d.<\/p>\n<p>El dirigente social afirm\u00f3 que toda la comunidad aconcag\u00fcina est\u00e1 invitada, \u201cEsperamos la asistencia de toda la comunidad, y tambi\u00e9n a las autoridades locales, para que de esta forma podamos crear instancias de conversaci\u00f3n con la autoridad y que la gente abra los ojos frente al gran problema que presenta nuestra ciudad, debido al abuso en el uso del autom\u00f3vil, y mostrar los infinitos beneficios que trae consigo el uso de la bicicleta\u201d.<\/p>\n<p>Por su parte Abel Cortez, del Centro de Investigaci\u00f3n en Turismo y Patrimonio, y uno de los expositores del foro, valor\u00f3 la acci\u00f3n ciudadana, \u201cfelicito la acci\u00f3n de los C\u00f3ndores pedaleros, ya que buscan promover el uso de la bicicleta como medio de transporte eficiente y sustentable, sobre todo en las peque\u00f1as ciudades de provincia como las nuestras. Por ello esta invitaci\u00f3n est\u00e1 hecha a toda la comunidad, y sobre todo para aquellos que por diversos motivos conscientes o inconscientes, no se bajan del auto. Hay que atreverse nom\u00e1s\u201d.<\/p>\n<p>&nbsp;<\/p>\n","protected":false},"excerpt":{"rendered":"<p>LOS ANDES.- Desde hace alg\u00fan tiempo en Chile y en Aconcagua, se est\u00e1n llevando a cabo diversas acciones y movilizaciones para promover el uso de la bicicleta, el respeto a los ciclistas&#8230;<\/p>\n","protected":false},"author":482,"featured_media":50439,"comment_status":"open","ping_status":"closed","sticky":false,"template":"","format":"standard","meta":{"advanced_seo_description":"","jetpack_seo_html_title":"","jetpack_seo_noindex":false,"_jetpack_memberships_contains_paid_content":false,"footnotes":""},"categories":[15],"tags":[],"class_list":["post-50438","post","type-post","status-publish","format-standard","has-post-thumbnail","hentry","category-comunidad"],"jetpack_featured_media_url":"https:\/\/i0.wp.com\/eltrabajo.cl\/portal\/wp-content\/uploads\/2014\/08\/Condores1.jpg?fit=529%2C310&ssl=1","jetpack_sharing_enabled":true,"jetpack_likes_enabled":true,"jetpack-related-posts":[],"_links":{"self":[{"href":"https:\/\/eltrabajo.cl\/portal\/wp-json\/wp\/v2\/posts\/50438","targetHints":{"allow":["GET"]}}],"collection":[{"href":"https:\/\/eltrabajo.cl\/portal\/wp-json\/wp\/v2\/posts"}],"about":[{"href":"https:\/\/eltrabajo.cl\/portal\/wp-json\/wp\/v2\/types\/post"}],"author":[{"embeddable":true,"href":"https:\/\/eltrabajo.cl\/portal\/wp-json\/wp\/v2\/users\/482"}],"replies":[{"embeddable":true,"href":"https:\/\/eltrabajo.cl\/portal\/wp-json\/wp\/v2\/comments?post=50438"}],"version-history":[{"count":0,"href":"https:\/\/eltrabajo.cl\/portal\/wp-json\/wp\/v2\/posts\/50438\/revisions"}],"wp:featuredmedia":[{"embeddable":true,"href":"https:\/\/eltrabajo.cl\/portal\/wp-json\/wp\/v2\/media\/50439"}],"wp:attachment":[{"href":"https:\/\/eltrabajo.cl\/portal\/wp-json\/wp\/v2\/media?parent=50438"}],"wp:term":[{"taxonomy":"category","embeddable":true,"href":"https:\/\/eltrabajo.cl\/portal\/wp-json\/wp\/v2\/categories?post=50438"},{"taxonomy":"post_tag","embeddable":true,"href":"https:\/\/eltrabajo.cl\/portal\/wp-json\/wp\/v2\/tags?post=50438"}],"curies":[{"name":"wp","href":"https:\/\/api.w.org\/{rel}","templated":true}]}}