{"id":50441,"date":"2014-08-28T09:24:02","date_gmt":"2014-08-28T13:24:02","guid":{"rendered":"http:\/\/www.eltrabajo.cl\/portal\/?p=50441"},"modified":"2014-08-28T09:24:02","modified_gmt":"2014-08-28T13:24:02","slug":"cicletada-de-la-juventud-sera-este-sabado","status":"publish","type":"post","link":"https:\/\/eltrabajo.cl\/portal\/cicletada-de-la-juventud-sera-este-sabado\/","title":{"rendered":"Cicletada de la juventud ser\u00e1 este s\u00e1bado"},"content":{"rendered":"<figure id=\"attachment_50442\" aria-describedby=\"caption-attachment-50442\" style=\"width: 317px\" class=\"wp-caption alignleft\"><a href=\"https:\/\/i0.wp.com\/www.eltrabajo.cl\/portal\/wp-content\/uploads\/2014\/08\/Sabina-Castro.jpg\"><img data-recalc-dims=\"1\" loading=\"lazy\" decoding=\"async\" class=\" wp-image-50442 \" alt=\"Encargada de la Oficina de la Juventud, Sabina Castro.\" src=\"https:\/\/i0.wp.com\/www.eltrabajo.cl\/portal\/wp-content\/uploads\/2014\/08\/Sabina-Castro.jpg?resize=317%2C364\" width=\"317\" height=\"364\" srcset=\"https:\/\/i0.wp.com\/eltrabajo.cl\/portal\/wp-content\/uploads\/2014\/08\/Sabina-Castro.jpg?w=529&amp;ssl=1 529w, https:\/\/i0.wp.com\/eltrabajo.cl\/portal\/wp-content\/uploads\/2014\/08\/Sabina-Castro.jpg?resize=130%2C150&amp;ssl=1 130w, https:\/\/i0.wp.com\/eltrabajo.cl\/portal\/wp-content\/uploads\/2014\/08\/Sabina-Castro.jpg?resize=261%2C300&amp;ssl=1 261w, https:\/\/i0.wp.com\/eltrabajo.cl\/portal\/wp-content\/uploads\/2014\/08\/Sabina-Castro.jpg?resize=400%2C458&amp;ssl=1 400w\" sizes=\"auto, (max-width: 317px) 100vw, 317px\" \/><\/a><figcaption id=\"caption-attachment-50442\" class=\"wp-caption-text\">Encargada de la Oficina de la Juventud, Sabina Castro.<\/figcaption><\/figure>\n<p>Para este s\u00e1bado a partir de las 10:30 horas en la Plaza C\u00edvica de San Felipe, est\u00e1 prevista la partida de la gran cicletada por los derechos de los j\u00f3venes, actividad que organiza precisamente la Oficina de la Juventud, dependiente de la municipalidad, instancia que reci\u00e9n inicia su labor en la comuna y que responde a uno de los compromisos de campa\u00f1a del Alcalde Patricio Freire.<\/p>\n<p>La informaci\u00f3n la entreg\u00f3 la encargada de esta unidad, quien trabaja bajo la coordinaci\u00f3n de la Direcci\u00f3n de Desarrollo Comunitario, Sabina Castro, quien coment\u00f3 que la actividad tiene un car\u00e1cter familiar, por lo que no est\u00e1 destinada exclusivamente a los j\u00f3venes de la ciudad, aun cuando ellos son los principales invitados.<\/p>\n<p>Castro explic\u00f3 que \u00abla cicletada es vista no s\u00f3lo con un af\u00e1n recreativo, sino que tambi\u00e9n con la mirada del fortalecimiento de las iniciativas por una vida saludable a trav\u00e9s de la actividad f\u00edsica\u00bb. La profesional coment\u00f3 que el recorrido que realizar\u00e1n los asistentes a la cicletada es absolutamente posible de desarrollar por grandes y chicos, resaltando que para ello se cuenta con el respaldo de Carabineros, al tiempo que habr\u00e1 banderilleros en los sectores que corresponda para indicar la ruta.<\/p>\n<p>As\u00ed, este recorrido considera la calle Salinas como punto de partida, O\u2019Higgins, Yungay, Miraflores, Rotonda de Almendral, Tocornal, Prat y Plaza de Armas. Recalc\u00f3 en este sentido que la cicletada no tiene un car\u00e1cter competitivo, sino que \u00abpretende convertirse en una instancia que permita compartir con los j\u00f3venes, m\u00e1s a\u00fan entendiendo que un porcentaje importante de ellos aboga por incentivar el uso de la bicicleta, como una opci\u00f3n de transporte no contaminante y saludable, adem\u00e1s, buscamos con esta actividad, dar m\u00e1s fuerza a la petici\u00f3n que han realizado los j\u00f3venes en cuanto a contar con ciclov\u00edas, compromiso que tambi\u00e9n est\u00e1 trabajando la administraci\u00f3n municipal del alcalde Patricio Freire\u00bb, puntualiz\u00f3 Sabina Castro.<\/p>\n","protected":false},"excerpt":{"rendered":"<p>Para este s\u00e1bado a partir de las 10:30 horas en la Plaza C\u00edvica de San Felipe, est\u00e1 prevista la partida de la gran cicletada por los derechos de los j\u00f3venes, actividad que&#8230;<\/p>\n","protected":false},"author":482,"featured_media":50442,"comment_status":"open","ping_status":"closed","sticky":false,"template":"","format":"standard","meta":{"advanced_seo_description":"","jetpack_seo_html_title":"","jetpack_seo_noindex":false,"_jetpack_memberships_contains_paid_content":false,"footnotes":""},"categories":[15],"tags":[],"class_list":["post-50441","post","type-post","status-publish","format-standard","has-post-thumbnail","hentry","category-comunidad"],"jetpack_featured_media_url":"https:\/\/i0.wp.com\/eltrabajo.cl\/portal\/wp-content\/uploads\/2014\/08\/Sabina-Castro.jpg?fit=529%2C606&ssl=1","jetpack_sharing_enabled":true,"jetpack_likes_enabled":true,"jetpack-related-posts":[],"_links":{"self":[{"href":"https:\/\/eltrabajo.cl\/portal\/wp-json\/wp\/v2\/posts\/50441","targetHints":{"allow":["GET"]}}],"collection":[{"href":"https:\/\/eltrabajo.cl\/portal\/wp-json\/wp\/v2\/posts"}],"about":[{"href":"https:\/\/eltrabajo.cl\/portal\/wp-json\/wp\/v2\/types\/post"}],"author":[{"embeddable":true,"href":"https:\/\/eltrabajo.cl\/portal\/wp-json\/wp\/v2\/users\/482"}],"replies":[{"embeddable":true,"href":"https:\/\/eltrabajo.cl\/portal\/wp-json\/wp\/v2\/comments?post=50441"}],"version-history":[{"count":0,"href":"https:\/\/eltrabajo.cl\/portal\/wp-json\/wp\/v2\/posts\/50441\/revisions"}],"wp:featuredmedia":[{"embeddable":true,"href":"https:\/\/eltrabajo.cl\/portal\/wp-json\/wp\/v2\/media\/50442"}],"wp:attachment":[{"href":"https:\/\/eltrabajo.cl\/portal\/wp-json\/wp\/v2\/media?parent=50441"}],"wp:term":[{"taxonomy":"category","embeddable":true,"href":"https:\/\/eltrabajo.cl\/portal\/wp-json\/wp\/v2\/categories?post=50441"},{"taxonomy":"post_tag","embeddable":true,"href":"https:\/\/eltrabajo.cl\/portal\/wp-json\/wp\/v2\/tags?post=50441"}],"curies":[{"name":"wp","href":"https:\/\/api.w.org\/{rel}","templated":true}]}}