{"id":50462,"date":"2014-08-28T09:30:45","date_gmt":"2014-08-28T13:30:45","guid":{"rendered":"http:\/\/www.eltrabajo.cl\/portal\/?p=50462"},"modified":"2014-08-28T09:30:45","modified_gmt":"2014-08-28T13:30:45","slug":"pillos-casi-desmantelan-vehiculo-que-sufrio-desperfecto-mecanico-en-sahonde","status":"publish","type":"post","link":"https:\/\/eltrabajo.cl\/portal\/pillos-casi-desmantelan-vehiculo-que-sufrio-desperfecto-mecanico-en-sahonde\/","title":{"rendered":"Pillos casi desmantelan veh\u00edculo que sufri\u00f3 desperfecto mec\u00e1nico en Sahonde"},"content":{"rendered":"<figure id=\"attachment_50463\" aria-describedby=\"caption-attachment-50463\" style=\"width: 529px\" class=\"wp-caption alignnone\"><a href=\"https:\/\/i0.wp.com\/www.eltrabajo.cl\/portal\/wp-content\/uploads\/2014\/08\/Sahonde1.jpg\"><img data-recalc-dims=\"1\" loading=\"lazy\" decoding=\"async\" class=\"size-full wp-image-50463\" alt=\"Con posterioridad, los efectivos policiales comprobaron que el propietario del autom\u00f3vil, que reside en Putaendo, lo hab\u00eda dejado en ese lugar tras sufrir un desperfecto mec\u00e1nico.\" src=\"https:\/\/i0.wp.com\/www.eltrabajo.cl\/portal\/wp-content\/uploads\/2014\/08\/Sahonde1.jpg?resize=529%2C346\" width=\"529\" height=\"346\" srcset=\"https:\/\/i0.wp.com\/eltrabajo.cl\/portal\/wp-content\/uploads\/2014\/08\/Sahonde1.jpg?w=529&amp;ssl=1 529w, https:\/\/i0.wp.com\/eltrabajo.cl\/portal\/wp-content\/uploads\/2014\/08\/Sahonde1.jpg?resize=200%2C130&amp;ssl=1 200w, https:\/\/i0.wp.com\/eltrabajo.cl\/portal\/wp-content\/uploads\/2014\/08\/Sahonde1.jpg?resize=300%2C196&amp;ssl=1 300w, https:\/\/i0.wp.com\/eltrabajo.cl\/portal\/wp-content\/uploads\/2014\/08\/Sahonde1.jpg?resize=150%2C98&amp;ssl=1 150w, https:\/\/i0.wp.com\/eltrabajo.cl\/portal\/wp-content\/uploads\/2014\/08\/Sahonde1.jpg?resize=400%2C261&amp;ssl=1 400w\" sizes=\"auto, (max-width: 529px) 100vw, 529px\" \/><\/a><figcaption id=\"caption-attachment-50463\" class=\"wp-caption-text\">Con posterioridad, los efectivos policiales comprobaron que el propietario del autom\u00f3vil, que reside en Putaendo, lo hab\u00eda dejado en ese lugar tras sufrir un desperfecto mec\u00e1nico.<\/figcaption><\/figure>\n<p><strong>PUTAENDO.<\/strong>&#8211; Un veh\u00edculo que sufri\u00f3 un desperfecto mec\u00e1nico en un cerro de Sahonde, fue v\u00edctima del actuar de algunos sujetos que intentaron robar especies y llevarse el autom\u00f3vil del lugar. El veh\u00edculo Chevrolet Corsa, patente UR-74-95, seg\u00fan se\u00f1alaron vecinos de Sahonde, qued\u00f3 en ese lugar pasado el mediod\u00eda del lunes en la bajada de un camino que conduce a una antena telef\u00f3nica.<\/p>\n<p>Fue en horas de la ma\u00f1ana de este martes cuando algunos vecinos advirtieron que al menos dos sujetos merodeaban el lugar e intentaban abrir el veh\u00edculo, incluso tratando de desengancharlo cerro abajo, lo que origin\u00f3 que el autom\u00f3vil perdiera una de sus ruedas que presentaba un desperfecto mec\u00e1nico.<\/p>\n<p>Carabineros de Putaendo se traslad\u00f3 al lugar y primeramente verific\u00f3 que el veh\u00edculo no ten\u00eda encargo por robo y que efectivamente presentaba da\u00f1os en el parabrisas, aparentemente producto de un golpe, al igual que en la parte trasera. Adem\u00e1s el personal policial corrobor\u00f3 que una de las ruedas del m\u00f3vil hab\u00eda salido desde su posici\u00f3n, probablemente debido a un desperfecto mec\u00e1nico.<\/p>\n<p>Con posterioridad, los efectivos policiales comprobaron que el propietario del autom\u00f3vil, que reside en Putaendo, lo hab\u00eda dejado en ese lugar tras sufrir un desperfecto mec\u00e1nico, espec\u00edficamente una falla de bater\u00eda, por lo que se comprometi\u00f3 a retirar su veh\u00edculo desde ese lugar en horas de la tarde de este mi\u00e9rcoles.<\/p>\n<p>Carabineros confirm\u00f3 que R.S.V.V. de 27 a\u00f1os de edad, fue puesto a disposici\u00f3n de tribunales bajo los cargos de porte ilegal de arma blanca y C.E.R.G., de 24 a\u00f1os de edad, bajo los cargos de da\u00f1o a propiedad fiscal. Luego de comparecer ante el Tribunal de Putaendo en horas de la tarde del mi\u00e9rcoles, ambos detenidos quedaron en libertad.<\/p>\n<p>Patricio Gallardo M.<\/p>\n<p>&nbsp;<\/p>\n","protected":false},"excerpt":{"rendered":"<p>PUTAENDO.&#8211; Un veh\u00edculo que sufri\u00f3 un desperfecto mec\u00e1nico en un cerro de Sahonde, fue v\u00edctima del actuar de algunos sujetos que intentaron robar especies y llevarse el autom\u00f3vil del lugar. El veh\u00edculo&#8230;<\/p>\n","protected":false},"author":482,"featured_media":50463,"comment_status":"open","ping_status":"closed","sticky":false,"template":"","format":"standard","meta":{"advanced_seo_description":"","jetpack_seo_html_title":"","jetpack_seo_noindex":false,"_jetpack_memberships_contains_paid_content":false,"footnotes":""},"categories":[21],"tags":[],"class_list":["post-50462","post","type-post","status-publish","format-standard","has-post-thumbnail","hentry","category-policial"],"jetpack_featured_media_url":"https:\/\/i0.wp.com\/eltrabajo.cl\/portal\/wp-content\/uploads\/2014\/08\/Sahonde1.jpg?fit=529%2C346&ssl=1","jetpack_sharing_enabled":true,"jetpack_likes_enabled":true,"jetpack-related-posts":[],"_links":{"self":[{"href":"https:\/\/eltrabajo.cl\/portal\/wp-json\/wp\/v2\/posts\/50462","targetHints":{"allow":["GET"]}}],"collection":[{"href":"https:\/\/eltrabajo.cl\/portal\/wp-json\/wp\/v2\/posts"}],"about":[{"href":"https:\/\/eltrabajo.cl\/portal\/wp-json\/wp\/v2\/types\/post"}],"author":[{"embeddable":true,"href":"https:\/\/eltrabajo.cl\/portal\/wp-json\/wp\/v2\/users\/482"}],"replies":[{"embeddable":true,"href":"https:\/\/eltrabajo.cl\/portal\/wp-json\/wp\/v2\/comments?post=50462"}],"version-history":[{"count":0,"href":"https:\/\/eltrabajo.cl\/portal\/wp-json\/wp\/v2\/posts\/50462\/revisions"}],"wp:featuredmedia":[{"embeddable":true,"href":"https:\/\/eltrabajo.cl\/portal\/wp-json\/wp\/v2\/media\/50463"}],"wp:attachment":[{"href":"https:\/\/eltrabajo.cl\/portal\/wp-json\/wp\/v2\/media?parent=50462"}],"wp:term":[{"taxonomy":"category","embeddable":true,"href":"https:\/\/eltrabajo.cl\/portal\/wp-json\/wp\/v2\/categories?post=50462"},{"taxonomy":"post_tag","embeddable":true,"href":"https:\/\/eltrabajo.cl\/portal\/wp-json\/wp\/v2\/tags?post=50462"}],"curies":[{"name":"wp","href":"https:\/\/api.w.org\/{rel}","templated":true}]}}