{"id":50466,"date":"2014-08-28T09:32:05","date_gmt":"2014-08-28T13:32:05","guid":{"rendered":"http:\/\/www.eltrabajo.cl\/portal\/?p=50466"},"modified":"2014-08-28T09:32:05","modified_gmt":"2014-08-28T13:32:05","slug":"lo-detienen-drogado-y-al-volante-en-control-policial","status":"publish","type":"post","link":"https:\/\/eltrabajo.cl\/portal\/lo-detienen-drogado-y-al-volante-en-control-policial\/","title":{"rendered":"Lo detienen drogado y al volante en control policial"},"content":{"rendered":"<figure id=\"attachment_50467\" aria-describedby=\"caption-attachment-50467\" style=\"width: 370px\" class=\"wp-caption alignleft\"><a href=\"https:\/\/i0.wp.com\/www.eltrabajo.cl\/portal\/wp-content\/uploads\/2014\/08\/Control-Vehicular.jpg\"><img data-recalc-dims=\"1\" loading=\"lazy\" decoding=\"async\" class=\" wp-image-50467 \" alt=\"Personal de Carabineros realiz\u00f3 el control vehicular al imputado, quien fue detenido por conducir en estado f\u00edsico deficiente en la comuna de San Felipe (Foto Referencial).\" src=\"https:\/\/i0.wp.com\/www.eltrabajo.cl\/portal\/wp-content\/uploads\/2014\/08\/Control-Vehicular.jpg?resize=370%2C281\" width=\"370\" height=\"281\" srcset=\"https:\/\/i0.wp.com\/eltrabajo.cl\/portal\/wp-content\/uploads\/2014\/08\/Control-Vehicular.jpg?w=529&amp;ssl=1 529w, https:\/\/i0.wp.com\/eltrabajo.cl\/portal\/wp-content\/uploads\/2014\/08\/Control-Vehicular.jpg?resize=197%2C150&amp;ssl=1 197w, https:\/\/i0.wp.com\/eltrabajo.cl\/portal\/wp-content\/uploads\/2014\/08\/Control-Vehicular.jpg?resize=300%2C227&amp;ssl=1 300w, https:\/\/i0.wp.com\/eltrabajo.cl\/portal\/wp-content\/uploads\/2014\/08\/Control-Vehicular.jpg?resize=150%2C113&amp;ssl=1 150w, https:\/\/i0.wp.com\/eltrabajo.cl\/portal\/wp-content\/uploads\/2014\/08\/Control-Vehicular.jpg?resize=400%2C303&amp;ssl=1 400w\" sizes=\"auto, (max-width: 370px) 100vw, 370px\" \/><\/a><figcaption id=\"caption-attachment-50467\" class=\"wp-caption-text\">Personal de Carabineros realiz\u00f3 el control vehicular al imputado, quien fue detenido por conducir en estado f\u00edsico deficiente en la comuna de San Felipe (Foto Referencial).<\/figcaption><\/figure>\n<p>Tras diversos controles vehiculares desplegados en la comuna de San Felipe, personal de Carabineros detuvo al conductor de un m\u00f3vil que se desplazaba con papelinas de marihuana y en aparente estado de haber consumido la droga minutos antes de ser controlado.<\/p>\n<p>El procedimiento policial ocurri\u00f3 a eso de las 23:00 horas del pasado martes, cuando los efectivos policiales fiscalizaban en Calle Traslavi\u00f1a esquina Uno Norte de la comuna de San Felipe, interceptando un furg\u00f3n marca Peugeot de color blanco, que conduc\u00eda el ciudadano de iniciales J.M.H.A., de 27 a\u00f1os de edad.<\/p>\n<p>Al bajar el vidrio de la puerta del m\u00f3vil, los carabineros se percataron de un fuerte olor a marihuana, por lo cual al realizar una revisi\u00f3n al interior se encontraron restos de un cigarrillo contenedor de la sustancia, junto con dos papelinas que conten\u00edan marihuana sobre la guantera.<\/p>\n<p>Seg\u00fan los antecedentes derivados a la Fiscal\u00eda de San Felipe, el conductor se encontrar\u00eda bajo los efectos de esta droga, toda vez que manten\u00eda sus ojos irritados y de color rojizo, por lo que fue trasladado hasta el Servicio de Urgencias del Hospital San Camilo, neg\u00e1ndose a la pr\u00e1ctica de la alcoholemia de rigor.<\/p>\n<p>En tanto, personal especializado del OS7 de Carabineros elabor\u00f3 un informe pericial, mismo que detecta la presencia de 01 gramos de marihuana prensada incautada, la que ser\u00e1 remitida al Servicio de Salud Aconcagua para su destrucci\u00f3n.<\/p>\n<p>Por disposici\u00f3n del Ministerio P\u00fablico, el conductor, quien no mantiene antecedentes penales, qued\u00f3 a la espera de citaci\u00f3n para la investigaci\u00f3n del caso.<\/p>\n<p>Pablo Salinas Sald\u00edas<\/p>\n","protected":false},"excerpt":{"rendered":"<p>Tras diversos controles vehiculares desplegados en la comuna de San Felipe, personal de Carabineros detuvo al conductor de un m\u00f3vil que se desplazaba con papelinas de marihuana y en aparente estado de&#8230;<\/p>\n","protected":false},"author":482,"featured_media":50467,"comment_status":"open","ping_status":"closed","sticky":false,"template":"","format":"standard","meta":{"advanced_seo_description":"","jetpack_seo_html_title":"","jetpack_seo_noindex":false,"_jetpack_memberships_contains_paid_content":false,"footnotes":""},"categories":[21],"tags":[],"class_list":["post-50466","post","type-post","status-publish","format-standard","has-post-thumbnail","hentry","category-policial"],"jetpack_featured_media_url":"https:\/\/i0.wp.com\/eltrabajo.cl\/portal\/wp-content\/uploads\/2014\/08\/Control-Vehicular.jpg?fit=529%2C401&ssl=1","jetpack_sharing_enabled":true,"jetpack_likes_enabled":true,"jetpack-related-posts":[],"_links":{"self":[{"href":"https:\/\/eltrabajo.cl\/portal\/wp-json\/wp\/v2\/posts\/50466","targetHints":{"allow":["GET"]}}],"collection":[{"href":"https:\/\/eltrabajo.cl\/portal\/wp-json\/wp\/v2\/posts"}],"about":[{"href":"https:\/\/eltrabajo.cl\/portal\/wp-json\/wp\/v2\/types\/post"}],"author":[{"embeddable":true,"href":"https:\/\/eltrabajo.cl\/portal\/wp-json\/wp\/v2\/users\/482"}],"replies":[{"embeddable":true,"href":"https:\/\/eltrabajo.cl\/portal\/wp-json\/wp\/v2\/comments?post=50466"}],"version-history":[{"count":0,"href":"https:\/\/eltrabajo.cl\/portal\/wp-json\/wp\/v2\/posts\/50466\/revisions"}],"wp:featuredmedia":[{"embeddable":true,"href":"https:\/\/eltrabajo.cl\/portal\/wp-json\/wp\/v2\/media\/50467"}],"wp:attachment":[{"href":"https:\/\/eltrabajo.cl\/portal\/wp-json\/wp\/v2\/media?parent=50466"}],"wp:term":[{"taxonomy":"category","embeddable":true,"href":"https:\/\/eltrabajo.cl\/portal\/wp-json\/wp\/v2\/categories?post=50466"},{"taxonomy":"post_tag","embeddable":true,"href":"https:\/\/eltrabajo.cl\/portal\/wp-json\/wp\/v2\/tags?post=50466"}],"curies":[{"name":"wp","href":"https:\/\/api.w.org\/{rel}","templated":true}]}}