{"id":50470,"date":"2014-08-28T09:33:15","date_gmt":"2014-08-28T13:33:15","guid":{"rendered":"http:\/\/www.eltrabajo.cl\/portal\/?p=50470"},"modified":"2014-08-28T09:33:15","modified_gmt":"2014-08-28T13:33:15","slug":"seremi-mop-asigna-940-millones-para-ruta-san-felipe-putaendo","status":"publish","type":"post","link":"https:\/\/eltrabajo.cl\/portal\/seremi-mop-asigna-940-millones-para-ruta-san-felipe-putaendo\/","title":{"rendered":"Seremi MOP asigna $940 millones para ruta San Felipe-Putaendo"},"content":{"rendered":"<figure id=\"attachment_50471\" aria-describedby=\"caption-attachment-50471\" style=\"width: 529px\" class=\"wp-caption alignnone\"><a href=\"https:\/\/i0.wp.com\/www.eltrabajo.cl\/portal\/wp-content\/uploads\/2014\/08\/Seremi1.jpg\"><img data-recalc-dims=\"1\" loading=\"lazy\" decoding=\"async\" class=\"size-full wp-image-50471\" alt=\"Las obras que se licitar\u00e1n en las pr\u00f3ximas semanas consisten en un recapado asf\u00e1ltico que incluye trabajos de seguridad vial como demarcaci\u00f3n de pavimento, tachas reflectantes y se\u00f1alizaci\u00f3n.\" src=\"https:\/\/i0.wp.com\/www.eltrabajo.cl\/portal\/wp-content\/uploads\/2014\/08\/Seremi1.jpg?resize=529%2C358\" width=\"529\" height=\"358\" srcset=\"https:\/\/i0.wp.com\/eltrabajo.cl\/portal\/wp-content\/uploads\/2014\/08\/Seremi1.jpg?w=529&amp;ssl=1 529w, https:\/\/i0.wp.com\/eltrabajo.cl\/portal\/wp-content\/uploads\/2014\/08\/Seremi1.jpg?resize=200%2C135&amp;ssl=1 200w, https:\/\/i0.wp.com\/eltrabajo.cl\/portal\/wp-content\/uploads\/2014\/08\/Seremi1.jpg?resize=300%2C203&amp;ssl=1 300w, https:\/\/i0.wp.com\/eltrabajo.cl\/portal\/wp-content\/uploads\/2014\/08\/Seremi1.jpg?resize=150%2C101&amp;ssl=1 150w, https:\/\/i0.wp.com\/eltrabajo.cl\/portal\/wp-content\/uploads\/2014\/08\/Seremi1.jpg?resize=400%2C270&amp;ssl=1 400w\" sizes=\"auto, (max-width: 529px) 100vw, 529px\" \/><\/a><figcaption id=\"caption-attachment-50471\" class=\"wp-caption-text\">Las obras que se licitar\u00e1n en las pr\u00f3ximas semanas consisten en un recapado asf\u00e1ltico que incluye trabajos de seguridad vial como demarcaci\u00f3n de pavimento, tachas reflectantes y se\u00f1alizaci\u00f3n.<\/figcaption><\/figure>\n<p><strong>PUTAENDO<\/strong>.- Finalmente las gestiones del Alcalde Guillermo Reyes, del Concejo Municipal, de la Gobernaci\u00f3n Provincial y de los propios vecinos de la comuna, arrojaron positivos resultados. Por fin el MOP anunci\u00f3 la ejecuci\u00f3n del proyecto de recapado asf\u00e1ltico para la Ruta E-71 que une la comuna de Putaendo con San Felipe.<\/p>\n<p>La informaci\u00f3n fue dada a conocer en conferencia de prensa por el Seremi de Obras P\u00fablicas, Miguel Saavedra y ratificada por el Alcalde de Putaendo Guillermo Reyes, quienes confirmaron que se destinar\u00e1n $940 millones para reparar el desmejorado camino.<\/p>\n<p>Las obras que se licitar\u00e1n en las pr\u00f3ximas semanas consisten en un recapado asf\u00e1ltico que incluye trabajos de seguridad vial como demarcaci\u00f3n de pavimento, tachas reflectantes y se\u00f1alizaci\u00f3n. Adem\u00e1s, se repondr\u00e1n las obras de seguridad de la zona de escuela. \u201cDefinitivamente se aprob\u00f3 ya una licitaci\u00f3n p\u00fablica de m\u00e1s de 900 millones de pesos para intervenir en varios kil\u00f3metros de la Ruta E-71\u201d, manifest\u00f3 la autoridad de Putaendo, quien expres\u00f3 su satisfacci\u00f3n por esta buena noticia para Putaendo, que se llevar\u00e1 a cabo a partir del mes de noviembre de este a\u00f1o.<\/p>\n<p>&nbsp;<\/p>\n","protected":false},"excerpt":{"rendered":"<p>PUTAENDO.- Finalmente las gestiones del Alcalde Guillermo Reyes, del Concejo Municipal, de la Gobernaci\u00f3n Provincial y de los propios vecinos de la comuna, arrojaron positivos resultados. Por fin el MOP anunci\u00f3 la&#8230;<\/p>\n","protected":false},"author":482,"featured_media":50471,"comment_status":"open","ping_status":"closed","sticky":false,"template":"","format":"standard","meta":{"advanced_seo_description":"","jetpack_seo_html_title":"","jetpack_seo_noindex":false,"_jetpack_memberships_contains_paid_content":false,"footnotes":""},"categories":[15],"tags":[],"class_list":["post-50470","post","type-post","status-publish","format-standard","has-post-thumbnail","hentry","category-comunidad"],"jetpack_featured_media_url":"https:\/\/i0.wp.com\/eltrabajo.cl\/portal\/wp-content\/uploads\/2014\/08\/Seremi1.jpg?fit=529%2C358&ssl=1","jetpack_sharing_enabled":true,"jetpack_likes_enabled":true,"jetpack-related-posts":[],"_links":{"self":[{"href":"https:\/\/eltrabajo.cl\/portal\/wp-json\/wp\/v2\/posts\/50470","targetHints":{"allow":["GET"]}}],"collection":[{"href":"https:\/\/eltrabajo.cl\/portal\/wp-json\/wp\/v2\/posts"}],"about":[{"href":"https:\/\/eltrabajo.cl\/portal\/wp-json\/wp\/v2\/types\/post"}],"author":[{"embeddable":true,"href":"https:\/\/eltrabajo.cl\/portal\/wp-json\/wp\/v2\/users\/482"}],"replies":[{"embeddable":true,"href":"https:\/\/eltrabajo.cl\/portal\/wp-json\/wp\/v2\/comments?post=50470"}],"version-history":[{"count":0,"href":"https:\/\/eltrabajo.cl\/portal\/wp-json\/wp\/v2\/posts\/50470\/revisions"}],"wp:featuredmedia":[{"embeddable":true,"href":"https:\/\/eltrabajo.cl\/portal\/wp-json\/wp\/v2\/media\/50471"}],"wp:attachment":[{"href":"https:\/\/eltrabajo.cl\/portal\/wp-json\/wp\/v2\/media?parent=50470"}],"wp:term":[{"taxonomy":"category","embeddable":true,"href":"https:\/\/eltrabajo.cl\/portal\/wp-json\/wp\/v2\/categories?post=50470"},{"taxonomy":"post_tag","embeddable":true,"href":"https:\/\/eltrabajo.cl\/portal\/wp-json\/wp\/v2\/tags?post=50470"}],"curies":[{"name":"wp","href":"https:\/\/api.w.org\/{rel}","templated":true}]}}