{"id":50473,"date":"2014-08-28T09:39:01","date_gmt":"2014-08-28T13:39:01","guid":{"rendered":"http:\/\/www.eltrabajo.cl\/portal\/?p=50473"},"modified":"2014-08-28T09:39:01","modified_gmt":"2014-08-28T13:39:01","slug":"sangre-golpes-y-piedras-tras-violento-incidente-en-las-coimas","status":"publish","type":"post","link":"https:\/\/eltrabajo.cl\/portal\/sangre-golpes-y-piedras-tras-violento-incidente-en-las-coimas\/","title":{"rendered":"Sangre, golpes y piedras tras violento incidente en Las Coimas"},"content":{"rendered":"<figure id=\"attachment_50474\" aria-describedby=\"caption-attachment-50474\" style=\"width: 529px\" class=\"wp-caption alignnone\"><a href=\"https:\/\/i0.wp.com\/www.eltrabajo.cl\/portal\/wp-content\/uploads\/2014\/08\/Embarazadas1.jpg\"><img data-recalc-dims=\"1\" loading=\"lazy\" decoding=\"async\" class=\"size-full wp-image-50474\" alt=\"Pamela Mora, Judith Mu\u00f1oz y Priscilla Le\u00f3n, visitaron con nuestra Sala de Redacci\u00f3n y las cabinas principales de Radio 10.\" src=\"https:\/\/i0.wp.com\/www.eltrabajo.cl\/portal\/wp-content\/uploads\/2014\/08\/Embarazadas1.jpg?resize=529%2C401\" width=\"529\" height=\"401\" srcset=\"https:\/\/i0.wp.com\/eltrabajo.cl\/portal\/wp-content\/uploads\/2014\/08\/Embarazadas1.jpg?w=529&amp;ssl=1 529w, https:\/\/i0.wp.com\/eltrabajo.cl\/portal\/wp-content\/uploads\/2014\/08\/Embarazadas1.jpg?resize=197%2C150&amp;ssl=1 197w, https:\/\/i0.wp.com\/eltrabajo.cl\/portal\/wp-content\/uploads\/2014\/08\/Embarazadas1.jpg?resize=300%2C227&amp;ssl=1 300w, https:\/\/i0.wp.com\/eltrabajo.cl\/portal\/wp-content\/uploads\/2014\/08\/Embarazadas1.jpg?resize=150%2C113&amp;ssl=1 150w, https:\/\/i0.wp.com\/eltrabajo.cl\/portal\/wp-content\/uploads\/2014\/08\/Embarazadas1.jpg?resize=400%2C303&amp;ssl=1 400w\" sizes=\"auto, (max-width: 529px) 100vw, 529px\" \/><\/a><figcaption id=\"caption-attachment-50474\" class=\"wp-caption-text\">Pamela Mora, Judith Mu\u00f1oz y Priscilla Le\u00f3n, visitaron con nuestra Sala de Redacci\u00f3n y las cabinas principales de Radio 10.<\/figcaption><\/figure>\n<ul>\n<li><strong>Tres mujeres embarazadas habr\u00edan salido golpeadas tras los sucesos.<\/strong><\/li>\n<\/ul>\n<p><strong>PUTAENDO.<\/strong>&#8211; Tres mujeres embarazadas con lesiones, una de ellas con fractura nasal, dej\u00f3 como saldo un confuso incidente registrado en el sector alto de Las Coimas durante un procedimiento policial de Carabineros la noche del martes, donde funcionarios policiales al igual que dos j\u00f3venes detenidos, tambi\u00e9n resultaron lesionados, adem\u00e1s de veh\u00edculos policiales da\u00f1ados.<\/p>\n<p>Seg\u00fan la informaci\u00f3n oficial entregada por el Teniente \u00c1ngelo Acevedo, efectivos policiales de una patrulla de intervenci\u00f3n con motoristas y furgones policiales, se trasladaron hasta el sector alto de Las Coimas para realizar controles rutinarios, momento en el cual se intercept\u00f3 a un joven el cual se habr\u00eda negado a un control de identidad y no habr\u00eda querido pasar su carn\u00e9 de identidad, momento en el cual habr\u00eda ca\u00eddo desde sus vestimentas un arma blanca, espec\u00edficamente un cortaplumas, por lo que personal de Carabineros le habr\u00eda informado que ser\u00eda detenido por porte ilegal de arma blanca y trasladado al cuartel policial.<\/p>\n<p>El Teniente Acevedo indica que en ese instante un grupo de mujeres trataron de impedir el arresto del joven, produci\u00e9ndose un forcejeo entre las mujeres y otros vecinos que se sumaron a esta situaci\u00f3n con el personal policial, cuando repentinamente comenzaron a ser agredidos con fierros, palos y piedras por m\u00e1s de 30 personas que desde distintos puntos arrojaban objetos contundentes al personal policial.<\/p>\n<p>El oficial de Carabineros indic\u00f3 que varios efectivos policiales resultaron lesionados, adem\u00e1s de tres veh\u00edculos policiales con da\u00f1os, uno de ellos con sus vidrios quebrados.<\/p>\n<p>El oficial de Carabineros dijo que entre el forcejeo y la ca\u00f3tica situaci\u00f3n que se registr\u00f3, no se percat\u00f3 de que tres mujeres embarazadas pudiesen haber resultado lesionadas, pues dijo, la situaci\u00f3n fue muy complicada para el personal policial.<\/p>\n<p><strong>OTRA VERSI\u00d3N<\/strong><\/p>\n<p>En tanto, la presidenta de la Junta de Vecinos Los Manantiales de Las Coimas, Dorka Zamora, se\u00f1al\u00f3 que a todos los vecinos les llam\u00f3 la atenci\u00f3n la gran cantidad de Carabineros que llegaron al lugar, asegurando que el joven que fue fiscalizado jam\u00e1s se opuso a la fiscalizaci\u00f3n y que algunos Carabineros golpearon y arrojaron al piso a tres mujeres embarazadas que solo intentaron que su familiar no fuera detenido.<\/p>\n<p>Zamora agreg\u00f3 que la violencia con que actu\u00f3 el personal policial indign\u00f3 a los vecinos que arrojaron piedras, pero que en ning\u00fan caso atacaron con palos o fierros a los Carabineros.<\/p>\n<p><strong>FRACTURA NASAL<\/strong><\/p>\n<p>Pamela Mora Vicencio, de 20 a\u00f1os, presenta un embarazo de dos meses y medio. Se\u00f1ala que trat\u00f3 de impedir que su primo fuera detenido, pues era golpeado por varios funcionarios policiales, y que uno de los Carabineros le peg\u00f3 un codazo en forma intencional, fractur\u00e1ndole la nariz, por lo que sangr\u00f3 profusamente, lo que no fue impedimento para que Carabineros la siguiera golpeando.<\/p>\n<p>Agrega que posteriormente concurri\u00f3 por sus propios medios hasta el Hospital San Antonio de Putaendo a constatar lesiones, confirmando que luego de aquello realiz\u00f3 un acta de reclamo formal en contra de Carabineros por las lesiones de las cuales fue v\u00edctima.<\/p>\n<p>Cabe destacar que los cinco afectados por esta situaci\u00f3n, Pamela Mora, Judith Mu\u00f1oz, Priscilla Le\u00f3n, Rodolfo Vicencio y Carlos Ram\u00edrez, visitaron los estudios de Radio FM 10 y la sala de redacci\u00f3n de Diario El Trabajo, donde se\u00f1alaron en forma tajante que jam\u00e1s existi\u00f3 un arma blanca como asegura Carabineros, por lo que se\u00f1alaron que buscar\u00e1n la forma de aclarar toda esta situaci\u00f3n, confirmando que estamparon una denuncia formal y que se iniciar\u00e1 una investigaci\u00f3n en la Fiscal\u00eda Militar de Los Andes.<\/p>\n<p>Patricio Gallardo M.<\/p>\n<div class=\"tiled-gallery type-rectangular tiled-gallery-unresized\" data-original-width=\"640\" data-carousel-extra='null' itemscope itemtype=\"http:\/\/schema.org\/ImageGallery\" > <div class=\"gallery-row\" style=\"width: 640px; height: 366px;\" data-original-width=\"640\" data-original-height=\"366\" > <div class=\"gallery-group images-1\" style=\"width: 363px; height: 366px;\" data-original-width=\"363\" data-original-height=\"366\" > <div class=\"tiled-gallery-item tiled-gallery-item-large\" itemprop=\"associatedMedia\" itemscope itemtype=\"http:\/\/schema.org\/ImageObject\"> <a href=\"https:\/\/eltrabajo.cl\/portal\/sangre-golpes-y-piedras-tras-violento-incidente-en-las-coimas\/portadilla1-4\/\" border=\"0\" itemprop=\"url\"> <meta itemprop=\"width\" content=\"359\"> <meta itemprop=\"height\" content=\"362\"> <img decoding=\"async\" class=\"\" data-attachment-id=\"50477\" data-orig-file=\"https:\/\/eltrabajo.cl\/portal\/wp-content\/uploads\/2014\/08\/Portadilla1.jpg\" data-orig-size=\"529,533\" data-comments-opened=\"1\" data-image-meta=\"{&quot;aperture&quot;:&quot;0&quot;,&quot;credit&quot;:&quot;&quot;,&quot;camera&quot;:&quot;&quot;,&quot;caption&quot;:&quot;&quot;,&quot;created_timestamp&quot;:&quot;0&quot;,&quot;copyright&quot;:&quot;&quot;,&quot;focal_length&quot;:&quot;0&quot;,&quot;iso&quot;:&quot;0&quot;,&quot;shutter_speed&quot;:&quot;0&quot;,&quot;title&quot;:&quot;&quot;}\" data-image-title=\"Portadilla1\" data-image-description=\"&lt;p&gt;Pamela Mora Vicencio, de 20 a\u00f1os, presenta un embarazo de dos meses y medio, se\u00f1ala que uno de los carabineros le peg\u00f3 un codazo en forma intencional, fractur\u00e1ndole la nariz, por lo que sangr\u00f3 profusamente.&lt;\/p&gt; \" data-medium-file=\"https:\/\/i0.wp.com\/eltrabajo.cl\/portal\/wp-content\/uploads\/2014\/08\/Portadilla1.jpg?fit=297%2C300&#038;ssl=1\" data-large-file=\"https:\/\/i0.wp.com\/eltrabajo.cl\/portal\/wp-content\/uploads\/2014\/08\/Portadilla1.jpg?fit=529%2C533&#038;ssl=1\" src=\"https:\/\/i0.wp.com\/eltrabajo.cl\/portal\/wp-content\/uploads\/2014\/08\/Portadilla1.jpg?w=359&#038;h=362&#038;ssl=1\" srcset=\"https:\/\/i0.wp.com\/eltrabajo.cl\/portal\/wp-content\/uploads\/2014\/08\/Portadilla1.jpg?w=529&amp;ssl=1 529w, https:\/\/i0.wp.com\/eltrabajo.cl\/portal\/wp-content\/uploads\/2014\/08\/Portadilla1.jpg?resize=148%2C150&amp;ssl=1 148w, https:\/\/i0.wp.com\/eltrabajo.cl\/portal\/wp-content\/uploads\/2014\/08\/Portadilla1.jpg?resize=297%2C300&amp;ssl=1 297w, https:\/\/i0.wp.com\/eltrabajo.cl\/portal\/wp-content\/uploads\/2014\/08\/Portadilla1.jpg?resize=400%2C403&amp;ssl=1 400w\" width=\"359\" height=\"362\" loading=\"lazy\" data-original-width=\"359\" data-original-height=\"362\" itemprop=\"http:\/\/schema.org\/image\" title=\"Portadilla1\" alt=\"Pamela Mora Vicencio, de 20 a\u00f1os, presenta un embarazo de dos meses y medio, se\u00f1ala que uno de los carabineros le peg\u00f3 un codazo en forma intencional, fractur\u00e1ndole la nariz, por lo que sangr\u00f3 profusamente.\" style=\"width: 359px; height: 362px;\" \/> <\/a> <div class=\"tiled-gallery-caption\" itemprop=\"caption description\"> Pamela Mora Vicencio, de 20 a\u00f1os, presenta un embarazo de dos meses y medio, se\u00f1ala que uno de los carabineros le peg\u00f3 un codazo en forma intencional, fractur\u00e1ndole la nariz, por lo que sangr\u00f3 profusamente. <\/div> <\/div> <\/div> <!-- close group --> <div class=\"gallery-group images-1\" style=\"width: 277px; height: 366px;\" data-original-width=\"277\" data-original-height=\"366\" > <div class=\"tiled-gallery-item tiled-gallery-item-large\" itemprop=\"associatedMedia\" itemscope itemtype=\"http:\/\/schema.org\/ImageObject\"> <a href=\"https:\/\/eltrabajo.cl\/portal\/sangre-golpes-y-piedras-tras-violento-incidente-en-las-coimas\/rodolfo-vicencio\/\" border=\"0\" itemprop=\"url\"> <meta itemprop=\"width\" content=\"273\"> <meta itemprop=\"height\" content=\"362\"> <img decoding=\"async\" class=\"\" data-attachment-id=\"50478\" data-orig-file=\"https:\/\/eltrabajo.cl\/portal\/wp-content\/uploads\/2014\/08\/Rodolfo-Vicencio.jpg\" data-orig-size=\"529,701\" data-comments-opened=\"1\" data-image-meta=\"{&quot;aperture&quot;:&quot;0&quot;,&quot;credit&quot;:&quot;&quot;,&quot;camera&quot;:&quot;&quot;,&quot;caption&quot;:&quot;&quot;,&quot;created_timestamp&quot;:&quot;0&quot;,&quot;copyright&quot;:&quot;Copyright 2008&quot;,&quot;focal_length&quot;:&quot;0&quot;,&quot;iso&quot;:&quot;0&quot;,&quot;shutter_speed&quot;:&quot;0&quot;,&quot;title&quot;:&quot;&quot;}\" data-image-title=\"Rodolfo Vicencio\" data-image-description=\"&lt;p&gt;Rodolfo Vicencio muestra su espalda flagelada a las c\u00e1maras de Diario El Trabajo.&lt;\/p&gt; \" data-medium-file=\"https:\/\/i0.wp.com\/eltrabajo.cl\/portal\/wp-content\/uploads\/2014\/08\/Rodolfo-Vicencio.jpg?fit=226%2C300&#038;ssl=1\" data-large-file=\"https:\/\/i0.wp.com\/eltrabajo.cl\/portal\/wp-content\/uploads\/2014\/08\/Rodolfo-Vicencio.jpg?fit=529%2C701&#038;ssl=1\" src=\"https:\/\/i0.wp.com\/eltrabajo.cl\/portal\/wp-content\/uploads\/2014\/08\/Rodolfo-Vicencio.jpg?w=273&#038;h=362&#038;ssl=1\" srcset=\"https:\/\/i0.wp.com\/eltrabajo.cl\/portal\/wp-content\/uploads\/2014\/08\/Rodolfo-Vicencio.jpg?w=529&amp;ssl=1 529w, https:\/\/i0.wp.com\/eltrabajo.cl\/portal\/wp-content\/uploads\/2014\/08\/Rodolfo-Vicencio.jpg?resize=113%2C150&amp;ssl=1 113w, https:\/\/i0.wp.com\/eltrabajo.cl\/portal\/wp-content\/uploads\/2014\/08\/Rodolfo-Vicencio.jpg?resize=226%2C300&amp;ssl=1 226w, https:\/\/i0.wp.com\/eltrabajo.cl\/portal\/wp-content\/uploads\/2014\/08\/Rodolfo-Vicencio.jpg?resize=400%2C530&amp;ssl=1 400w\" width=\"273\" height=\"362\" loading=\"lazy\" data-original-width=\"273\" data-original-height=\"362\" itemprop=\"http:\/\/schema.org\/image\" title=\"Rodolfo Vicencio\" alt=\"Rodolfo Vicencio muestra su espalda flagelada a las c\u00e1maras de Diario El Trabajo.\" style=\"width: 273px; height: 362px;\" \/> <\/a> <div class=\"tiled-gallery-caption\" itemprop=\"caption description\"> Rodolfo Vicencio muestra su espalda flagelada a las c\u00e1maras de Diario El Trabajo. <\/div> <\/div> <\/div> <!-- close group --> <\/div> <!-- close row --> <div class=\"gallery-row\" style=\"width: 640px; height: 312px;\" data-original-width=\"640\" data-original-height=\"312\" > <div class=\"gallery-group images-1\" style=\"width: 411px; height: 312px;\" data-original-width=\"411\" data-original-height=\"312\" > <div class=\"tiled-gallery-item tiled-gallery-item-large\" itemprop=\"associatedMedia\" itemscope itemtype=\"http:\/\/schema.org\/ImageObject\"> <a href=\"https:\/\/eltrabajo.cl\/portal\/sangre-golpes-y-piedras-tras-violento-incidente-en-las-coimas\/carlos-ramirez\/\" border=\"0\" itemprop=\"url\"> <meta itemprop=\"width\" content=\"407\"> <meta itemprop=\"height\" content=\"308\"> <img decoding=\"async\" class=\"\" data-attachment-id=\"50475\" data-orig-file=\"https:\/\/eltrabajo.cl\/portal\/wp-content\/uploads\/2014\/08\/Carlos-Ramirez.jpg\" data-orig-size=\"528,400\" data-comments-opened=\"1\" data-image-meta=\"{&quot;aperture&quot;:&quot;0&quot;,&quot;credit&quot;:&quot;&quot;,&quot;camera&quot;:&quot;&quot;,&quot;caption&quot;:&quot;&quot;,&quot;created_timestamp&quot;:&quot;0&quot;,&quot;copyright&quot;:&quot;Copyright 2008&quot;,&quot;focal_length&quot;:&quot;0&quot;,&quot;iso&quot;:&quot;0&quot;,&quot;shutter_speed&quot;:&quot;0&quot;,&quot;title&quot;:&quot;&quot;}\" data-image-title=\"Carlos Ramirez\" data-image-description=\"&lt;p&gt;As\u00ed le qued\u00f3 el ojo derecho a Carlos Ram\u00edrez, luego que, seg\u00fan su versi\u00f3n, algunos carabineros lo agredieran.&lt;\/p&gt; \" data-medium-file=\"https:\/\/i0.wp.com\/eltrabajo.cl\/portal\/wp-content\/uploads\/2014\/08\/Carlos-Ramirez.jpg?fit=300%2C227&#038;ssl=1\" data-large-file=\"https:\/\/i0.wp.com\/eltrabajo.cl\/portal\/wp-content\/uploads\/2014\/08\/Carlos-Ramirez.jpg?fit=528%2C400&#038;ssl=1\" src=\"https:\/\/i0.wp.com\/eltrabajo.cl\/portal\/wp-content\/uploads\/2014\/08\/Carlos-Ramirez.jpg?w=407&#038;h=308&#038;ssl=1\" srcset=\"https:\/\/i0.wp.com\/eltrabajo.cl\/portal\/wp-content\/uploads\/2014\/08\/Carlos-Ramirez.jpg?w=528&amp;ssl=1 528w, https:\/\/i0.wp.com\/eltrabajo.cl\/portal\/wp-content\/uploads\/2014\/08\/Carlos-Ramirez.jpg?resize=198%2C150&amp;ssl=1 198w, https:\/\/i0.wp.com\/eltrabajo.cl\/portal\/wp-content\/uploads\/2014\/08\/Carlos-Ramirez.jpg?resize=300%2C227&amp;ssl=1 300w, https:\/\/i0.wp.com\/eltrabajo.cl\/portal\/wp-content\/uploads\/2014\/08\/Carlos-Ramirez.jpg?resize=150%2C113&amp;ssl=1 150w, https:\/\/i0.wp.com\/eltrabajo.cl\/portal\/wp-content\/uploads\/2014\/08\/Carlos-Ramirez.jpg?resize=400%2C303&amp;ssl=1 400w\" width=\"407\" height=\"308\" loading=\"lazy\" data-original-width=\"407\" data-original-height=\"308\" itemprop=\"http:\/\/schema.org\/image\" title=\"Carlos Ramirez\" alt=\"As\u00ed le qued\u00f3 el ojo derecho a Carlos Ram\u00edrez, luego que, seg\u00fan su versi\u00f3n, algunos carabineros lo agredieran.\" style=\"width: 407px; height: 308px;\" \/> <\/a> <div class=\"tiled-gallery-caption\" itemprop=\"caption description\"> As\u00ed le qued\u00f3 el ojo derecho a Carlos Ram\u00edrez, luego que, seg\u00fan su versi\u00f3n, algunos carabineros lo agredieran. <\/div> <\/div> <\/div> <!-- close group --> <div class=\"gallery-group images-2\" style=\"width: 229px; height: 312px;\" data-original-width=\"229\" data-original-height=\"312\" > <div class=\"tiled-gallery-item tiled-gallery-item-small\" itemprop=\"associatedMedia\" itemscope itemtype=\"http:\/\/schema.org\/ImageObject\"> <a href=\"https:\/\/eltrabajo.cl\/portal\/sangre-golpes-y-piedras-tras-violento-incidente-en-las-coimas\/dorka1\/\" border=\"0\" itemprop=\"url\"> <meta itemprop=\"width\" content=\"225\"> <meta itemprop=\"height\" content=\"152\"> <img decoding=\"async\" class=\"\" data-attachment-id=\"50476\" data-orig-file=\"https:\/\/eltrabajo.cl\/portal\/wp-content\/uploads\/2014\/08\/Dorka1.jpg\" data-orig-size=\"529,358\" data-comments-opened=\"1\" data-image-meta=\"{&quot;aperture&quot;:&quot;0&quot;,&quot;credit&quot;:&quot;&quot;,&quot;camera&quot;:&quot;&quot;,&quot;caption&quot;:&quot;&quot;,&quot;created_timestamp&quot;:&quot;0&quot;,&quot;copyright&quot;:&quot;[wopmind]&quot;,&quot;focal_length&quot;:&quot;0&quot;,&quot;iso&quot;:&quot;0&quot;,&quot;shutter_speed&quot;:&quot;0&quot;,&quot;title&quot;:&quot;&quot;}\" data-image-title=\"Dorka1\" data-image-description=\"&lt;p&gt;Presidente de la Junta de Vecinos Los Manantiales de Las Coimas, Dorka Zamora.&lt;\/p&gt; \" data-medium-file=\"https:\/\/i0.wp.com\/eltrabajo.cl\/portal\/wp-content\/uploads\/2014\/08\/Dorka1.jpg?fit=300%2C203&#038;ssl=1\" data-large-file=\"https:\/\/i0.wp.com\/eltrabajo.cl\/portal\/wp-content\/uploads\/2014\/08\/Dorka1.jpg?fit=529%2C358&#038;ssl=1\" src=\"https:\/\/i0.wp.com\/eltrabajo.cl\/portal\/wp-content\/uploads\/2014\/08\/Dorka1.jpg?w=225&#038;h=152&#038;ssl=1\" srcset=\"https:\/\/i0.wp.com\/eltrabajo.cl\/portal\/wp-content\/uploads\/2014\/08\/Dorka1.jpg?w=529&amp;ssl=1 529w, https:\/\/i0.wp.com\/eltrabajo.cl\/portal\/wp-content\/uploads\/2014\/08\/Dorka1.jpg?resize=200%2C135&amp;ssl=1 200w, https:\/\/i0.wp.com\/eltrabajo.cl\/portal\/wp-content\/uploads\/2014\/08\/Dorka1.jpg?resize=300%2C203&amp;ssl=1 300w, https:\/\/i0.wp.com\/eltrabajo.cl\/portal\/wp-content\/uploads\/2014\/08\/Dorka1.jpg?resize=150%2C101&amp;ssl=1 150w, https:\/\/i0.wp.com\/eltrabajo.cl\/portal\/wp-content\/uploads\/2014\/08\/Dorka1.jpg?resize=400%2C270&amp;ssl=1 400w\" width=\"225\" height=\"152\" loading=\"lazy\" data-original-width=\"225\" data-original-height=\"152\" itemprop=\"http:\/\/schema.org\/image\" title=\"Dorka1\" alt=\"Presidente de la Junta de Vecinos Los Manantiales de Las Coimas, Dorka Zamora.\" style=\"width: 225px; height: 152px;\" \/> <\/a> <div class=\"tiled-gallery-caption\" itemprop=\"caption description\"> Presidente de la Junta de Vecinos Los Manantiales de Las Coimas, Dorka Zamora. <\/div> <\/div> <div class=\"tiled-gallery-item tiled-gallery-item-small\" itemprop=\"associatedMedia\" itemscope itemtype=\"http:\/\/schema.org\/ImageObject\"> <a href=\"https:\/\/eltrabajo.cl\/portal\/sangre-golpes-y-piedras-tras-violento-incidente-en-las-coimas\/vidrios1-3\/\" border=\"0\" itemprop=\"url\"> <meta itemprop=\"width\" content=\"225\"> <meta itemprop=\"height\" content=\"152\"> <img decoding=\"async\" class=\"\" data-attachment-id=\"50479\" data-orig-file=\"https:\/\/eltrabajo.cl\/portal\/wp-content\/uploads\/2014\/08\/Vidrios1.jpg\" data-orig-size=\"529,358\" data-comments-opened=\"1\" data-image-meta=\"{&quot;aperture&quot;:&quot;0&quot;,&quot;credit&quot;:&quot;&quot;,&quot;camera&quot;:&quot;&quot;,&quot;caption&quot;:&quot;&quot;,&quot;created_timestamp&quot;:&quot;0&quot;,&quot;copyright&quot;:&quot;[wopmind]&quot;,&quot;focal_length&quot;:&quot;0&quot;,&quot;iso&quot;:&quot;0&quot;,&quot;shutter_speed&quot;:&quot;0&quot;,&quot;title&quot;:&quot;&quot;}\" data-image-title=\"Vidrios1\" data-image-description=\"&lt;p&gt;El oficial de Carabineros indic\u00f3 que varios efectivos policiales resultaron lesionados, adem\u00e1s de tres veh\u00edculos policiales con da\u00f1os, uno de ellos con sus vidrios quebrados.&lt;\/p&gt; \" data-medium-file=\"https:\/\/i0.wp.com\/eltrabajo.cl\/portal\/wp-content\/uploads\/2014\/08\/Vidrios1.jpg?fit=300%2C203&#038;ssl=1\" data-large-file=\"https:\/\/i0.wp.com\/eltrabajo.cl\/portal\/wp-content\/uploads\/2014\/08\/Vidrios1.jpg?fit=529%2C358&#038;ssl=1\" src=\"https:\/\/i0.wp.com\/eltrabajo.cl\/portal\/wp-content\/uploads\/2014\/08\/Vidrios1.jpg?w=225&#038;h=152&#038;ssl=1\" srcset=\"https:\/\/i0.wp.com\/eltrabajo.cl\/portal\/wp-content\/uploads\/2014\/08\/Vidrios1.jpg?w=529&amp;ssl=1 529w, https:\/\/i0.wp.com\/eltrabajo.cl\/portal\/wp-content\/uploads\/2014\/08\/Vidrios1.jpg?resize=200%2C135&amp;ssl=1 200w, https:\/\/i0.wp.com\/eltrabajo.cl\/portal\/wp-content\/uploads\/2014\/08\/Vidrios1.jpg?resize=300%2C203&amp;ssl=1 300w, https:\/\/i0.wp.com\/eltrabajo.cl\/portal\/wp-content\/uploads\/2014\/08\/Vidrios1.jpg?resize=150%2C101&amp;ssl=1 150w, https:\/\/i0.wp.com\/eltrabajo.cl\/portal\/wp-content\/uploads\/2014\/08\/Vidrios1.jpg?resize=400%2C270&amp;ssl=1 400w\" width=\"225\" height=\"152\" loading=\"lazy\" data-original-width=\"225\" data-original-height=\"152\" itemprop=\"http:\/\/schema.org\/image\" title=\"Vidrios1\" alt=\"El oficial de Carabineros indic\u00f3 que varios efectivos policiales resultaron lesionados, adem\u00e1s de tres veh\u00edculos policiales con da\u00f1os, uno de ellos con sus vidrios quebrados.\" style=\"width: 225px; height: 152px;\" \/> <\/a> <div class=\"tiled-gallery-caption\" itemprop=\"caption description\"> El oficial de Carabineros indic\u00f3 que varios efectivos policiales resultaron lesionados, adem\u00e1s de tres veh\u00edculos policiales con da\u00f1os, uno de ellos con sus vidrios quebrados. <\/div> <\/div> <\/div> <!-- close group --> <\/div> <!-- close row --> <div class=\"gallery-row\" style=\"width: 640px; height: 357px;\" data-original-width=\"640\" data-original-height=\"357\" > <div class=\"gallery-group images-1\" style=\"width: 640px; height: 357px;\" data-original-width=\"640\" data-original-height=\"357\" > <div class=\"tiled-gallery-item tiled-gallery-item-large\" itemprop=\"associatedMedia\" itemscope itemtype=\"http:\/\/schema.org\/ImageObject\"> <a href=\"https:\/\/eltrabajo.cl\/portal\/sangre-golpes-y-piedras-tras-violento-incidente-en-las-coimas\/policias1\/\" border=\"0\" itemprop=\"url\"> <meta itemprop=\"width\" content=\"636\"> <meta itemprop=\"height\" content=\"353\"> <img decoding=\"async\" class=\"\" data-attachment-id=\"50480\" data-orig-file=\"https:\/\/eltrabajo.cl\/portal\/wp-content\/uploads\/2014\/08\/Policias1.jpg\" data-orig-size=\"528,293\" data-comments-opened=\"1\" data-image-meta=\"{&quot;aperture&quot;:&quot;0&quot;,&quot;credit&quot;:&quot;&quot;,&quot;camera&quot;:&quot;&quot;,&quot;caption&quot;:&quot;&quot;,&quot;created_timestamp&quot;:&quot;0&quot;,&quot;copyright&quot;:&quot;[wopmind]&quot;,&quot;focal_length&quot;:&quot;0&quot;,&quot;iso&quot;:&quot;0&quot;,&quot;shutter_speed&quot;:&quot;0&quot;,&quot;title&quot;:&quot;&quot;}\" data-image-title=\"Policias1\" data-image-description=\"&lt;p&gt;Un confuso incidente registrado en el sector alto de Las Coimas, dej\u00f3 como saldo tres mujeres embarazadas con lesiones; Carabineros tambi\u00e9n lesionados; veh\u00edculos policiales con da\u00f1os y dos detenidos.&lt;\/p&gt; \" data-medium-file=\"https:\/\/i0.wp.com\/eltrabajo.cl\/portal\/wp-content\/uploads\/2014\/08\/Policias1.jpg?fit=300%2C166&#038;ssl=1\" data-large-file=\"https:\/\/i0.wp.com\/eltrabajo.cl\/portal\/wp-content\/uploads\/2014\/08\/Policias1.jpg?fit=528%2C293&#038;ssl=1\" src=\"https:\/\/i0.wp.com\/eltrabajo.cl\/portal\/wp-content\/uploads\/2014\/08\/Policias1.jpg?w=636&#038;h=353&#038;ssl=1\" srcset=\"https:\/\/i0.wp.com\/eltrabajo.cl\/portal\/wp-content\/uploads\/2014\/08\/Policias1.jpg?w=528&amp;ssl=1 528w, https:\/\/i0.wp.com\/eltrabajo.cl\/portal\/wp-content\/uploads\/2014\/08\/Policias1.jpg?resize=200%2C110&amp;ssl=1 200w, https:\/\/i0.wp.com\/eltrabajo.cl\/portal\/wp-content\/uploads\/2014\/08\/Policias1.jpg?resize=300%2C166&amp;ssl=1 300w, https:\/\/i0.wp.com\/eltrabajo.cl\/portal\/wp-content\/uploads\/2014\/08\/Policias1.jpg?resize=150%2C83&amp;ssl=1 150w, https:\/\/i0.wp.com\/eltrabajo.cl\/portal\/wp-content\/uploads\/2014\/08\/Policias1.jpg?resize=400%2C221&amp;ssl=1 400w\" width=\"636\" height=\"353\" loading=\"lazy\" data-original-width=\"636\" data-original-height=\"353\" itemprop=\"http:\/\/schema.org\/image\" title=\"Policias1\" alt=\"Un confuso incidente registrado en el sector alto de Las Coimas, dej\u00f3 como saldo tres mujeres embarazadas con lesiones; Carabineros tambi\u00e9n lesionados; veh\u00edculos policiales con da\u00f1os y dos detenidos.\" style=\"width: 636px; height: 353px;\" \/> <\/a> <div class=\"tiled-gallery-caption\" itemprop=\"caption description\"> Un confuso incidente registrado en el sector alto de Las Coimas, dej\u00f3 como saldo tres mujeres embarazadas con lesiones; Carabineros tambi\u00e9n lesionados; veh\u00edculos policiales con da\u00f1os y dos detenidos. <\/div> <\/div> <\/div> <!-- close group --> <\/div> <!-- close row --> <\/div>\n","protected":false},"excerpt":{"rendered":"<p>Tres mujeres embarazadas habr\u00edan salido golpeadas tras los sucesos. PUTAENDO.&#8211; Tres mujeres embarazadas con lesiones, una de ellas con fractura nasal, dej\u00f3 como saldo un confuso incidente registrado en el sector alto&#8230;<\/p>\n","protected":false},"author":482,"featured_media":50474,"comment_status":"open","ping_status":"closed","sticky":false,"template":"","format":"standard","meta":{"advanced_seo_description":"","jetpack_seo_html_title":"","jetpack_seo_noindex":false,"_jetpack_memberships_contains_paid_content":false,"footnotes":""},"categories":[21],"tags":[],"class_list":["post-50473","post","type-post","status-publish","format-standard","has-post-thumbnail","hentry","category-policial"],"jetpack_featured_media_url":"https:\/\/i0.wp.com\/eltrabajo.cl\/portal\/wp-content\/uploads\/2014\/08\/Embarazadas1.jpg?fit=529%2C401&ssl=1","jetpack_sharing_enabled":true,"jetpack_likes_enabled":true,"jetpack-related-posts":[],"_links":{"self":[{"href":"https:\/\/eltrabajo.cl\/portal\/wp-json\/wp\/v2\/posts\/50473","targetHints":{"allow":["GET"]}}],"collection":[{"href":"https:\/\/eltrabajo.cl\/portal\/wp-json\/wp\/v2\/posts"}],"about":[{"href":"https:\/\/eltrabajo.cl\/portal\/wp-json\/wp\/v2\/types\/post"}],"author":[{"embeddable":true,"href":"https:\/\/eltrabajo.cl\/portal\/wp-json\/wp\/v2\/users\/482"}],"replies":[{"embeddable":true,"href":"https:\/\/eltrabajo.cl\/portal\/wp-json\/wp\/v2\/comments?post=50473"}],"version-history":[{"count":0,"href":"https:\/\/eltrabajo.cl\/portal\/wp-json\/wp\/v2\/posts\/50473\/revisions"}],"wp:featuredmedia":[{"embeddable":true,"href":"https:\/\/eltrabajo.cl\/portal\/wp-json\/wp\/v2\/media\/50474"}],"wp:attachment":[{"href":"https:\/\/eltrabajo.cl\/portal\/wp-json\/wp\/v2\/media?parent=50473"}],"wp:term":[{"taxonomy":"category","embeddable":true,"href":"https:\/\/eltrabajo.cl\/portal\/wp-json\/wp\/v2\/categories?post=50473"},{"taxonomy":"post_tag","embeddable":true,"href":"https:\/\/eltrabajo.cl\/portal\/wp-json\/wp\/v2\/tags?post=50473"}],"curies":[{"name":"wp","href":"https:\/\/api.w.org\/{rel}","templated":true}]}}