{"id":50487,"date":"2014-08-29T09:23:13","date_gmt":"2014-08-29T13:23:13","guid":{"rendered":"http:\/\/www.eltrabajo.cl\/portal\/?p=50487"},"modified":"2014-08-29T09:23:13","modified_gmt":"2014-08-29T13:23:13","slug":"piden-con-urgencia-adquirir-nueva-ambulancia-para-el-cesfam","status":"publish","type":"post","link":"https:\/\/eltrabajo.cl\/portal\/piden-con-urgencia-adquirir-nueva-ambulancia-para-el-cesfam\/","title":{"rendered":"Piden con urgencia adquirir nueva ambulancia para el Cesfam"},"content":{"rendered":"<figure id=\"attachment_50488\" aria-describedby=\"caption-attachment-50488\" style=\"width: 317px\" class=\"wp-caption alignleft\"><a href=\"https:\/\/i0.wp.com\/www.eltrabajo.cl\/portal\/wp-content\/uploads\/2014\/08\/Concejal-Zamora.jpg\"><img data-recalc-dims=\"1\" loading=\"lazy\" decoding=\"async\" class=\" wp-image-50488 \" alt=\"Concejal Sergio Zamora Mu\u00f1oz\" src=\"https:\/\/i0.wp.com\/www.eltrabajo.cl\/portal\/wp-content\/uploads\/2014\/08\/Concejal-Zamora.jpg?resize=317%2C294\" width=\"317\" height=\"294\" srcset=\"https:\/\/i0.wp.com\/eltrabajo.cl\/portal\/wp-content\/uploads\/2014\/08\/Concejal-Zamora.jpg?w=529&amp;ssl=1 529w, https:\/\/i0.wp.com\/eltrabajo.cl\/portal\/wp-content\/uploads\/2014\/08\/Concejal-Zamora.jpg?resize=161%2C150&amp;ssl=1 161w, https:\/\/i0.wp.com\/eltrabajo.cl\/portal\/wp-content\/uploads\/2014\/08\/Concejal-Zamora.jpg?resize=300%2C277&amp;ssl=1 300w, https:\/\/i0.wp.com\/eltrabajo.cl\/portal\/wp-content\/uploads\/2014\/08\/Concejal-Zamora.jpg?resize=150%2C138&amp;ssl=1 150w, https:\/\/i0.wp.com\/eltrabajo.cl\/portal\/wp-content\/uploads\/2014\/08\/Concejal-Zamora.jpg?resize=400%2C370&amp;ssl=1 400w\" sizes=\"auto, (max-width: 317px) 100vw, 317px\" \/><\/a><figcaption id=\"caption-attachment-50488\" class=\"wp-caption-text\">Concejal Sergio Zamora Mu\u00f1oz<\/figcaption><\/figure>\n<p><strong>PUTAENDO<\/strong>.- El Concejal Sergio Zamora Mu\u00f1oz solicit\u00f3 en el concejo municipal, priorizar la adquisici\u00f3n de una ambulancia para el Cesfam, debido a la precaria situaci\u00f3n que hoy viven varios vecinos de la comuna que necesitan con urgencia este medio.<\/p>\n<p>Zamora asegur\u00f3 que la ambulancia que ten\u00eda el Cesfam tiene una antig\u00fcedad de m\u00e1s de 15 a\u00f1os y que hace un tiempo sufri\u00f3 desperfectos mec\u00e1nicos que hacen pr\u00e1cticamente imposible su funcionamiento, pero indic\u00f3 que de todas maneras el veh\u00edculo no ha sido dado de baja del inventario y simplemente no se utiliz\u00f3 m\u00e1s.<\/p>\n<p>El edil puntualiz\u00f3 que el rol que cumple la ambulancia para el traslado de pacientes en camilla con patolog\u00edas como fractura de cadera, artrosis de cadera u otras patolog\u00edas que requieren que el paciente vaya en posici\u00f3n de c\u00fabito dorsal (acostado) es fundamental y hoy existe un importante n\u00famero de usuarios que necesitan ser transportados en una ambulancia del Cesfam, como el caso de una adulto mayor de Quebrada Herrera que tiene una traqueotom\u00eda, un accidente vascular y otras patolog\u00edas asociadas y no ha podido concurrir a su tratamiento por no tener una ambulancia que la traslade.<\/p>\n<p>En este sentido, Zamora expres\u00f3 que el compromiso del alcalde y del concejo municipal es que se pedir\u00e1 una ambulancia al Gobierno Regional a trav\u00e9s de la Circular 33, lo que podr\u00eda arrojar resultados a lo menos en tres o cuatro meses.<\/p>\n<p>Ante esta situaci\u00f3n, el concejal asegur\u00f3 que las ambulancias del Cesfam s\u00f3lo est\u00e1n para casos de urgencia y no para atenciones secundarias, ante lo cual llam\u00f3 telef\u00f3nicamente al Director del Servicio de Salud Aconcagua, Alejandro C\u00e1rdenas, a quien le plante\u00f3 este inconveniente, y hoy p\u00fablicamente desea pedir a la autoridad de salud que mientras se hacen las gestiones para tener una ambulancia nueva en el Cesfam de Putaendo, el Servicio de Salud Aconcagua pueda facilitar en calidad de pr\u00e9stamo o comodato una ambulancia.<\/p>\n<p>Patricio Gallardo M.<\/p>\n<p>&nbsp;<\/p>\n","protected":false},"excerpt":{"rendered":"<p>PUTAENDO.- El Concejal Sergio Zamora Mu\u00f1oz solicit\u00f3 en el concejo municipal, priorizar la adquisici\u00f3n de una ambulancia para el Cesfam, debido a la precaria situaci\u00f3n que hoy viven varios vecinos de la&#8230;<\/p>\n","protected":false},"author":482,"featured_media":50488,"comment_status":"open","ping_status":"closed","sticky":false,"template":"","format":"standard","meta":{"advanced_seo_description":"","jetpack_seo_html_title":"","jetpack_seo_noindex":false,"_jetpack_memberships_contains_paid_content":false,"footnotes":""},"categories":[15],"tags":[],"class_list":["post-50487","post","type-post","status-publish","format-standard","has-post-thumbnail","hentry","category-comunidad"],"jetpack_featured_media_url":"https:\/\/i0.wp.com\/eltrabajo.cl\/portal\/wp-content\/uploads\/2014\/08\/Concejal-Zamora.jpg?fit=529%2C490&ssl=1","jetpack_sharing_enabled":true,"jetpack_likes_enabled":true,"jetpack-related-posts":[],"_links":{"self":[{"href":"https:\/\/eltrabajo.cl\/portal\/wp-json\/wp\/v2\/posts\/50487","targetHints":{"allow":["GET"]}}],"collection":[{"href":"https:\/\/eltrabajo.cl\/portal\/wp-json\/wp\/v2\/posts"}],"about":[{"href":"https:\/\/eltrabajo.cl\/portal\/wp-json\/wp\/v2\/types\/post"}],"author":[{"embeddable":true,"href":"https:\/\/eltrabajo.cl\/portal\/wp-json\/wp\/v2\/users\/482"}],"replies":[{"embeddable":true,"href":"https:\/\/eltrabajo.cl\/portal\/wp-json\/wp\/v2\/comments?post=50487"}],"version-history":[{"count":0,"href":"https:\/\/eltrabajo.cl\/portal\/wp-json\/wp\/v2\/posts\/50487\/revisions"}],"wp:featuredmedia":[{"embeddable":true,"href":"https:\/\/eltrabajo.cl\/portal\/wp-json\/wp\/v2\/media\/50488"}],"wp:attachment":[{"href":"https:\/\/eltrabajo.cl\/portal\/wp-json\/wp\/v2\/media?parent=50487"}],"wp:term":[{"taxonomy":"category","embeddable":true,"href":"https:\/\/eltrabajo.cl\/portal\/wp-json\/wp\/v2\/categories?post=50487"},{"taxonomy":"post_tag","embeddable":true,"href":"https:\/\/eltrabajo.cl\/portal\/wp-json\/wp\/v2\/tags?post=50487"}],"curies":[{"name":"wp","href":"https:\/\/api.w.org\/{rel}","templated":true}]}}