{"id":50491,"date":"2014-08-29T09:25:00","date_gmt":"2014-08-29T13:25:00","guid":{"rendered":"http:\/\/www.eltrabajo.cl\/portal\/?p=50491"},"modified":"2014-08-29T09:25:00","modified_gmt":"2014-08-29T13:25:00","slug":"rugbistas-viajaron-a-brasil-para-competir-en-el-campeonato-clasificatorio","status":"publish","type":"post","link":"https:\/\/eltrabajo.cl\/portal\/rugbistas-viajaron-a-brasil-para-competir-en-el-campeonato-clasificatorio\/","title":{"rendered":"Rugbistas viajaron a Brasil para competir en el campeonato clasificatorio"},"content":{"rendered":"<figure id=\"attachment_50492\" aria-describedby=\"caption-attachment-50492\" style=\"width: 529px\" class=\"wp-caption alignnone\"><a href=\"https:\/\/i0.wp.com\/www.eltrabajo.cl\/portal\/wp-content\/uploads\/2014\/08\/Sillas1.jpg\"><img data-recalc-dims=\"1\" loading=\"lazy\" decoding=\"async\" class=\"size-full wp-image-50492\" alt=\"Colombia, Brasil y Paragua, son algunas de las selecciones que tendr\u00e1 que enfrentar el seleccionado nacional para optar a un cupo para los Parapanamericanos de Toronto 2015.\" src=\"https:\/\/i0.wp.com\/www.eltrabajo.cl\/portal\/wp-content\/uploads\/2014\/08\/Sillas1.jpg?resize=529%2C362\" width=\"529\" height=\"362\" srcset=\"https:\/\/i0.wp.com\/eltrabajo.cl\/portal\/wp-content\/uploads\/2014\/08\/Sillas1.jpg?w=529&amp;ssl=1 529w, https:\/\/i0.wp.com\/eltrabajo.cl\/portal\/wp-content\/uploads\/2014\/08\/Sillas1.jpg?resize=200%2C136&amp;ssl=1 200w, https:\/\/i0.wp.com\/eltrabajo.cl\/portal\/wp-content\/uploads\/2014\/08\/Sillas1.jpg?resize=300%2C205&amp;ssl=1 300w, https:\/\/i0.wp.com\/eltrabajo.cl\/portal\/wp-content\/uploads\/2014\/08\/Sillas1.jpg?resize=150%2C102&amp;ssl=1 150w, https:\/\/i0.wp.com\/eltrabajo.cl\/portal\/wp-content\/uploads\/2014\/08\/Sillas1.jpg?resize=400%2C273&amp;ssl=1 400w\" sizes=\"auto, (max-width: 529px) 100vw, 529px\" \/><\/a><figcaption id=\"caption-attachment-50492\" class=\"wp-caption-text\">Colombia, Brasil y Paragua, son algunas de las selecciones que tendr\u00e1 que enfrentar el seleccionado nacional para optar a un cupo para los Parapanamericanos de Toronto 2015.<\/figcaption><\/figure>\n<p><strong>CALLE LARGA<\/strong>.- La madrugada del mi\u00e9rcoles, Alexis Barrera Jara, joven rugbista con capacidades diferentes de Calle Larga, viaj\u00f3 hasta R\u00edo de Janeiro, Brasil, para participar junto a la selecci\u00f3n de \u201cQuad Rugby\u201d o rugby en silla de ruedas, en el campeonato clasificatorio para los Parapanamericanos de Toronto 2015. Horas despu\u00e9s viaj\u00f3 Cristofer Flores Gald\u00e1mez, rugbista callelarguino, quien tambi\u00e9n participar\u00e1 en este importante campeonato.<\/p>\n<p>Para Alexis Barrera participar en este campeonato, es una oportunidad que nunca imagin\u00f3 tener.<\/p>\n<p>\u201cEstoy muy contento con este viaje y vamos con todo a obtener el cupo para Toronto. Estoy muy agradecido de la Municipalidad de Calle Larga, que nos ha apoyado mucho en todo este proceso y contento con la oportunidad que tengo de viajar. Queremos dejar bien puesto el nombre de Chile y vamos con todo a ganar, estoy feliz con esta nueva experiencia en mi vida\u201d, sostuvo minutos antes de su viaje, Alexis.<\/p>\n<p>Junto al deportista, viaj\u00f3 tambi\u00e9n Carlos Novoa, quien es el encargado de asesorar en temas de mec\u00e1nica a la selecci\u00f3n nacional. El profesional destac\u00f3 el compromiso y el esfuerzo realizado por los j\u00f3venes callelarguinos durante todo el tiempo que han formado parte de la selecci\u00f3n de Quad Rugby.<\/p>\n<p>\u201cLos chicos de Calle Larga est\u00e1n dispuestos a todo y precisamente por su esfuerzo y sacrificio es que son parte de esta selecci\u00f3n y quieren seguir adelante, si bien ellos no llevan mucho tiempo practicando este deporte, tienen la fuerza y las ganas para hacerlo y eso es sumamente importante para todos nosotros\u201d, manifest\u00f3 Novoa.<\/p>\n","protected":false},"excerpt":{"rendered":"<p>CALLE LARGA.- La madrugada del mi\u00e9rcoles, Alexis Barrera Jara, joven rugbista con capacidades diferentes de Calle Larga, viaj\u00f3 hasta R\u00edo de Janeiro, Brasil, para participar junto a la selecci\u00f3n de \u201cQuad Rugby\u201d&#8230;<\/p>\n","protected":false},"author":482,"featured_media":50492,"comment_status":"open","ping_status":"closed","sticky":false,"template":"","format":"standard","meta":{"advanced_seo_description":"","jetpack_seo_html_title":"","jetpack_seo_noindex":false,"_jetpack_memberships_contains_paid_content":false,"footnotes":""},"categories":[15],"tags":[],"class_list":["post-50491","post","type-post","status-publish","format-standard","has-post-thumbnail","hentry","category-comunidad"],"jetpack_featured_media_url":"https:\/\/i0.wp.com\/eltrabajo.cl\/portal\/wp-content\/uploads\/2014\/08\/Sillas1.jpg?fit=529%2C362&ssl=1","jetpack_sharing_enabled":true,"jetpack_likes_enabled":true,"jetpack-related-posts":[],"_links":{"self":[{"href":"https:\/\/eltrabajo.cl\/portal\/wp-json\/wp\/v2\/posts\/50491","targetHints":{"allow":["GET"]}}],"collection":[{"href":"https:\/\/eltrabajo.cl\/portal\/wp-json\/wp\/v2\/posts"}],"about":[{"href":"https:\/\/eltrabajo.cl\/portal\/wp-json\/wp\/v2\/types\/post"}],"author":[{"embeddable":true,"href":"https:\/\/eltrabajo.cl\/portal\/wp-json\/wp\/v2\/users\/482"}],"replies":[{"embeddable":true,"href":"https:\/\/eltrabajo.cl\/portal\/wp-json\/wp\/v2\/comments?post=50491"}],"version-history":[{"count":0,"href":"https:\/\/eltrabajo.cl\/portal\/wp-json\/wp\/v2\/posts\/50491\/revisions"}],"wp:featuredmedia":[{"embeddable":true,"href":"https:\/\/eltrabajo.cl\/portal\/wp-json\/wp\/v2\/media\/50492"}],"wp:attachment":[{"href":"https:\/\/eltrabajo.cl\/portal\/wp-json\/wp\/v2\/media?parent=50491"}],"wp:term":[{"taxonomy":"category","embeddable":true,"href":"https:\/\/eltrabajo.cl\/portal\/wp-json\/wp\/v2\/categories?post=50491"},{"taxonomy":"post_tag","embeddable":true,"href":"https:\/\/eltrabajo.cl\/portal\/wp-json\/wp\/v2\/tags?post=50491"}],"curies":[{"name":"wp","href":"https:\/\/api.w.org\/{rel}","templated":true}]}}