{"id":50495,"date":"2014-08-29T09:26:19","date_gmt":"2014-08-29T13:26:19","guid":{"rendered":"http:\/\/www.eltrabajo.cl\/portal\/?p=50495"},"modified":"2014-08-29T09:26:19","modified_gmt":"2014-08-29T13:26:19","slug":"jovenes-exponen-sus-necesidades-ante-concejo-municipal-de-san-felipe","status":"publish","type":"post","link":"https:\/\/eltrabajo.cl\/portal\/jovenes-exponen-sus-necesidades-ante-concejo-municipal-de-san-felipe\/","title":{"rendered":"J\u00f3venes exponen sus necesidades ante Concejo Municipal de San Felipe"},"content":{"rendered":"<figure id=\"attachment_50496\" aria-describedby=\"caption-attachment-50496\" style=\"width: 529px\" class=\"wp-caption alignnone\"><a href=\"https:\/\/i0.wp.com\/www.eltrabajo.cl\/portal\/wp-content\/uploads\/2014\/08\/Consejo11.jpg\"><img data-recalc-dims=\"1\" loading=\"lazy\" decoding=\"async\" class=\"size-full wp-image-50496\" alt=\"Los integrantes del consejo consultivo, al t\u00e9rmino de la exposici\u00f3n en la sesi\u00f3n del concejo, posaron para las c\u00e1maras de Diario El Trabajo al lado del acalde y los concejales.\" src=\"https:\/\/i0.wp.com\/www.eltrabajo.cl\/portal\/wp-content\/uploads\/2014\/08\/Consejo11.jpg?resize=529%2C358\" width=\"529\" height=\"358\" srcset=\"https:\/\/i0.wp.com\/eltrabajo.cl\/portal\/wp-content\/uploads\/2014\/08\/Consejo11.jpg?w=529&amp;ssl=1 529w, https:\/\/i0.wp.com\/eltrabajo.cl\/portal\/wp-content\/uploads\/2014\/08\/Consejo11.jpg?resize=200%2C135&amp;ssl=1 200w, https:\/\/i0.wp.com\/eltrabajo.cl\/portal\/wp-content\/uploads\/2014\/08\/Consejo11.jpg?resize=300%2C203&amp;ssl=1 300w, https:\/\/i0.wp.com\/eltrabajo.cl\/portal\/wp-content\/uploads\/2014\/08\/Consejo11.jpg?resize=150%2C101&amp;ssl=1 150w, https:\/\/i0.wp.com\/eltrabajo.cl\/portal\/wp-content\/uploads\/2014\/08\/Consejo11.jpg?resize=400%2C270&amp;ssl=1 400w\" sizes=\"auto, (max-width: 529px) 100vw, 529px\" \/><\/a><figcaption id=\"caption-attachment-50496\" class=\"wp-caption-text\">Los integrantes del consejo consultivo, al t\u00e9rmino de la exposici\u00f3n en la sesi\u00f3n del concejo, posaron para las c\u00e1maras de Diario El Trabajo al lado del acalde y los concejales.<\/figcaption><\/figure>\n<p>Cerrando las actividades que la OPD San Felipe ten\u00eda planificadas para este mes de agosto, en la \u00faltima sesi\u00f3n del concejo municipal que preside el Alcalde Patricio Freire, se realiz\u00f3 la exposici\u00f3n de cuatro de los integrantes del Consejo consultivo de Infancia.<\/p>\n<p>Los alumnos Francisca Castillo del Colegio Vedruna; Martina Villegas de la Escuela Jos\u00e9 de San Mart\u00edn; Diego Vergara del Colegio Cervantino y Fernando Leiva del Liceo Roberto Humeres, fueron los encargados de representar a sus compa\u00f1eros del consejo consultivo, para dar a conocer temas relativos a recreaci\u00f3n y deportes, que seg\u00fan explicaron al cuerpo edilicio resultan fundamentales en su desarrollo.<\/p>\n<p>En la oportunidad, los alumnos entregaron datos de un diagn\u00f3stico que elaboraron y que dice relaci\u00f3n con las principales dificultades que ellos enfrentan para practicar deporte y acceder a espacios recreativos, instando a las autoridades por ejemplo, a desarrollar un proyecto de complejo deportivo, as\u00ed como a concretar la creaci\u00f3n de un parque.<\/p>\n<p>El alcalde destac\u00f3 y valor\u00f3 la informaci\u00f3n que entregaron los adolescentes, explicando que en su administraci\u00f3n se ha preocupado por tener en cuenta permanentemente las demandas de los ni\u00f1os y adolescentes, prueba de ello es que se ha dado respuesta a sus inquietudes mediante la generaci\u00f3n de una serie de acciones y proyectos, como el de ciclov\u00edas.<\/p>\n<p>Francisca Castillo se mostr\u00f3 muy feliz de participar en esta instancia, a la que ellos como expositores en el concejo fueron acompa\u00f1ados por el equipo de la OPD y los dem\u00e1s integrantes del consejo consultivo, porque seg\u00fan explic\u00f3, \u201cnos sentimos hablando de igual a igual con quienes toman decisiones, eso nos da fuerza para continuar trabajando ya que sabemos que seremos escuchados\u201d.<\/p>\n<p>La Coordinadora de la OPD San Felipe, Francisca Hidalgo, destac\u00f3 que desde el municipio y en este caso, desde el concejo municipal, siempre se ha otorgado el espacio para escuchar la voz de los ni\u00f1os de la comuna.<\/p>\n<p>\u201cEl balance es positivo, en la medida que se dan los espacios para opinar y dialogar. Ellos definieron que el deporte y la recreaci\u00f3n, eran temas que deb\u00edan abordar con las autoridades y seguiremos trabajando con el consejo consultivo, para que sus integrantes puedan seguir llegando y sensibilizando al mundo adulto, acerca de la necesidad de dar respuesta a sus sue\u00f1os, inquietudes y visiones\u201d, puntualiz\u00f3 la profesional.<\/p>\n<p>&nbsp;<\/p>\n","protected":false},"excerpt":{"rendered":"<p>Cerrando las actividades que la OPD San Felipe ten\u00eda planificadas para este mes de agosto, en la \u00faltima sesi\u00f3n del concejo municipal que preside el Alcalde Patricio Freire, se realiz\u00f3 la exposici\u00f3n&#8230;<\/p>\n","protected":false},"author":482,"featured_media":50496,"comment_status":"open","ping_status":"closed","sticky":false,"template":"","format":"standard","meta":{"advanced_seo_description":"","jetpack_seo_html_title":"","jetpack_seo_noindex":false,"_jetpack_memberships_contains_paid_content":false,"footnotes":""},"categories":[15],"tags":[],"class_list":["post-50495","post","type-post","status-publish","format-standard","has-post-thumbnail","hentry","category-comunidad"],"jetpack_featured_media_url":"https:\/\/i0.wp.com\/eltrabajo.cl\/portal\/wp-content\/uploads\/2014\/08\/Consejo11.jpg?fit=529%2C358&ssl=1","jetpack_sharing_enabled":true,"jetpack_likes_enabled":true,"jetpack-related-posts":[],"_links":{"self":[{"href":"https:\/\/eltrabajo.cl\/portal\/wp-json\/wp\/v2\/posts\/50495","targetHints":{"allow":["GET"]}}],"collection":[{"href":"https:\/\/eltrabajo.cl\/portal\/wp-json\/wp\/v2\/posts"}],"about":[{"href":"https:\/\/eltrabajo.cl\/portal\/wp-json\/wp\/v2\/types\/post"}],"author":[{"embeddable":true,"href":"https:\/\/eltrabajo.cl\/portal\/wp-json\/wp\/v2\/users\/482"}],"replies":[{"embeddable":true,"href":"https:\/\/eltrabajo.cl\/portal\/wp-json\/wp\/v2\/comments?post=50495"}],"version-history":[{"count":0,"href":"https:\/\/eltrabajo.cl\/portal\/wp-json\/wp\/v2\/posts\/50495\/revisions"}],"wp:featuredmedia":[{"embeddable":true,"href":"https:\/\/eltrabajo.cl\/portal\/wp-json\/wp\/v2\/media\/50496"}],"wp:attachment":[{"href":"https:\/\/eltrabajo.cl\/portal\/wp-json\/wp\/v2\/media?parent=50495"}],"wp:term":[{"taxonomy":"category","embeddable":true,"href":"https:\/\/eltrabajo.cl\/portal\/wp-json\/wp\/v2\/categories?post=50495"},{"taxonomy":"post_tag","embeddable":true,"href":"https:\/\/eltrabajo.cl\/portal\/wp-json\/wp\/v2\/tags?post=50495"}],"curies":[{"name":"wp","href":"https:\/\/api.w.org\/{rel}","templated":true}]}}