{"id":50515,"date":"2014-08-29T09:36:50","date_gmt":"2014-08-29T13:36:50","guid":{"rendered":"http:\/\/www.eltrabajo.cl\/portal\/?p=50515"},"modified":"2014-08-29T09:36:50","modified_gmt":"2014-08-29T13:36:50","slug":"en-diciembre-entregaran-remodelada-posta-rural-en-santa-filomena","status":"publish","type":"post","link":"https:\/\/eltrabajo.cl\/portal\/en-diciembre-entregaran-remodelada-posta-rural-en-santa-filomena\/","title":{"rendered":"En diciembre entregar\u00e1n remodelada Posta Rural en Santa Filomena"},"content":{"rendered":"<figure id=\"attachment_50516\" aria-describedby=\"caption-attachment-50516\" style=\"width: 529px\" class=\"wp-caption alignnone\"><a href=\"https:\/\/i0.wp.com\/www.eltrabajo.cl\/portal\/wp-content\/uploads\/2014\/08\/Autoridades.jpg\"><img data-recalc-dims=\"1\" loading=\"lazy\" decoding=\"async\" class=\"size-full wp-image-50516\" alt=\"Las autoridades inspeccionan las obras de remodelaci\u00f3n de la posta rural Santa Filomena que ser\u00e1 entregada en el mes de diciembre de este a\u00f1o.\" src=\"https:\/\/i0.wp.com\/www.eltrabajo.cl\/portal\/wp-content\/uploads\/2014\/08\/Autoridades.jpg?resize=529%2C401\" width=\"529\" height=\"401\" srcset=\"https:\/\/i0.wp.com\/eltrabajo.cl\/portal\/wp-content\/uploads\/2014\/08\/Autoridades.jpg?w=529&amp;ssl=1 529w, https:\/\/i0.wp.com\/eltrabajo.cl\/portal\/wp-content\/uploads\/2014\/08\/Autoridades.jpg?resize=197%2C150&amp;ssl=1 197w, https:\/\/i0.wp.com\/eltrabajo.cl\/portal\/wp-content\/uploads\/2014\/08\/Autoridades.jpg?resize=300%2C227&amp;ssl=1 300w, https:\/\/i0.wp.com\/eltrabajo.cl\/portal\/wp-content\/uploads\/2014\/08\/Autoridades.jpg?resize=150%2C113&amp;ssl=1 150w, https:\/\/i0.wp.com\/eltrabajo.cl\/portal\/wp-content\/uploads\/2014\/08\/Autoridades.jpg?resize=400%2C303&amp;ssl=1 400w\" sizes=\"auto, (max-width: 529px) 100vw, 529px\" \/><\/a><figcaption id=\"caption-attachment-50516\" class=\"wp-caption-text\">Las autoridades inspeccionan las obras de remodelaci\u00f3n de la posta rural Santa Filomena que ser\u00e1 entregada en el mes de diciembre de este a\u00f1o.<\/figcaption><\/figure>\n<p>M\u00e1s de &amp;300 millones invirti\u00f3 el Gobierno Regional para el mejoramiento de la Posta Rural de Salud, que beneficiar\u00e1 a m\u00e1s de 1.300 personas de la localidad de Santa Filomena de la comuna de Santa Mar\u00eda. La construcci\u00f3n abarca 300 metros cuadrados de material s\u00f3lido en el marco de fortalecimiento de atenci\u00f3n primaria de salud de prioridad del ministerio. La comunidad podr\u00e1 acceder a la atenci\u00f3n b\u00e1sica de salud a cargo de un equipo log\u00edstico preparado para las atenciones profesionales que persigue aumentar su actual dotaci\u00f3n de atenci\u00f3n.<\/p>\n<p>En el Valle de Aconcagua actualmente existen diez postas rurales y Sata Filomena es la primera en estos proyectos de mejoramiento, con el prop\u00f3sito de renovar todos estos centros hospitalarios b\u00e1sicos a corto plazo, as\u00ed lo inform\u00f3 el Director del Servicio de Salud, Alejandro C\u00e1rdenas a Diario El Trabajo.<\/p>\n<p>\u201c\u00c9sta es la primera que estamos reponiendo, tenemos la gran misi\u00f3n a corto plazo de las nuevas restantes que est\u00e1n ubicadas en localidades como en Panquehue, San Esteban y Calle Larga, necesitamos una inversi\u00f3n fuerte del Gobierno Regional a objeto de ponerlas a tono como lo que est\u00e1 sucediendo ac\u00e1 en Santa Filomena\u201d.<\/p>\n<p>La obra se encuentra en plena etapa de construcci\u00f3n ser\u00e1 entregada a la comunidad que adem\u00e1s beneficiar\u00e1 a sectores como La Higuera, Jahuelito y Tabolango a finales de este a\u00f1o, siendo inspeccionada por el Director de Salud Aconcagua, Alejandro C\u00e1rdenas; el Gobernador de San Felipe Eduardo Le\u00f3n; el Consejero Regional, Mario Sottolichio; el Diputado Marco Antonio N\u00fa\u00f1ez y el Alcalde de la comuna de Santa Mar\u00eda, Claudio Zurita.<\/p>\n<p>\u201cEs una inversi\u00f3n bastante importante para Santa Filomena, una remodelaci\u00f3n completa, a pesar de que no viene en el proceso aumentar algunas obras pero vamos a estudiar a nivel municipal si aumentamos alguna atenciones que nos pueden hacer falta, como aumentar las horas m\u00e9dicas, vamos hacer un estudio con el Cesfam de Santa Mar\u00eda pero estamos contentos ya la Posta est\u00e1 cumpliendo su vida \u00fatil, esperamos en diciembre estar inaugurando esta gran proyecto para Santa Filomena\u201d, indic\u00f3 Zurita.<\/p>\n<p>Por su parte el Consejero Regional, Mario Sottolichio, precis\u00f3 que estas obras mejoran ostensible la calidad de salud del sector \u201ces bueno resaltar que Santa Filomena estas obras que pronto se va a entregar con la ayuda del Gobierno Regional que invirti\u00f3 $360 millones en esta obra. Adem\u00e1s de $700 millones en la remodelaci\u00f3n para el estadio municipal de la comuna y m\u00e1s de $1.000 millones en el mejoramiento del Templo de Santa Filomena\u201d, expres\u00f3.<\/p>\n<p>En este sentido, el Diputado N\u00fa\u00f1ez manifest\u00f3 que todas las comunas del Valle de Aconcagua puedan normalizar el 100% de su infraestructura, \u201cincluyendo lo m\u00e1s costoso que requiere m\u00e1s trabajo que ya comenz\u00f3 su estudio pre-inversional, que es el Hospital San Camilo de San Felipe\u201d.<\/p>\n<p>Se espera que para el 2015 el Ministerio de Salud entregue los proyectos al Fondo de Desarrollo Regional para el avance de las remodelaciones de las restantes postas rurales en las dos provincias.<\/p>\n<p>Pablo Salinas Sald\u00edas<\/p>\n<div class=\"tiled-gallery type-rectangular tiled-gallery-unresized\" data-original-width=\"640\" data-carousel-extra='null' itemscope itemtype=\"http:\/\/schema.org\/ImageGallery\" > <div class=\"gallery-row\" style=\"width: 640px; height: 154px;\" data-original-width=\"640\" data-original-height=\"154\" > <div class=\"gallery-group images-1\" style=\"width: 118px; height: 154px;\" data-original-width=\"118\" data-original-height=\"154\" > <div class=\"tiled-gallery-item tiled-gallery-item-small\" itemprop=\"associatedMedia\" itemscope itemtype=\"http:\/\/schema.org\/ImageObject\"> <a href=\"https:\/\/eltrabajo.cl\/portal\/en-diciembre-entregaran-remodelada-posta-rural-en-santa-filomena\/alcalde-zurita-2\/\" border=\"0\" itemprop=\"url\"> <meta itemprop=\"width\" content=\"114\"> <meta itemprop=\"height\" content=\"150\"> <img decoding=\"async\" class=\"\" data-attachment-id=\"50517\" data-orig-file=\"https:\/\/eltrabajo.cl\/portal\/wp-content\/uploads\/2014\/08\/Alcalde-Zurita.jpg\" data-orig-size=\"529,701\" data-comments-opened=\"1\" data-image-meta=\"{&quot;aperture&quot;:&quot;0&quot;,&quot;credit&quot;:&quot;&quot;,&quot;camera&quot;:&quot;&quot;,&quot;caption&quot;:&quot;&quot;,&quot;created_timestamp&quot;:&quot;0&quot;,&quot;copyright&quot;:&quot;&quot;,&quot;focal_length&quot;:&quot;0&quot;,&quot;iso&quot;:&quot;0&quot;,&quot;shutter_speed&quot;:&quot;0&quot;,&quot;title&quot;:&quot;&quot;}\" data-image-title=\"Alcalde Zurita\" data-image-description=\"&lt;p&gt;El Alcalde de Santa Mar\u00eda, Claudio Zurita, valor\u00f3 la iniciativa para la localidad de Santa Filomena que beneficiar\u00e1 a m\u00e1s de 1.300 personas del sector en la atenci\u00f3n de salud primaria.&lt;\/p&gt; \" data-medium-file=\"https:\/\/i0.wp.com\/eltrabajo.cl\/portal\/wp-content\/uploads\/2014\/08\/Alcalde-Zurita.jpg?fit=226%2C300&#038;ssl=1\" data-large-file=\"https:\/\/i0.wp.com\/eltrabajo.cl\/portal\/wp-content\/uploads\/2014\/08\/Alcalde-Zurita.jpg?fit=529%2C701&#038;ssl=1\" src=\"https:\/\/i0.wp.com\/eltrabajo.cl\/portal\/wp-content\/uploads\/2014\/08\/Alcalde-Zurita.jpg?w=114&#038;h=150&#038;ssl=1\" srcset=\"https:\/\/i0.wp.com\/eltrabajo.cl\/portal\/wp-content\/uploads\/2014\/08\/Alcalde-Zurita.jpg?w=529&amp;ssl=1 529w, https:\/\/i0.wp.com\/eltrabajo.cl\/portal\/wp-content\/uploads\/2014\/08\/Alcalde-Zurita.jpg?resize=113%2C150&amp;ssl=1 113w, https:\/\/i0.wp.com\/eltrabajo.cl\/portal\/wp-content\/uploads\/2014\/08\/Alcalde-Zurita.jpg?resize=226%2C300&amp;ssl=1 226w, https:\/\/i0.wp.com\/eltrabajo.cl\/portal\/wp-content\/uploads\/2014\/08\/Alcalde-Zurita.jpg?resize=400%2C530&amp;ssl=1 400w\" width=\"114\" height=\"150\" loading=\"lazy\" data-original-width=\"114\" data-original-height=\"150\" itemprop=\"http:\/\/schema.org\/image\" title=\"Alcalde Zurita\" alt=\"El Alcalde de Santa Mar\u00eda, Claudio Zurita, valor\u00f3 la iniciativa para la localidad de Santa Filomena que beneficiar\u00e1 a m\u00e1s de 1.300 personas del sector en la atenci\u00f3n de salud primaria.\" style=\"width: 114px; height: 150px;\" \/> <\/a> <div class=\"tiled-gallery-caption\" itemprop=\"caption description\"> El Alcalde de Santa Mar\u00eda, Claudio Zurita, valor\u00f3 la iniciativa para la localidad de Santa Filomena que beneficiar\u00e1 a m\u00e1s de 1.300 personas del sector en la atenci\u00f3n de salud primaria. <\/div> <\/div> <\/div> <!-- close group --> <div class=\"gallery-group images-1\" style=\"width: 118px; height: 154px;\" data-original-width=\"118\" data-original-height=\"154\" > <div class=\"tiled-gallery-item tiled-gallery-item-small\" itemprop=\"associatedMedia\" itemscope itemtype=\"http:\/\/schema.org\/ImageObject\"> <a href=\"https:\/\/eltrabajo.cl\/portal\/en-diciembre-entregaran-remodelada-posta-rural-en-santa-filomena\/director-cardenas\/\" border=\"0\" itemprop=\"url\"> <meta itemprop=\"width\" content=\"114\"> <meta itemprop=\"height\" content=\"150\"> <img decoding=\"async\" class=\"\" data-attachment-id=\"50518\" data-orig-file=\"https:\/\/eltrabajo.cl\/portal\/wp-content\/uploads\/2014\/08\/Director-Cardenas.jpg\" data-orig-size=\"529,701\" data-comments-opened=\"1\" data-image-meta=\"{&quot;aperture&quot;:&quot;0&quot;,&quot;credit&quot;:&quot;&quot;,&quot;camera&quot;:&quot;&quot;,&quot;caption&quot;:&quot;&quot;,&quot;created_timestamp&quot;:&quot;0&quot;,&quot;copyright&quot;:&quot;&quot;,&quot;focal_length&quot;:&quot;0&quot;,&quot;iso&quot;:&quot;0&quot;,&quot;shutter_speed&quot;:&quot;0&quot;,&quot;title&quot;:&quot;&quot;}\" data-image-title=\"Director Cardenas\" data-image-description=\"&lt;p&gt;El Director del Servicio de Salud Aconcagua, Alejandro C\u00e1rdenas indic\u00f3 que se persigue remodelar las diez postas rurales que se encuentran en funcionamiento en el Valle de Aconcagua a favor de la comunidad.&lt;\/p&gt; \" data-medium-file=\"https:\/\/i0.wp.com\/eltrabajo.cl\/portal\/wp-content\/uploads\/2014\/08\/Director-Cardenas.jpg?fit=226%2C300&#038;ssl=1\" data-large-file=\"https:\/\/i0.wp.com\/eltrabajo.cl\/portal\/wp-content\/uploads\/2014\/08\/Director-Cardenas.jpg?fit=529%2C701&#038;ssl=1\" src=\"https:\/\/i0.wp.com\/eltrabajo.cl\/portal\/wp-content\/uploads\/2014\/08\/Director-Cardenas.jpg?w=114&#038;h=150&#038;ssl=1\" srcset=\"https:\/\/i0.wp.com\/eltrabajo.cl\/portal\/wp-content\/uploads\/2014\/08\/Director-Cardenas.jpg?w=529&amp;ssl=1 529w, https:\/\/i0.wp.com\/eltrabajo.cl\/portal\/wp-content\/uploads\/2014\/08\/Director-Cardenas.jpg?resize=113%2C150&amp;ssl=1 113w, https:\/\/i0.wp.com\/eltrabajo.cl\/portal\/wp-content\/uploads\/2014\/08\/Director-Cardenas.jpg?resize=226%2C300&amp;ssl=1 226w, https:\/\/i0.wp.com\/eltrabajo.cl\/portal\/wp-content\/uploads\/2014\/08\/Director-Cardenas.jpg?resize=400%2C530&amp;ssl=1 400w\" width=\"114\" height=\"150\" loading=\"lazy\" data-original-width=\"114\" data-original-height=\"150\" itemprop=\"http:\/\/schema.org\/image\" title=\"Director Cardenas\" alt=\"El Director del Servicio de Salud Aconcagua, Alejandro C\u00e1rdenas indic\u00f3 que se persigue remodelar las diez postas rurales que se encuentran en funcionamiento en el Valle de Aconcagua a favor de la comunidad.\" style=\"width: 114px; height: 150px;\" \/> <\/a> <div class=\"tiled-gallery-caption\" itemprop=\"caption description\"> El Director del Servicio de Salud Aconcagua, Alejandro C\u00e1rdenas indic\u00f3 que se persigue remodelar las diez postas rurales que se encuentran en funcionamiento en el Valle de Aconcagua a favor de la comunidad. <\/div> <\/div> <\/div> <!-- close group --> <div class=\"gallery-group images-1\" style=\"width: 202px; height: 154px;\" data-original-width=\"202\" data-original-height=\"154\" > <div class=\"tiled-gallery-item tiled-gallery-item-small\" itemprop=\"associatedMedia\" itemscope itemtype=\"http:\/\/schema.org\/ImageObject\"> <a href=\"https:\/\/eltrabajo.cl\/portal\/en-diciembre-entregaran-remodelada-posta-rural-en-santa-filomena\/posta-1\/\" border=\"0\" itemprop=\"url\"> <meta itemprop=\"width\" content=\"198\"> <meta itemprop=\"height\" content=\"150\"> <img decoding=\"async\" class=\"\" data-attachment-id=\"50519\" data-orig-file=\"https:\/\/eltrabajo.cl\/portal\/wp-content\/uploads\/2014\/08\/Posta-1.jpg\" data-orig-size=\"529,401\" data-comments-opened=\"1\" data-image-meta=\"{&quot;aperture&quot;:&quot;0&quot;,&quot;credit&quot;:&quot;&quot;,&quot;camera&quot;:&quot;&quot;,&quot;caption&quot;:&quot;&quot;,&quot;created_timestamp&quot;:&quot;0&quot;,&quot;copyright&quot;:&quot;&quot;,&quot;focal_length&quot;:&quot;0&quot;,&quot;iso&quot;:&quot;0&quot;,&quot;shutter_speed&quot;:&quot;0&quot;,&quot;title&quot;:&quot;&quot;}\" data-image-title=\"Posta 1\" data-image-description=\"&lt;p&gt;La remodelaci\u00f3n de la posta Santa Filomena cuenta con 300 metros cuadrados de construcci\u00f3n que se encuentra en plena etapa de desarrollo.&lt;\/p&gt; \" data-medium-file=\"https:\/\/i0.wp.com\/eltrabajo.cl\/portal\/wp-content\/uploads\/2014\/08\/Posta-1.jpg?fit=300%2C227&#038;ssl=1\" data-large-file=\"https:\/\/i0.wp.com\/eltrabajo.cl\/portal\/wp-content\/uploads\/2014\/08\/Posta-1.jpg?fit=529%2C401&#038;ssl=1\" src=\"https:\/\/i0.wp.com\/eltrabajo.cl\/portal\/wp-content\/uploads\/2014\/08\/Posta-1.jpg?w=198&#038;h=150&#038;ssl=1\" srcset=\"https:\/\/i0.wp.com\/eltrabajo.cl\/portal\/wp-content\/uploads\/2014\/08\/Posta-1.jpg?w=529&amp;ssl=1 529w, https:\/\/i0.wp.com\/eltrabajo.cl\/portal\/wp-content\/uploads\/2014\/08\/Posta-1.jpg?resize=197%2C150&amp;ssl=1 197w, https:\/\/i0.wp.com\/eltrabajo.cl\/portal\/wp-content\/uploads\/2014\/08\/Posta-1.jpg?resize=300%2C227&amp;ssl=1 300w, https:\/\/i0.wp.com\/eltrabajo.cl\/portal\/wp-content\/uploads\/2014\/08\/Posta-1.jpg?resize=150%2C113&amp;ssl=1 150w, https:\/\/i0.wp.com\/eltrabajo.cl\/portal\/wp-content\/uploads\/2014\/08\/Posta-1.jpg?resize=400%2C303&amp;ssl=1 400w\" width=\"198\" height=\"150\" loading=\"lazy\" data-original-width=\"198\" data-original-height=\"150\" itemprop=\"http:\/\/schema.org\/image\" title=\"Posta 1\" alt=\"La remodelaci\u00f3n de la posta Santa Filomena cuenta con 300 metros cuadrados de construcci\u00f3n que se encuentra en plena etapa de desarrollo.\" style=\"width: 198px; height: 150px;\" \/> <\/a> <div class=\"tiled-gallery-caption\" itemprop=\"caption description\"> La remodelaci\u00f3n de la posta Santa Filomena cuenta con 300 metros cuadrados de construcci\u00f3n que se encuentra en plena etapa de desarrollo. <\/div> <\/div> <\/div> <!-- close group --> <div class=\"gallery-group images-1\" style=\"width: 202px; height: 154px;\" data-original-width=\"202\" data-original-height=\"154\" > <div class=\"tiled-gallery-item tiled-gallery-item-small\" itemprop=\"associatedMedia\" itemscope itemtype=\"http:\/\/schema.org\/ImageObject\"> <a href=\"https:\/\/eltrabajo.cl\/portal\/en-diciembre-entregaran-remodelada-posta-rural-en-santa-filomena\/posta-2\/\" border=\"0\" itemprop=\"url\"> <meta itemprop=\"width\" content=\"198\"> <meta itemprop=\"height\" content=\"150\"> <img decoding=\"async\" class=\"\" data-attachment-id=\"50520\" data-orig-file=\"https:\/\/eltrabajo.cl\/portal\/wp-content\/uploads\/2014\/08\/Posta-2.jpg\" data-orig-size=\"529,401\" data-comments-opened=\"1\" data-image-meta=\"{&quot;aperture&quot;:&quot;0&quot;,&quot;credit&quot;:&quot;&quot;,&quot;camera&quot;:&quot;&quot;,&quot;caption&quot;:&quot;&quot;,&quot;created_timestamp&quot;:&quot;0&quot;,&quot;copyright&quot;:&quot;&quot;,&quot;focal_length&quot;:&quot;0&quot;,&quot;iso&quot;:&quot;0&quot;,&quot;shutter_speed&quot;:&quot;0&quot;,&quot;title&quot;:&quot;&quot;}\" data-image-title=\"Posta 2\" data-image-description=\"&lt;p&gt;Una moderna infraestructura contar\u00e1 este centro hospitalario gracias a los aportes del Gobierno Regional y el Ministerio de Salud.&lt;\/p&gt; \" data-medium-file=\"https:\/\/i0.wp.com\/eltrabajo.cl\/portal\/wp-content\/uploads\/2014\/08\/Posta-2.jpg?fit=300%2C227&#038;ssl=1\" data-large-file=\"https:\/\/i0.wp.com\/eltrabajo.cl\/portal\/wp-content\/uploads\/2014\/08\/Posta-2.jpg?fit=529%2C401&#038;ssl=1\" src=\"https:\/\/i0.wp.com\/eltrabajo.cl\/portal\/wp-content\/uploads\/2014\/08\/Posta-2.jpg?w=198&#038;h=150&#038;ssl=1\" srcset=\"https:\/\/i0.wp.com\/eltrabajo.cl\/portal\/wp-content\/uploads\/2014\/08\/Posta-2.jpg?w=529&amp;ssl=1 529w, https:\/\/i0.wp.com\/eltrabajo.cl\/portal\/wp-content\/uploads\/2014\/08\/Posta-2.jpg?resize=197%2C150&amp;ssl=1 197w, https:\/\/i0.wp.com\/eltrabajo.cl\/portal\/wp-content\/uploads\/2014\/08\/Posta-2.jpg?resize=300%2C227&amp;ssl=1 300w, https:\/\/i0.wp.com\/eltrabajo.cl\/portal\/wp-content\/uploads\/2014\/08\/Posta-2.jpg?resize=150%2C113&amp;ssl=1 150w, https:\/\/i0.wp.com\/eltrabajo.cl\/portal\/wp-content\/uploads\/2014\/08\/Posta-2.jpg?resize=400%2C303&amp;ssl=1 400w\" width=\"198\" height=\"150\" loading=\"lazy\" data-original-width=\"198\" data-original-height=\"150\" itemprop=\"http:\/\/schema.org\/image\" title=\"Posta 2\" alt=\"Una moderna infraestructura contar\u00e1 este centro hospitalario gracias a los aportes del Gobierno Regional y el Ministerio de Salud.\" style=\"width: 198px; height: 150px;\" \/> <\/a> <div class=\"tiled-gallery-caption\" itemprop=\"caption description\"> Una moderna infraestructura contar\u00e1 este centro hospitalario gracias a los aportes del Gobierno Regional y el Ministerio de Salud. <\/div> <\/div> <\/div> <!-- close group --> <\/div> <!-- close row --> <\/div>\n","protected":false},"excerpt":{"rendered":"<p>M\u00e1s de &amp;300 millones invirti\u00f3 el Gobierno Regional para el mejoramiento de la Posta Rural de Salud, que beneficiar\u00e1 a m\u00e1s de 1.300 personas de la localidad de Santa Filomena de la&#8230;<\/p>\n","protected":false},"author":482,"featured_media":50516,"comment_status":"open","ping_status":"closed","sticky":false,"template":"","format":"standard","meta":{"advanced_seo_description":"","jetpack_seo_html_title":"","jetpack_seo_noindex":false,"_jetpack_memberships_contains_paid_content":false,"footnotes":""},"categories":[15],"tags":[],"class_list":["post-50515","post","type-post","status-publish","format-standard","has-post-thumbnail","hentry","category-comunidad"],"jetpack_featured_media_url":"https:\/\/i0.wp.com\/eltrabajo.cl\/portal\/wp-content\/uploads\/2014\/08\/Autoridades.jpg?fit=529%2C401&ssl=1","jetpack_sharing_enabled":true,"jetpack_likes_enabled":true,"jetpack-related-posts":[],"_links":{"self":[{"href":"https:\/\/eltrabajo.cl\/portal\/wp-json\/wp\/v2\/posts\/50515","targetHints":{"allow":["GET"]}}],"collection":[{"href":"https:\/\/eltrabajo.cl\/portal\/wp-json\/wp\/v2\/posts"}],"about":[{"href":"https:\/\/eltrabajo.cl\/portal\/wp-json\/wp\/v2\/types\/post"}],"author":[{"embeddable":true,"href":"https:\/\/eltrabajo.cl\/portal\/wp-json\/wp\/v2\/users\/482"}],"replies":[{"embeddable":true,"href":"https:\/\/eltrabajo.cl\/portal\/wp-json\/wp\/v2\/comments?post=50515"}],"version-history":[{"count":0,"href":"https:\/\/eltrabajo.cl\/portal\/wp-json\/wp\/v2\/posts\/50515\/revisions"}],"wp:featuredmedia":[{"embeddable":true,"href":"https:\/\/eltrabajo.cl\/portal\/wp-json\/wp\/v2\/media\/50516"}],"wp:attachment":[{"href":"https:\/\/eltrabajo.cl\/portal\/wp-json\/wp\/v2\/media?parent=50515"}],"wp:term":[{"taxonomy":"category","embeddable":true,"href":"https:\/\/eltrabajo.cl\/portal\/wp-json\/wp\/v2\/categories?post=50515"},{"taxonomy":"post_tag","embeddable":true,"href":"https:\/\/eltrabajo.cl\/portal\/wp-json\/wp\/v2\/tags?post=50515"}],"curies":[{"name":"wp","href":"https:\/\/api.w.org\/{rel}","templated":true}]}}