{"id":50523,"date":"2014-08-29T09:40:21","date_gmt":"2014-08-29T13:40:21","guid":{"rendered":"http:\/\/www.eltrabajo.cl\/portal\/?p=50523"},"modified":"2014-08-29T09:40:21","modified_gmt":"2014-08-29T13:40:21","slug":"banda-armada-asalta-sucursal-de-banco-santander-del-puerto-terrestre","status":"publish","type":"post","link":"https:\/\/eltrabajo.cl\/portal\/banda-armada-asalta-sucursal-de-banco-santander-del-puerto-terrestre\/","title":{"rendered":"Banda armada asalta sucursal de Banco Santander del Puerto Terrestre"},"content":{"rendered":"<figure id=\"attachment_50524\" aria-describedby=\"caption-attachment-50524\" style=\"width: 528px\" class=\"wp-caption alignnone\"><a href=\"https:\/\/i0.wp.com\/www.eltrabajo.cl\/portal\/wp-content\/uploads\/2014\/08\/asalto-poblacion.jpg\"><img data-recalc-dims=\"1\" loading=\"lazy\" decoding=\"async\" class=\"size-full wp-image-50524\" alt=\"Personal de Carabineros desarroll\u00f3 un intenso operativo en la Poblaci\u00f3n Cristo Redentor, donde los delincuentes intentaron esconderse, siendo uno de ellos detenido.\" src=\"https:\/\/i0.wp.com\/www.eltrabajo.cl\/portal\/wp-content\/uploads\/2014\/08\/asalto-poblacion.jpg?resize=528%2C358\" width=\"528\" height=\"358\" srcset=\"https:\/\/i0.wp.com\/eltrabajo.cl\/portal\/wp-content\/uploads\/2014\/08\/asalto-poblacion.jpg?w=528&amp;ssl=1 528w, https:\/\/i0.wp.com\/eltrabajo.cl\/portal\/wp-content\/uploads\/2014\/08\/asalto-poblacion.jpg?resize=200%2C135&amp;ssl=1 200w, https:\/\/i0.wp.com\/eltrabajo.cl\/portal\/wp-content\/uploads\/2014\/08\/asalto-poblacion.jpg?resize=300%2C203&amp;ssl=1 300w, https:\/\/i0.wp.com\/eltrabajo.cl\/portal\/wp-content\/uploads\/2014\/08\/asalto-poblacion.jpg?resize=150%2C101&amp;ssl=1 150w, https:\/\/i0.wp.com\/eltrabajo.cl\/portal\/wp-content\/uploads\/2014\/08\/asalto-poblacion.jpg?resize=400%2C271&amp;ssl=1 400w\" sizes=\"auto, (max-width: 528px) 100vw, 528px\" \/><\/a><figcaption id=\"caption-attachment-50524\" class=\"wp-caption-text\">Personal de Carabineros desarroll\u00f3 un intenso operativo en la Poblaci\u00f3n Cristo Redentor, donde los delincuentes intentaron esconderse, siendo uno de ellos detenido.<\/figcaption><\/figure>\n<p><strong>LOS ANDES.<\/strong>&#8211; Una banda de asaltantes compuesta por al menos cuatro delincuentes, asaltaron la ma\u00f1ana de este jueves la sucursal del Banco Santander ubicada al interior del Puerto Terrestre de Los Andes. Los antisociales llegaron pasadas las 09:00 horas, simulando ser camioneros y luego uno de ellos, usando un arma a fogueo, intimid\u00f3 al guardia, arrebat\u00e1ndole su rev\u00f3lver.<\/p>\n<figure id=\"attachment_50525\" aria-describedby=\"caption-attachment-50525\" style=\"width: 370px\" class=\"wp-caption alignright\"><a href=\"https:\/\/i0.wp.com\/www.eltrabajo.cl\/portal\/wp-content\/uploads\/2014\/08\/Dinero1.jpg\"><img data-recalc-dims=\"1\" loading=\"lazy\" decoding=\"async\" class=\" wp-image-50525 \" alt=\"RECUPERADO.- Tras el fulminante actuar policial, se logr\u00f3 la detenci\u00f3n no s\u00f3lo de uno de los asaltantes, sino la recuperaci\u00f3n de la totalidad del dinero.\" src=\"https:\/\/i0.wp.com\/www.eltrabajo.cl\/portal\/wp-content\/uploads\/2014\/08\/Dinero1.jpg?resize=370%2C281\" width=\"370\" height=\"281\" srcset=\"https:\/\/i0.wp.com\/eltrabajo.cl\/portal\/wp-content\/uploads\/2014\/08\/Dinero1.jpg?w=529&amp;ssl=1 529w, https:\/\/i0.wp.com\/eltrabajo.cl\/portal\/wp-content\/uploads\/2014\/08\/Dinero1.jpg?resize=197%2C150&amp;ssl=1 197w, https:\/\/i0.wp.com\/eltrabajo.cl\/portal\/wp-content\/uploads\/2014\/08\/Dinero1.jpg?resize=300%2C227&amp;ssl=1 300w, https:\/\/i0.wp.com\/eltrabajo.cl\/portal\/wp-content\/uploads\/2014\/08\/Dinero1.jpg?resize=150%2C113&amp;ssl=1 150w, https:\/\/i0.wp.com\/eltrabajo.cl\/portal\/wp-content\/uploads\/2014\/08\/Dinero1.jpg?resize=400%2C303&amp;ssl=1 400w\" sizes=\"auto, (max-width: 370px) 100vw, 370px\" \/><\/a><figcaption id=\"caption-attachment-50525\" class=\"wp-caption-text\">RECUPERADO.- Tras el fulminante actuar policial, se logr\u00f3 la detenci\u00f3n no s\u00f3lo de uno de los asaltantes, sino la recuperaci\u00f3n de la totalidad del dinero.<\/figcaption><\/figure>\n<p>Posteriormente y con la situaci\u00f3n controlada, amenazaron a la cajera procediendo a sustraer dos millones 600 mil pesos en dinero y 691 d\u00f3lares, d\u00e1ndose luego a la fuga sin hacer ingreso a la b\u00f3veda. Los antisociales escaparon a bordo de un veh\u00edculo 4&#215;4 que previamente se lo hab\u00edan quitado a su propietario, intimid\u00e1ndolo con un arma en el centro de la ciudad de Los Andes y luego amarr\u00e1ndolo para dejarlo en la parte posterior.<\/p>\n<p><strong>ABANDONAN BOT\u00cdN<\/strong><\/p>\n<p>Los maleantes huyeron en direcci\u00f3n a la ciudad de Los Andes, mientras en el intertanto Carabineros fue alertado del atraco, inici\u00e1ndose un Plan Candado en todo el sector de la ruta internacional, logrando ubicar el m\u00f3vil.<\/p>\n<p>Los delincuentes al verse cercados, ingresaron hasta Pasaje Los Quilos de Poblaci\u00f3n Cristo Redentor, donde dejaron abandonado el veh\u00edculo con el dinero, huyendo a pie hacia las casas del sector.<\/p>\n<p>La sagacidad de dos carabineros permiti\u00f3 descubrir a uno de los maleantes, quien estaba oculto detr\u00e1s de la casa de un perro, en el antejard\u00edn de una vivienda del sector, siendo arrestado en el acto. El antisocial fue individualizado como Esteban Ar\u00e9valo Sep\u00falveda, de 34 a\u00f1os, alias \u2018El Pirata\u2019, con antecedentes por Robo, Porte de arma de fuego y Tr\u00e1fico de drogas.<\/p>\n<p>El Prefecto de Carabineros de Aconcagua, Coronel Marcelo Dur\u00e1n, manifest\u00f3 que se llev\u00f3 adelante un gran despliegue de unidades policiales de diversos cuadrantes, logrando la detenci\u00f3n no solo de uno de los asaltantes, sino la recuperaci\u00f3n de la totalidad del dinero.<\/p>\n<p>\u201cLas c\u00e1maras de seguridad de la sucursal bancaria muestran a tres individuos, pero la informaci\u00f3n recopilada en el sitio del suceso indicar\u00edan que son cuatro y que \u00e9ste ser\u00eda el conductor del auto en que escaparon\u201d, coment\u00f3 el prefecto. Precis\u00f3 que inicialmente el procedimiento se inici\u00f3 con un secuestro, \u201cdonde un se\u00f1or que manejaba una 4&#215;4 es intimidado con un arma de fuego corta, lo maniatan y dejan en la parte de atr\u00e1s del veh\u00edculo y en ese m\u00f3vil habr\u00edan hecho esa actuaci\u00f3n delictual\u201d.<\/p>\n<p>Ratific\u00f3 que el delincuente detenido en el antejard\u00edn de una casa no ten\u00eda ninguna relaci\u00f3n con sus moradores e incluso \u00e9stos le cerraron la puerta del inmueble para que no ingresara a ocultarse. En el mismo patio fue recuperado el rev\u00f3lver calibre 38 que los antisociales arrebataron al guardia, por lo que se descarta que huyan armados.<\/p>\n<p>&nbsp;<\/p>\n","protected":false},"excerpt":{"rendered":"<p>LOS ANDES.&#8211; Una banda de asaltantes compuesta por al menos cuatro delincuentes, asaltaron la ma\u00f1ana de este jueves la sucursal del Banco Santander ubicada al interior del Puerto Terrestre de Los Andes&#8230;.<\/p>\n","protected":false},"author":482,"featured_media":50524,"comment_status":"open","ping_status":"closed","sticky":false,"template":"","format":"standard","meta":{"advanced_seo_description":"","jetpack_seo_html_title":"","jetpack_seo_noindex":false,"_jetpack_memberships_contains_paid_content":false,"footnotes":""},"categories":[21],"tags":[],"class_list":["post-50523","post","type-post","status-publish","format-standard","has-post-thumbnail","hentry","category-policial"],"jetpack_featured_media_url":"https:\/\/i0.wp.com\/eltrabajo.cl\/portal\/wp-content\/uploads\/2014\/08\/asalto-poblacion.jpg?fit=528%2C358&ssl=1","jetpack_sharing_enabled":true,"jetpack_likes_enabled":true,"jetpack-related-posts":[],"_links":{"self":[{"href":"https:\/\/eltrabajo.cl\/portal\/wp-json\/wp\/v2\/posts\/50523","targetHints":{"allow":["GET"]}}],"collection":[{"href":"https:\/\/eltrabajo.cl\/portal\/wp-json\/wp\/v2\/posts"}],"about":[{"href":"https:\/\/eltrabajo.cl\/portal\/wp-json\/wp\/v2\/types\/post"}],"author":[{"embeddable":true,"href":"https:\/\/eltrabajo.cl\/portal\/wp-json\/wp\/v2\/users\/482"}],"replies":[{"embeddable":true,"href":"https:\/\/eltrabajo.cl\/portal\/wp-json\/wp\/v2\/comments?post=50523"}],"version-history":[{"count":0,"href":"https:\/\/eltrabajo.cl\/portal\/wp-json\/wp\/v2\/posts\/50523\/revisions"}],"wp:featuredmedia":[{"embeddable":true,"href":"https:\/\/eltrabajo.cl\/portal\/wp-json\/wp\/v2\/media\/50524"}],"wp:attachment":[{"href":"https:\/\/eltrabajo.cl\/portal\/wp-json\/wp\/v2\/media?parent=50523"}],"wp:term":[{"taxonomy":"category","embeddable":true,"href":"https:\/\/eltrabajo.cl\/portal\/wp-json\/wp\/v2\/categories?post=50523"},{"taxonomy":"post_tag","embeddable":true,"href":"https:\/\/eltrabajo.cl\/portal\/wp-json\/wp\/v2\/tags?post=50523"}],"curies":[{"name":"wp","href":"https:\/\/api.w.org\/{rel}","templated":true}]}}