{"id":50532,"date":"2014-08-29T09:43:32","date_gmt":"2014-08-29T13:43:32","guid":{"rendered":"http:\/\/www.eltrabajo.cl\/portal\/?p=50532"},"modified":"2014-08-29T09:43:32","modified_gmt":"2014-08-29T13:43:32","slug":"capturado-profugo-acusado-de-violar-a-nina-de-10-anos","status":"publish","type":"post","link":"https:\/\/eltrabajo.cl\/portal\/capturado-profugo-acusado-de-violar-a-nina-de-10-anos\/","title":{"rendered":"Capturado pr\u00f3fugo acusado de violar a ni\u00f1a de 10 a\u00f1os"},"content":{"rendered":"<figure id=\"attachment_50533\" aria-describedby=\"caption-attachment-50533\" style=\"width: 317px\" class=\"wp-caption alignleft\"><a href=\"https:\/\/i0.wp.com\/www.eltrabajo.cl\/portal\/wp-content\/uploads\/2014\/08\/Violador1.jpg\"><img data-recalc-dims=\"1\" loading=\"lazy\" decoding=\"async\" class=\" wp-image-50533 \" alt=\"Las aberraciones quedaron al descubierto luego de que la menor fue sometida a ex\u00e1menes ginecol\u00f3gicos que confirmaban las agresiones. (Imagen ilustrativa).\" src=\"https:\/\/i0.wp.com\/www.eltrabajo.cl\/portal\/wp-content\/uploads\/2014\/08\/Violador1.jpg?resize=317%2C335\" width=\"317\" height=\"335\" srcset=\"https:\/\/i0.wp.com\/eltrabajo.cl\/portal\/wp-content\/uploads\/2014\/08\/Violador1.jpg?w=529&amp;ssl=1 529w, https:\/\/i0.wp.com\/eltrabajo.cl\/portal\/wp-content\/uploads\/2014\/08\/Violador1.jpg?resize=141%2C150&amp;ssl=1 141w, https:\/\/i0.wp.com\/eltrabajo.cl\/portal\/wp-content\/uploads\/2014\/08\/Violador1.jpg?resize=283%2C300&amp;ssl=1 283w, https:\/\/i0.wp.com\/eltrabajo.cl\/portal\/wp-content\/uploads\/2014\/08\/Violador1.jpg?resize=400%2C422&amp;ssl=1 400w\" sizes=\"auto, (max-width: 317px) 100vw, 317px\" \/><\/a><figcaption id=\"caption-attachment-50533\" class=\"wp-caption-text\">Las aberraciones quedaron al descubierto luego de que la menor fue sometida a ex\u00e1menes ginecol\u00f3gicos que confirmaban las agresiones. (Imagen ilustrativa).<\/figcaption><\/figure>\n<p>En la ciudad de Curic\u00f3 fue detenido por la Polic\u00eda, el imputado identificado como Cristian Marcelo A.B., quien mantiene una grave acusaci\u00f3n de Violaci\u00f3n reiterada a una ni\u00f1a de 10 a\u00f1os, hija de su ex-pareja, desde el a\u00f1o 2004 al 2006 en San Felipe.<\/p>\n<p>El acusado manten\u00eda una orden de detenci\u00f3n despachada por el Tribunal de Garant\u00eda de San Felipe, requerida por el entonces Fiscal Jefe Benjam\u00edn Santib\u00e1\u00f1ez, quien llevaba la causa desde el 23 de enero del 2006, cuando Cristian Marcelo no se present\u00f3 a los actos del procedimiento, luego de existir pruebas en su contra.<\/p>\n<p>Los hechos que se encuentran en la carpeta investigativa del Ministerio P\u00fablico, indican que el hombre abus\u00f3 de la confianza de la peque\u00f1a por ser la pareja de su madre desde el 2004 y durante tres a\u00f1os la v\u00edctima sufri\u00f3 los atentados de violaci\u00f3n en reiteradas oportunidades al interior de su vivienda en la ciudad de San Felipe.<\/p>\n<p><strong>\u00a0CASO CRE\u00cdBLE<\/strong><\/p>\n<p>Las aberraciones quedaron al descubierto luego que la menor fue sometida a ex\u00e1menes ginecol\u00f3gicos que confirmaban las agresiones, acusando a su padrastro como el autor de los delitos, los que fueron ratificados tras las pericias psicol\u00f3gicas del Centro de Atenci\u00f3n de V\u00edctimas de Atentados Sexuales (Cavas), emitiendo un informe de credibilidad.<\/p>\n<figure id=\"attachment_50534\" aria-describedby=\"caption-attachment-50534\" style=\"width: 317px\" class=\"wp-caption alignright\"><a href=\"https:\/\/i0.wp.com\/www.eltrabajo.cl\/portal\/wp-content\/uploads\/2014\/08\/fiscal-Fajardo.jpg\"><img data-recalc-dims=\"1\" loading=\"lazy\" decoding=\"async\" class=\" wp-image-50534 \" alt=\"El Fiscal Eduardo Fajardo formaliz\u00f3 al imputado por violaci\u00f3n reiterada en contra de una ni\u00f1a de 10 a\u00f1os de edad.\" src=\"https:\/\/i0.wp.com\/www.eltrabajo.cl\/portal\/wp-content\/uploads\/2014\/08\/fiscal-Fajardo.jpg?resize=317%2C280\" width=\"317\" height=\"280\" srcset=\"https:\/\/i0.wp.com\/eltrabajo.cl\/portal\/wp-content\/uploads\/2014\/08\/fiscal-Fajardo.jpg?w=529&amp;ssl=1 529w, https:\/\/i0.wp.com\/eltrabajo.cl\/portal\/wp-content\/uploads\/2014\/08\/fiscal-Fajardo.jpg?resize=170%2C150&amp;ssl=1 170w, https:\/\/i0.wp.com\/eltrabajo.cl\/portal\/wp-content\/uploads\/2014\/08\/fiscal-Fajardo.jpg?resize=300%2C264&amp;ssl=1 300w, https:\/\/i0.wp.com\/eltrabajo.cl\/portal\/wp-content\/uploads\/2014\/08\/fiscal-Fajardo.jpg?resize=150%2C132&amp;ssl=1 150w, https:\/\/i0.wp.com\/eltrabajo.cl\/portal\/wp-content\/uploads\/2014\/08\/fiscal-Fajardo.jpg?resize=400%2C352&amp;ssl=1 400w\" sizes=\"auto, (max-width: 317px) 100vw, 317px\" \/><\/a><figcaption id=\"caption-attachment-50534\" class=\"wp-caption-text\">El Fiscal Eduardo Fajardo formaliz\u00f3 al imputado por violaci\u00f3n reiterada en contra de una ni\u00f1a de 10 a\u00f1os de edad.<\/figcaption><\/figure>\n<p>En aquel entonces el imputado fue citado por la Fiscal\u00eda de San Felipe para ser formalizado, lo cual tras su ausencia, se despach\u00f3 una orden de detenci\u00f3n cuando ya el persecutor manten\u00eda pruebas contundentes en su contra para la respectiva acusaci\u00f3n que tiene pena de crimen.<\/p>\n<p>Luego de ocho a\u00f1os de ser perseguido por la justicia, Cristian fue detenido por la Polic\u00eda en la ciudad de Curic\u00f3, ante lo cual y mediante exorto fue custodiado por Gendarmer\u00eda para ser trasladado hasta el Juzgado de Garant\u00eda de San Felipe, siendo formalizado por el Fiscal Eduardo Fajardo por el delito de Violaci\u00f3n Propia e Impropia.<\/p>\n<p>\u201cNo se present\u00f3 nunca a la formalizaci\u00f3n, se despach\u00f3 una orden de detenci\u00f3n y se formaliz\u00f3 por el delito reiterado de Violaci\u00f3n Propia e Impropia. Se expusieron los antecedentes, existe la declaraci\u00f3n de la v\u00edctima; testigos de contexto; informe de credibilidad del Cavas y el informe ginecol\u00f3gico que establece la existencia de violaci\u00f3n\u201d, inform\u00f3 a Diario El Trabajo el Fiscal Eduardo Fajardo.<\/p>\n<p>Tras acreditar la existencia de este delito, el tribunal orden\u00f3 de inmediato la cautelar de Prisi\u00f3n Preventiva por un plazo de 60 d\u00edas a petici\u00f3n del Ministerio P\u00fablico, que deber\u00e1 retomar el caso la Fiscal de Delitos Sexuales, Daniela Quevedo Henr\u00edquez, para perseguir una pena privativa de libertad.<\/p>\n<p>El representante del Ministerio P\u00fablico explic\u00f3 que la acusaci\u00f3n no se encuentra prescrita y debido a la pena de crimen, el imputado pudiese ser condenado a una pena efectiva que deber\u00e1n evaluar los jueces.<\/p>\n<p>Pablo Salinas Sald\u00edas<\/p>\n","protected":false},"excerpt":{"rendered":"<p>En la ciudad de Curic\u00f3 fue detenido por la Polic\u00eda, el imputado identificado como Cristian Marcelo A.B., quien mantiene una grave acusaci\u00f3n de Violaci\u00f3n reiterada a una ni\u00f1a de 10 a\u00f1os, hija&#8230;<\/p>\n","protected":false},"author":482,"featured_media":50533,"comment_status":"open","ping_status":"closed","sticky":false,"template":"","format":"standard","meta":{"advanced_seo_description":"","jetpack_seo_html_title":"","jetpack_seo_noindex":false,"_jetpack_memberships_contains_paid_content":false,"footnotes":""},"categories":[21],"tags":[],"class_list":["post-50532","post","type-post","status-publish","format-standard","has-post-thumbnail","hentry","category-policial"],"jetpack_featured_media_url":"https:\/\/i0.wp.com\/eltrabajo.cl\/portal\/wp-content\/uploads\/2014\/08\/Violador1.jpg?fit=529%2C559&ssl=1","jetpack_sharing_enabled":true,"jetpack_likes_enabled":true,"jetpack-related-posts":[],"_links":{"self":[{"href":"https:\/\/eltrabajo.cl\/portal\/wp-json\/wp\/v2\/posts\/50532","targetHints":{"allow":["GET"]}}],"collection":[{"href":"https:\/\/eltrabajo.cl\/portal\/wp-json\/wp\/v2\/posts"}],"about":[{"href":"https:\/\/eltrabajo.cl\/portal\/wp-json\/wp\/v2\/types\/post"}],"author":[{"embeddable":true,"href":"https:\/\/eltrabajo.cl\/portal\/wp-json\/wp\/v2\/users\/482"}],"replies":[{"embeddable":true,"href":"https:\/\/eltrabajo.cl\/portal\/wp-json\/wp\/v2\/comments?post=50532"}],"version-history":[{"count":0,"href":"https:\/\/eltrabajo.cl\/portal\/wp-json\/wp\/v2\/posts\/50532\/revisions"}],"wp:featuredmedia":[{"embeddable":true,"href":"https:\/\/eltrabajo.cl\/portal\/wp-json\/wp\/v2\/media\/50533"}],"wp:attachment":[{"href":"https:\/\/eltrabajo.cl\/portal\/wp-json\/wp\/v2\/media?parent=50532"}],"wp:term":[{"taxonomy":"category","embeddable":true,"href":"https:\/\/eltrabajo.cl\/portal\/wp-json\/wp\/v2\/categories?post=50532"},{"taxonomy":"post_tag","embeddable":true,"href":"https:\/\/eltrabajo.cl\/portal\/wp-json\/wp\/v2\/tags?post=50532"}],"curies":[{"name":"wp","href":"https:\/\/api.w.org\/{rel}","templated":true}]}}