{"id":50549,"date":"2014-09-01T09:35:54","date_gmt":"2014-09-01T13:35:54","guid":{"rendered":"http:\/\/www.eltrabajo.cl\/portal\/?p=50549"},"modified":"2014-09-01T09:35:54","modified_gmt":"2014-09-01T13:35:54","slug":"equipo-del-liceo-cordillera-demostro-que-sabe-mas-de-san-felipe","status":"publish","type":"post","link":"https:\/\/eltrabajo.cl\/portal\/equipo-del-liceo-cordillera-demostro-que-sabe-mas-de-san-felipe\/","title":{"rendered":"Equipo del Liceo Cordillera demostr\u00f3 que sabe m\u00e1s de San Felipe"},"content":{"rendered":"<figure id=\"attachment_50550\" aria-describedby=\"caption-attachment-50550\" style=\"width: 529px\" class=\"wp-caption alignnone\"><a href=\"https:\/\/i0.wp.com\/www.eltrabajo.cl\/portal\/wp-content\/uploads\/2014\/09\/Ganadores.jpg\"><img data-recalc-dims=\"1\" loading=\"lazy\" decoding=\"async\" class=\"size-full wp-image-50550\" alt=\"El equipo capitaneado por Camilo Mateluna y guiado por el Profesor Francisco Jamet, demostr\u00f3 ser el que sabe m\u00e1s de San Felipe.\" src=\"https:\/\/i0.wp.com\/www.eltrabajo.cl\/portal\/wp-content\/uploads\/2014\/09\/Ganadores.jpg?resize=529%2C327\" width=\"529\" height=\"327\" srcset=\"https:\/\/i0.wp.com\/eltrabajo.cl\/portal\/wp-content\/uploads\/2014\/09\/Ganadores.jpg?w=529&amp;ssl=1 529w, https:\/\/i0.wp.com\/eltrabajo.cl\/portal\/wp-content\/uploads\/2014\/09\/Ganadores.jpg?resize=200%2C123&amp;ssl=1 200w, https:\/\/i0.wp.com\/eltrabajo.cl\/portal\/wp-content\/uploads\/2014\/09\/Ganadores.jpg?resize=300%2C185&amp;ssl=1 300w, https:\/\/i0.wp.com\/eltrabajo.cl\/portal\/wp-content\/uploads\/2014\/09\/Ganadores.jpg?resize=150%2C92&amp;ssl=1 150w, https:\/\/i0.wp.com\/eltrabajo.cl\/portal\/wp-content\/uploads\/2014\/09\/Ganadores.jpg?resize=400%2C247&amp;ssl=1 400w\" sizes=\"auto, (max-width: 529px) 100vw, 529px\" \/><\/a><figcaption id=\"caption-attachment-50550\" class=\"wp-caption-text\">El equipo capitaneado por Camilo Mateluna y guiado por el Profesor Francisco Jamet, demostr\u00f3 ser el que sabe m\u00e1s de San Felipe.<\/figcaption><\/figure>\n<p>En una electrizante final realizada en el Teatro Municipal de San Felipe, el equipo 2 del Liceo Bicentenario Cordillera se qued\u00f3 con el primer lugar del Concurso \u00bfQui\u00e9n sabe m\u00e1s de San Felipe?, actividad organizada en el marco del mes aniversario de la ciudad y que convoc\u00f3 a seis establecimientos educacionales. Por un s\u00f3lo punto, el equipo capitaneado por Camilo Mateluna, consigui\u00f3 la victoria en la gran final, donde incluso autoridades reconocieron que no manejaban tanta informaci\u00f3n como estos ni\u00f1os y ni\u00f1as, respecto de la historia de San Felipe.<\/p>\n<p>Camilo, quien ya hab\u00eda participado pero representando a la Escuela John Kennedy, agradeci\u00f3 a sus compa\u00f1eros por la entrega y la responsabilidad para prepararse, as\u00ed como a sus padres y apoderados y en especial, a su Profesor Francisco Jamet, quien los apoy\u00f3 permanentemente para que pudiesen cosechar un triunfo en este concurso.<\/p>\n<p>\u201cLo pas\u00e9 excelente, me toc\u00f3 un grupo maravilloso, siempre sent\u00ed su apoyo y lo que yo intent\u00e9, como capit\u00e1n del equipo, fue darles \u00e1nimo incluso cuando comet\u00edamos errores. Nos preparamos con muchas ganas y compromiso, a veces el profesor no nos pod\u00eda acompa\u00f1ar, pero de igual manera nos la jugamos para que pudi\u00e9semos destacar en este concurso\u201d, indic\u00f3 Mateluna.<\/p>\n<p>El profesor del equipo que obtuvo el primer lugar, as\u00ed como aquel que se qued\u00f3 con el tercer puesto, Francisco Jamet valor\u00f3 en tanto la iniciativa impulsada desde del Departamento de Cultura de la municipalidad y la Asociaci\u00f3n de Comercio y Turismo, porque a su juicio, permite que los escolares se motiven a conocer m\u00e1s de la ciudad donde viven.<\/p>\n<p>\u201cMe siento orgulloso de mis alumnos. Uno como profesor, es como un artesano, porque va moldeando a estos ni\u00f1os, para que saquen lo mejor de ellos y lo mejor es que han desarrollado un esp\u00edritu con altas expectativas, asumiendo desaf\u00edos con seriedad y responsabilidad. Este es un triunfo de ellos, as\u00ed que los felicito\u201d, se\u00f1al\u00f3 el docente del Liceo Bicentenario Cordillera.<\/p>\n<p>En tanto, el Alcalde Patricio Freire felicit\u00f3 al equipo ganador y a todos los alumnos que participaron de este concurso, resaltando la importancia de esta iniciativa, en la medida que permite fortalecer el conocimiento de la historia de la ciudad entre los ni\u00f1os, ni\u00f1as y adolescentes, pero adem\u00e1s genera identidad, que es un aspecto muy trascendente a la hora de forjar juntos el desarrollo de San Felipe.<\/p>\n<p>\u201cNo deja de sorprenderme el entusiasmo y la preparaci\u00f3n de estos ni\u00f1os. Esta es una iniciativa muy interesante, que nos permite fomentar la historia y valoraci\u00f3n de parte de un segmento muy importante de la comunidad, como la infancia y la adolescencia, del patrimonio, la historia y el comercio de San Felipe\u201d, manifest\u00f3 el Alcalde Freire.<\/p>\n<div class=\"tiled-gallery type-rectangular tiled-gallery-unresized\" data-original-width=\"640\" data-carousel-extra='null' itemscope itemtype=\"http:\/\/schema.org\/ImageGallery\" > <div class=\"gallery-row\" style=\"width: 640px; height: 189px;\" data-original-width=\"640\" data-original-height=\"189\" > <div class=\"gallery-group images-1\" style=\"width: 370px; height: 189px;\" data-original-width=\"370\" data-original-height=\"189\" > <div class=\"tiled-gallery-item tiled-gallery-item-large\" itemprop=\"associatedMedia\" itemscope itemtype=\"http:\/\/schema.org\/ImageObject\"> <a href=\"https:\/\/eltrabajo.cl\/portal\/equipo-del-liceo-cordillera-demostro-que-sabe-mas-de-san-felipe\/equipo2-2\/\" border=\"0\" itemprop=\"url\"> <meta itemprop=\"width\" content=\"366\"> <meta itemprop=\"height\" content=\"185\"> <img decoding=\"async\" class=\"\" data-attachment-id=\"50551\" data-orig-file=\"https:\/\/eltrabajo.cl\/portal\/wp-content\/uploads\/2014\/09\/Equipo2.jpg\" data-orig-size=\"529,268\" data-comments-opened=\"1\" data-image-meta=\"{&quot;aperture&quot;:&quot;0&quot;,&quot;credit&quot;:&quot;&quot;,&quot;camera&quot;:&quot;&quot;,&quot;caption&quot;:&quot;&quot;,&quot;created_timestamp&quot;:&quot;0&quot;,&quot;copyright&quot;:&quot;&quot;,&quot;focal_length&quot;:&quot;0&quot;,&quot;iso&quot;:&quot;0&quot;,&quot;shutter_speed&quot;:&quot;0&quot;,&quot;title&quot;:&quot;&quot;}\" data-image-title=\"Equipo2\" data-image-description=\"&lt;p&gt;El equipo de la Escuela Jos\u00e9 de San Mart\u00edn, fue una amenaza constante para los ganadores, qued\u00e1ndose finalmente con el segundo puesto.&lt;\/p&gt; \" data-medium-file=\"https:\/\/i0.wp.com\/eltrabajo.cl\/portal\/wp-content\/uploads\/2014\/09\/Equipo2.jpg?fit=300%2C151&#038;ssl=1\" data-large-file=\"https:\/\/i0.wp.com\/eltrabajo.cl\/portal\/wp-content\/uploads\/2014\/09\/Equipo2.jpg?fit=529%2C268&#038;ssl=1\" src=\"https:\/\/i0.wp.com\/eltrabajo.cl\/portal\/wp-content\/uploads\/2014\/09\/Equipo2.jpg?w=366&#038;h=185&#038;ssl=1\" srcset=\"https:\/\/i0.wp.com\/eltrabajo.cl\/portal\/wp-content\/uploads\/2014\/09\/Equipo2.jpg?w=529&amp;ssl=1 529w, https:\/\/i0.wp.com\/eltrabajo.cl\/portal\/wp-content\/uploads\/2014\/09\/Equipo2.jpg?resize=200%2C101&amp;ssl=1 200w, https:\/\/i0.wp.com\/eltrabajo.cl\/portal\/wp-content\/uploads\/2014\/09\/Equipo2.jpg?resize=300%2C151&amp;ssl=1 300w, https:\/\/i0.wp.com\/eltrabajo.cl\/portal\/wp-content\/uploads\/2014\/09\/Equipo2.jpg?resize=150%2C75&amp;ssl=1 150w, https:\/\/i0.wp.com\/eltrabajo.cl\/portal\/wp-content\/uploads\/2014\/09\/Equipo2.jpg?resize=400%2C202&amp;ssl=1 400w\" width=\"366\" height=\"185\" loading=\"lazy\" data-original-width=\"366\" data-original-height=\"185\" itemprop=\"http:\/\/schema.org\/image\" title=\"Equipo2\" alt=\"El equipo de la Escuela Jos\u00e9 de San Mart\u00edn, fue una amenaza constante para los ganadores, qued\u00e1ndose finalmente con el segundo puesto.\" style=\"width: 366px; height: 185px;\" \/> <\/a> <div class=\"tiled-gallery-caption\" itemprop=\"caption description\"> El equipo de la Escuela Jos\u00e9 de San Mart\u00edn, fue una amenaza constante para los ganadores, qued\u00e1ndose finalmente con el segundo puesto. <\/div> <\/div> <\/div> <!-- close group --> <div class=\"gallery-group images-1\" style=\"width: 270px; height: 189px;\" data-original-width=\"270\" data-original-height=\"189\" > <div class=\"tiled-gallery-item tiled-gallery-item-large\" itemprop=\"associatedMedia\" itemscope itemtype=\"http:\/\/schema.org\/ImageObject\"> <a href=\"https:\/\/eltrabajo.cl\/portal\/equipo-del-liceo-cordillera-demostro-que-sabe-mas-de-san-felipe\/equipo3\/\" border=\"0\" itemprop=\"url\"> <meta itemprop=\"width\" content=\"266\"> <meta itemprop=\"height\" content=\"185\"> <img decoding=\"async\" class=\"\" data-attachment-id=\"50552\" data-orig-file=\"https:\/\/eltrabajo.cl\/portal\/wp-content\/uploads\/2014\/09\/Equipo3.jpg\" data-orig-size=\"529,368\" data-comments-opened=\"1\" data-image-meta=\"{&quot;aperture&quot;:&quot;0&quot;,&quot;credit&quot;:&quot;&quot;,&quot;camera&quot;:&quot;&quot;,&quot;caption&quot;:&quot;&quot;,&quot;created_timestamp&quot;:&quot;0&quot;,&quot;copyright&quot;:&quot;&quot;,&quot;focal_length&quot;:&quot;0&quot;,&quot;iso&quot;:&quot;0&quot;,&quot;shutter_speed&quot;:&quot;0&quot;,&quot;title&quot;:&quot;&quot;}\" data-image-title=\"Equipo3\" data-image-description=\"&lt;p&gt;El Equipo del Liceo Bicentenario Cordillera se qued\u00f3 con el tercer lugar del concurso \u00bfQui\u00e9n sabe m\u00e1s de San Felipe?.&lt;\/p&gt; \" data-medium-file=\"https:\/\/i0.wp.com\/eltrabajo.cl\/portal\/wp-content\/uploads\/2014\/09\/Equipo3.jpg?fit=300%2C208&#038;ssl=1\" data-large-file=\"https:\/\/i0.wp.com\/eltrabajo.cl\/portal\/wp-content\/uploads\/2014\/09\/Equipo3.jpg?fit=529%2C368&#038;ssl=1\" src=\"https:\/\/i0.wp.com\/eltrabajo.cl\/portal\/wp-content\/uploads\/2014\/09\/Equipo3.jpg?w=266&#038;h=185&#038;ssl=1\" srcset=\"https:\/\/i0.wp.com\/eltrabajo.cl\/portal\/wp-content\/uploads\/2014\/09\/Equipo3.jpg?w=529&amp;ssl=1 529w, https:\/\/i0.wp.com\/eltrabajo.cl\/portal\/wp-content\/uploads\/2014\/09\/Equipo3.jpg?resize=200%2C139&amp;ssl=1 200w, https:\/\/i0.wp.com\/eltrabajo.cl\/portal\/wp-content\/uploads\/2014\/09\/Equipo3.jpg?resize=300%2C208&amp;ssl=1 300w, https:\/\/i0.wp.com\/eltrabajo.cl\/portal\/wp-content\/uploads\/2014\/09\/Equipo3.jpg?resize=150%2C104&amp;ssl=1 150w, https:\/\/i0.wp.com\/eltrabajo.cl\/portal\/wp-content\/uploads\/2014\/09\/Equipo3.jpg?resize=400%2C278&amp;ssl=1 400w\" width=\"266\" height=\"185\" loading=\"lazy\" data-original-width=\"266\" data-original-height=\"185\" itemprop=\"http:\/\/schema.org\/image\" title=\"Equipo3\" alt=\"El Equipo del Liceo Bicentenario Cordillera se qued\u00f3 con el tercer lugar del concurso \u00bfQui\u00e9n sabe m\u00e1s de San Felipe?.\" style=\"width: 266px; height: 185px;\" \/> <\/a> <div class=\"tiled-gallery-caption\" itemprop=\"caption description\"> El Equipo del Liceo Bicentenario Cordillera se qued\u00f3 con el tercer lugar del concurso \u00bfQui\u00e9n sabe m\u00e1s de San Felipe?. <\/div> <\/div> <\/div> <!-- close group --> <\/div> <!-- close row --> <\/div>\n","protected":false},"excerpt":{"rendered":"<p>En una electrizante final realizada en el Teatro Municipal de San Felipe, el equipo 2 del Liceo Bicentenario Cordillera se qued\u00f3 con el primer lugar del Concurso \u00bfQui\u00e9n sabe m\u00e1s de San&#8230;<\/p>\n","protected":false},"author":482,"featured_media":50550,"comment_status":"open","ping_status":"closed","sticky":false,"template":"","format":"standard","meta":{"advanced_seo_description":"","jetpack_seo_html_title":"","jetpack_seo_noindex":false,"_jetpack_memberships_contains_paid_content":false,"footnotes":""},"categories":[15],"tags":[],"class_list":["post-50549","post","type-post","status-publish","format-standard","has-post-thumbnail","hentry","category-comunidad"],"jetpack_featured_media_url":"https:\/\/i0.wp.com\/eltrabajo.cl\/portal\/wp-content\/uploads\/2014\/09\/Ganadores.jpg?fit=529%2C327&ssl=1","jetpack_sharing_enabled":true,"jetpack_likes_enabled":true,"jetpack-related-posts":[],"_links":{"self":[{"href":"https:\/\/eltrabajo.cl\/portal\/wp-json\/wp\/v2\/posts\/50549","targetHints":{"allow":["GET"]}}],"collection":[{"href":"https:\/\/eltrabajo.cl\/portal\/wp-json\/wp\/v2\/posts"}],"about":[{"href":"https:\/\/eltrabajo.cl\/portal\/wp-json\/wp\/v2\/types\/post"}],"author":[{"embeddable":true,"href":"https:\/\/eltrabajo.cl\/portal\/wp-json\/wp\/v2\/users\/482"}],"replies":[{"embeddable":true,"href":"https:\/\/eltrabajo.cl\/portal\/wp-json\/wp\/v2\/comments?post=50549"}],"version-history":[{"count":0,"href":"https:\/\/eltrabajo.cl\/portal\/wp-json\/wp\/v2\/posts\/50549\/revisions"}],"wp:featuredmedia":[{"embeddable":true,"href":"https:\/\/eltrabajo.cl\/portal\/wp-json\/wp\/v2\/media\/50550"}],"wp:attachment":[{"href":"https:\/\/eltrabajo.cl\/portal\/wp-json\/wp\/v2\/media?parent=50549"}],"wp:term":[{"taxonomy":"category","embeddable":true,"href":"https:\/\/eltrabajo.cl\/portal\/wp-json\/wp\/v2\/categories?post=50549"},{"taxonomy":"post_tag","embeddable":true,"href":"https:\/\/eltrabajo.cl\/portal\/wp-json\/wp\/v2\/tags?post=50549"}],"curies":[{"name":"wp","href":"https:\/\/api.w.org\/{rel}","templated":true}]}}