{"id":5055,"date":"2011-10-21T08:14:31","date_gmt":"2011-10-21T12:14:31","guid":{"rendered":"http:\/\/www.eltrabajo.cl\/portal\/?p=5055"},"modified":"2011-10-21T08:14:31","modified_gmt":"2011-10-21T12:14:31","slug":"taxis-colectivos-paralizaran-el-miercoles-26-por-alto-costo-de-combustibles","status":"publish","type":"post","link":"https:\/\/eltrabajo.cl\/portal\/taxis-colectivos-paralizaran-el-miercoles-26-por-alto-costo-de-combustibles\/","title":{"rendered":"Taxis colectivos paralizar\u00e1n el mi\u00e9rcoles 26 por alto costo de combustibles"},"content":{"rendered":"<figure id=\"attachment_5056\" aria-describedby=\"caption-attachment-5056\" style=\"width: 600px\" class=\"wp-caption alignnone\"><a href=\"http:\/\/www.eltrabajo.cl\/portal\/archives\/5055\/manuel-carvallo\" rel=\"attachment wp-att-5056\"><img data-recalc-dims=\"1\" loading=\"lazy\" decoding=\"async\" class=\"size-full wp-image-5056\" title=\"manuel carvallo\" src=\"https:\/\/i0.wp.com\/www.eltrabajo.cl\/portal\/wp-content\/uploads\/2011\/10\/manuel-carvallo.jpg?resize=600%2C450\" alt=\"\" width=\"600\" height=\"450\" srcset=\"https:\/\/i0.wp.com\/eltrabajo.cl\/portal\/wp-content\/uploads\/2011\/10\/manuel-carvallo.jpg?w=600&amp;ssl=1 600w, https:\/\/i0.wp.com\/eltrabajo.cl\/portal\/wp-content\/uploads\/2011\/10\/manuel-carvallo.jpg?resize=200%2C150&amp;ssl=1 200w, https:\/\/i0.wp.com\/eltrabajo.cl\/portal\/wp-content\/uploads\/2011\/10\/manuel-carvallo.jpg?resize=300%2C225&amp;ssl=1 300w, https:\/\/i0.wp.com\/eltrabajo.cl\/portal\/wp-content\/uploads\/2011\/10\/manuel-carvallo.jpg?resize=150%2C112&amp;ssl=1 150w, https:\/\/i0.wp.com\/eltrabajo.cl\/portal\/wp-content\/uploads\/2011\/10\/manuel-carvallo.jpg?resize=400%2C300&amp;ssl=1 400w\" sizes=\"auto, (max-width: 600px) 100vw, 600px\" \/><\/a><figcaption id=\"caption-attachment-5056\" class=\"wp-caption-text\">Manuel Carvallo, presidente del Consejo de Taxis colectivos de San Felipe, se\u00f1al\u00f3 que el gremio se unir\u00e1 a la paralizaci\u00f3n nacional del pr\u00f3ximo mi\u00e9rcoles 26 de octubre.<\/figcaption><\/figure>\n<p><strong>Diregente adem\u00e1s adelant\u00f3 que analizan dejar una sola tarifa de $450 de lunes a viernes.<\/strong><\/p>\n<p>Alrededor de 240 taxis colectivos de la comuna de San Felipe paralizar\u00e1n sus actividades el pr\u00f3ximo mi\u00e9rcoles 26 de octubre, adhiri\u00e9ndose as\u00ed al llamado a paro nacional que est\u00e1 convocando la Conatacoch en Santiago.<\/p>\n<p>La informaci\u00f3n la dio a conocer Manuel Carvallo, presidente del Consejo Superior de taxis colectivos de San Felipe, quien se\u00f1al\u00f3 que la paralizaci\u00f3n obedece a las continuas alzas que han registrado los combustibles desde hace un tiempo, a lo que se suma el impuesto espec\u00edfico.<\/p>\n<p>\u00abEs un tema que no se ha podido resolver y tiene que ver con el subsidio que recibe otro tipo de transporte y en la cual nosotros no tenemos ning\u00fan beneficio ni acceso hacia a ello\u00bb, sostuvo Carvallo.<\/p>\n<p>El Consejo agrupa a 6 l\u00edneas de taxis colectivos, con alrededor de 240 veh\u00edculos, que son los que paralizar\u00e1n el pr\u00f3ximo mi\u00e9rcoles, de un total de 360 que existen en la comuna.<\/p>\n<p>La paralizaci\u00f3n s\u00f3lo se realizar\u00e1 el d\u00eda 26 y es una movilizaci\u00f3n que s\u00f3lo agrupar\u00e1 al transporte menor, ya que Carvallo fue claro en se\u00f1alar que \u00abno estamos asociados con nadie y nuestras demandas son propias\u00bb.<\/p>\n<p>Sin embargo el dirigente se\u00f1al\u00f3 que si esta paralizaci\u00f3n que se anuncia para la pr\u00f3xima semana no tiene resultados a nivel nacional, continuar\u00e1n las actividades, ya que ellos consideran que en este momento existen demandas que no han sido satisfechas.<\/p>\n<p>\u00abAqu\u00ed hay demandas que se han propuesto al Gobierno, demanda que est\u00e1 focalizada a un subsidio que podamos tener nosotros o un bono de compensaci\u00f3n, como se hizo en el gobierno anterior, porque la autoridad no ha dado ninguna respuesta positiva respecto al impuesto espec\u00edfico o un impuesto focalizado, que pueda diferenciar el combustible que nosotros usamos, como combustible de trabajo\u00bb.<\/p>\n<p>El pr\u00f3ximo mi\u00e9rcoles ning\u00fan conductor saldr\u00e1 a trabajar, y la jornada ser\u00e1 de marcha por las principales calles de la comuna. La columna de autos partir\u00e1 al medio d\u00eda desde Diego de Almagro, hacia Chorrillos, Merced, Yungay, Prat, Benigno Caldera hasta volver al sector de partida.<\/p>\n<p>Consultado por las tarifas que ellos est\u00e1n cobrando actualmente, Carvallo se\u00f1al\u00f3 que la idea es unificarlas, ya que actualmente existen dos tipos de tarifas, una que cobra 400 pesos en la semana y 450 los s\u00e1bados, domingos y festivos.<\/p>\n<p>\u00abVamos a unificar y no va a haber una tarifa diferida para s\u00e1bados y domingos, o sea va a quedar en 450 pesos\u00bb, dijo el dirigente.<\/p>\n","protected":false},"excerpt":{"rendered":"<p>Diregente adem\u00e1s adelant\u00f3 que analizan dejar una sola tarifa de $450 de lunes a viernes. Alrededor de 240 taxis colectivos de la comuna de San Felipe paralizar\u00e1n sus actividades el pr\u00f3ximo mi\u00e9rcoles&#8230;<\/p>\n","protected":false},"author":482,"featured_media":5056,"comment_status":"open","ping_status":"open","sticky":false,"template":"","format":"standard","meta":{"advanced_seo_description":"","jetpack_seo_html_title":"","jetpack_seo_noindex":false,"_jetpack_memberships_contains_paid_content":false,"footnotes":""},"categories":[15],"tags":[],"class_list":["post-5055","post","type-post","status-publish","format-standard","has-post-thumbnail","hentry","category-comunidad"],"jetpack_featured_media_url":"https:\/\/i0.wp.com\/eltrabajo.cl\/portal\/wp-content\/uploads\/2011\/10\/manuel-carvallo.jpg?fit=600%2C450&ssl=1","jetpack_sharing_enabled":true,"jetpack_likes_enabled":true,"jetpack-related-posts":[],"_links":{"self":[{"href":"https:\/\/eltrabajo.cl\/portal\/wp-json\/wp\/v2\/posts\/5055","targetHints":{"allow":["GET"]}}],"collection":[{"href":"https:\/\/eltrabajo.cl\/portal\/wp-json\/wp\/v2\/posts"}],"about":[{"href":"https:\/\/eltrabajo.cl\/portal\/wp-json\/wp\/v2\/types\/post"}],"author":[{"embeddable":true,"href":"https:\/\/eltrabajo.cl\/portal\/wp-json\/wp\/v2\/users\/482"}],"replies":[{"embeddable":true,"href":"https:\/\/eltrabajo.cl\/portal\/wp-json\/wp\/v2\/comments?post=5055"}],"version-history":[{"count":0,"href":"https:\/\/eltrabajo.cl\/portal\/wp-json\/wp\/v2\/posts\/5055\/revisions"}],"wp:featuredmedia":[{"embeddable":true,"href":"https:\/\/eltrabajo.cl\/portal\/wp-json\/wp\/v2\/media\/5056"}],"wp:attachment":[{"href":"https:\/\/eltrabajo.cl\/portal\/wp-json\/wp\/v2\/media?parent=5055"}],"wp:term":[{"taxonomy":"category","embeddable":true,"href":"https:\/\/eltrabajo.cl\/portal\/wp-json\/wp\/v2\/categories?post=5055"},{"taxonomy":"post_tag","embeddable":true,"href":"https:\/\/eltrabajo.cl\/portal\/wp-json\/wp\/v2\/tags?post=5055"}],"curies":[{"name":"wp","href":"https:\/\/api.w.org\/{rel}","templated":true}]}}