{"id":50555,"date":"2014-09-01T09:36:51","date_gmt":"2014-09-01T13:36:51","guid":{"rendered":"http:\/\/www.eltrabajo.cl\/portal\/?p=50555"},"modified":"2014-09-01T09:36:51","modified_gmt":"2014-09-01T13:36:51","slug":"programa-quiero-mi-barrio-intervendra-sector-villa-250-anos","status":"publish","type":"post","link":"https:\/\/eltrabajo.cl\/portal\/programa-quiero-mi-barrio-intervendra-sector-villa-250-anos\/","title":{"rendered":"Programa Quiero mi barrio intervendr\u00e1 sector Villa 250 A\u00f1os"},"content":{"rendered":"<figure id=\"attachment_50556\" aria-describedby=\"caption-attachment-50556\" style=\"width: 528px\" class=\"wp-caption alignnone\"><a href=\"https:\/\/i0.wp.com\/www.eltrabajo.cl\/portal\/wp-content\/uploads\/2014\/09\/Barrio1.jpg\"><img data-recalc-dims=\"1\" loading=\"lazy\" decoding=\"async\" class=\"size-full wp-image-50556\" alt=\"El Alcalde Freire junto a la ministra de Vivienda, as\u00ed como autoridades regionales y provinciales, se reunieron con los vecinos para informarles del cronograma.\" src=\"https:\/\/i0.wp.com\/www.eltrabajo.cl\/portal\/wp-content\/uploads\/2014\/09\/Barrio1.jpg?resize=528%2C360\" width=\"528\" height=\"360\" srcset=\"https:\/\/i0.wp.com\/eltrabajo.cl\/portal\/wp-content\/uploads\/2014\/09\/Barrio1.jpg?w=528&amp;ssl=1 528w, https:\/\/i0.wp.com\/eltrabajo.cl\/portal\/wp-content\/uploads\/2014\/09\/Barrio1.jpg?resize=200%2C136&amp;ssl=1 200w, https:\/\/i0.wp.com\/eltrabajo.cl\/portal\/wp-content\/uploads\/2014\/09\/Barrio1.jpg?resize=300%2C204&amp;ssl=1 300w, https:\/\/i0.wp.com\/eltrabajo.cl\/portal\/wp-content\/uploads\/2014\/09\/Barrio1.jpg?resize=150%2C102&amp;ssl=1 150w, https:\/\/i0.wp.com\/eltrabajo.cl\/portal\/wp-content\/uploads\/2014\/09\/Barrio1.jpg?resize=400%2C272&amp;ssl=1 400w\" sizes=\"auto, (max-width: 528px) 100vw, 528px\" \/><\/a><figcaption id=\"caption-attachment-50556\" class=\"wp-caption-text\">El Alcalde Freire junto a la ministra de Vivienda, as\u00ed como autoridades regionales y provinciales, se reunieron con los vecinos para informarles del cronograma.<\/figcaption><\/figure>\n<p>Este s\u00e1bado 30 de agosto las autoridades encabezadas por la Ministra de Vivienda, Paulina Saball, acompa\u00f1ada del Alcalde Patricio Freire y autoridades regionales y provinciales, se reunieron con los vecinos de Villa 250 A\u00f1os para informarles que ese lugar ser\u00e1 uno de los tres sectores de la comuna de San Felipe que formar\u00e1n parte del Programa Quiero mi barrio, una iniciativa que se realizar\u00e1 a nivel nacional y que contempla una intervenci\u00f3n en alrededor de 203 barrios en todo Chile.<\/p>\n<p>La Secretaria de Estado, acompa\u00f1ada del Alcalde Freire, el Seremi de Vivienda; Mauricio Candia, el Diputado Marco Antonio N\u00fa\u00f1ez; el Intendente Ricardo Bravo y el Gobernador Eduardo Le\u00f3n, realizaron un recorrido por las villas 250 A\u00f1os e Industrial, donde se reunieron con los vecinos, a quienes inform\u00f3 del proceso que contempla la intervenci\u00f3n en este barrio, y que significa un mejoramiento en distintas \u00e1reas.<\/p>\n<p>\u201cSe trata de barrios que por mucho tiempo la ciudad ha querido olvidar y que el municipio ha buscado rescatar y potenciar, hay un alto inter\u00e9s de los vecinos en participar en la transformaci\u00f3n de su barrio, ya hay iniciativas en desarrollo por ejemplo la sede social, sin embargo si miramos sus calles nos damos cuenta que hay una gran tarea que hacer en materia de pavimentaci\u00f3n, arreglos de las veredas que permitan un mejor transito por el barrio pero tambi\u00e9n hay una tarea en consolidar y mejorar los espacios p\u00fablicos, la idea es que dentro del barrio las personas se sientan acogidas y puedan disfrutar de la vida en comunidad\u201d, dijo la Ministra Saball.<\/p>\n<p>Seg\u00fan explic\u00f3 la autoridad, en esta versi\u00f3n del programa se trabajar\u00e1 el mejoramiento de viviendas, las que con el tiempo se han ido deteriorando, muchas de las cuales partieron en el Programa de Vivienda progresiva y se establecer\u00e1 una alianza estrat\u00e9gica con el municipio y con los servicios p\u00fablicos y la Subsecretar\u00eda de Prevenci\u00f3n del Delito.<\/p>\n<p>\u201cLo que queremos es que sean los vecinos del barrio los principales protagonistas, entonces realizaremos un trabajo de intensa participaci\u00f3n social, en que la inversi\u00f3n que hagamos, que son aproximadamente $940 millones en obras de infraestructura barrial no sea lo m\u00e1s relevante, sino que lo m\u00e1s relevante, sino que sea la activaci\u00f3n de la comunidad, la participaci\u00f3n de los vecinos y la generaci\u00f3n de obras que sean apropiadas por los vecinos\u201d, dijo Saball.<\/p>\n<p>La intervenci\u00f3n en la comuna de San Felipe contempla adem\u00e1s dos barrios m\u00e1s en el sector de Las Acacias, donde se est\u00e1 trabajando en un plan de generaci\u00f3n de ciclov\u00edas, de pavimentos participativos y un parque urbano, que buscan que la ciudad cuente con espacios de mayor equidad y se generen mejores condiciones de vida para los habitantes de la comuna. El programa ya cuenta con un cronograma definido y contempla una etapa de diagnostico que se realiza con los vecinos, para posteriormente firmar un contrato de barrio, que tiene el compromiso de que en 33 meses se ejecute un plan de gesti\u00f3n de obras y de acci\u00f3n social.<\/p>\n<p>El Alcalde Patricio Freire destac\u00f3 la visita realizada por la ministra, se\u00f1alando que \u201cvamos a construir una comunidad diferente y juntos, vamos a trabajar juntos por un barrio mejor, estos anuncios de la intervenci\u00f3n a este sector nos llena de alegr\u00eda, de saber que ac\u00e1 se van a hacer mejoras en beneficio de los vecinos, es un mejoramiento \u00edntegro a todo el barrio\u201d, dijo el jefe comunal.<\/p>\n<p>&nbsp;<\/p>\n","protected":false},"excerpt":{"rendered":"<p>Este s\u00e1bado 30 de agosto las autoridades encabezadas por la Ministra de Vivienda, Paulina Saball, acompa\u00f1ada del Alcalde Patricio Freire y autoridades regionales y provinciales, se reunieron con los vecinos de Villa&#8230;<\/p>\n","protected":false},"author":482,"featured_media":50556,"comment_status":"open","ping_status":"closed","sticky":false,"template":"","format":"standard","meta":{"advanced_seo_description":"","jetpack_seo_html_title":"","jetpack_seo_noindex":false,"_jetpack_memberships_contains_paid_content":false,"footnotes":""},"categories":[15],"tags":[],"class_list":["post-50555","post","type-post","status-publish","format-standard","has-post-thumbnail","hentry","category-comunidad"],"jetpack_featured_media_url":"https:\/\/i0.wp.com\/eltrabajo.cl\/portal\/wp-content\/uploads\/2014\/09\/Barrio1.jpg?fit=528%2C360&ssl=1","jetpack_sharing_enabled":true,"jetpack_likes_enabled":true,"jetpack-related-posts":[],"_links":{"self":[{"href":"https:\/\/eltrabajo.cl\/portal\/wp-json\/wp\/v2\/posts\/50555","targetHints":{"allow":["GET"]}}],"collection":[{"href":"https:\/\/eltrabajo.cl\/portal\/wp-json\/wp\/v2\/posts"}],"about":[{"href":"https:\/\/eltrabajo.cl\/portal\/wp-json\/wp\/v2\/types\/post"}],"author":[{"embeddable":true,"href":"https:\/\/eltrabajo.cl\/portal\/wp-json\/wp\/v2\/users\/482"}],"replies":[{"embeddable":true,"href":"https:\/\/eltrabajo.cl\/portal\/wp-json\/wp\/v2\/comments?post=50555"}],"version-history":[{"count":0,"href":"https:\/\/eltrabajo.cl\/portal\/wp-json\/wp\/v2\/posts\/50555\/revisions"}],"wp:featuredmedia":[{"embeddable":true,"href":"https:\/\/eltrabajo.cl\/portal\/wp-json\/wp\/v2\/media\/50556"}],"wp:attachment":[{"href":"https:\/\/eltrabajo.cl\/portal\/wp-json\/wp\/v2\/media?parent=50555"}],"wp:term":[{"taxonomy":"category","embeddable":true,"href":"https:\/\/eltrabajo.cl\/portal\/wp-json\/wp\/v2\/categories?post=50555"},{"taxonomy":"post_tag","embeddable":true,"href":"https:\/\/eltrabajo.cl\/portal\/wp-json\/wp\/v2\/tags?post=50555"}],"curies":[{"name":"wp","href":"https:\/\/api.w.org\/{rel}","templated":true}]}}