{"id":50558,"date":"2014-09-01T09:38:30","date_gmt":"2014-09-01T13:38:30","guid":{"rendered":"http:\/\/www.eltrabajo.cl\/portal\/?p=50558"},"modified":"2014-09-01T09:38:30","modified_gmt":"2014-09-01T13:38:30","slug":"vecinos-preocupados-por-ausencia-de-farmacias-de-turno","status":"publish","type":"post","link":"https:\/\/eltrabajo.cl\/portal\/vecinos-preocupados-por-ausencia-de-farmacias-de-turno\/","title":{"rendered":"Vecinos preocupados por ausencia de farmacias de turno"},"content":{"rendered":"<figure id=\"attachment_50559\" aria-describedby=\"caption-attachment-50559\" style=\"width: 529px\" class=\"wp-caption alignnone\"><a href=\"https:\/\/i0.wp.com\/www.eltrabajo.cl\/portal\/wp-content\/uploads\/2014\/09\/farmacia-referencial.jpg\"><img data-recalc-dims=\"1\" loading=\"lazy\" decoding=\"async\" class=\"size-full wp-image-50559\" alt=\"Varios vecinos han planteado su preocupaci\u00f3n por la ausencia de farmacias de turno en la comuna, lo que ha generado inconvenientes a la comunidad, sobre todo en casos de emergencia. (Imagen referencial)\" src=\"https:\/\/i0.wp.com\/www.eltrabajo.cl\/portal\/wp-content\/uploads\/2014\/09\/farmacia-referencial.jpg?resize=529%2C358\" width=\"529\" height=\"358\" srcset=\"https:\/\/i0.wp.com\/eltrabajo.cl\/portal\/wp-content\/uploads\/2014\/09\/farmacia-referencial.jpg?w=529&amp;ssl=1 529w, https:\/\/i0.wp.com\/eltrabajo.cl\/portal\/wp-content\/uploads\/2014\/09\/farmacia-referencial.jpg?resize=200%2C135&amp;ssl=1 200w, https:\/\/i0.wp.com\/eltrabajo.cl\/portal\/wp-content\/uploads\/2014\/09\/farmacia-referencial.jpg?resize=300%2C203&amp;ssl=1 300w, https:\/\/i0.wp.com\/eltrabajo.cl\/portal\/wp-content\/uploads\/2014\/09\/farmacia-referencial.jpg?resize=150%2C101&amp;ssl=1 150w, https:\/\/i0.wp.com\/eltrabajo.cl\/portal\/wp-content\/uploads\/2014\/09\/farmacia-referencial.jpg?resize=400%2C270&amp;ssl=1 400w\" sizes=\"auto, (max-width: 529px) 100vw, 529px\" \/><\/a><figcaption id=\"caption-attachment-50559\" class=\"wp-caption-text\">Varios vecinos han planteado su preocupaci\u00f3n por la ausencia de farmacias de turno en la comuna, lo que ha generado inconvenientes a la comunidad, sobre todo en casos de emergencia.<br \/>(Imagen referencial)<\/figcaption><\/figure>\n<p><strong>PUTAENDO.-<\/strong> Varios vecinos han planteado su preocupaci\u00f3n por la ausencia de farmacias de turno en la comuna, lo que ha generado inconvenientes a la comunidad, sobre todo en casos de emergencia.<\/p>\n<p>Esta situaci\u00f3n, que para muchos pr\u00e1cticamente pasa inadvertida, afecta a quienes de un momento a otro se ven enfrentados a una repentina situaci\u00f3n que afecta la salud de algunos de los integrantes de una familia, que son llevados al servicio de urgencia y que en muchas ocasiones necesitan un medicamento para ser suministrado en forma r\u00e1pida y oportuna.<\/p>\n<p>Tanto Farmacia Antonio, ubicada en Calle Camus y Farma-Vida, ubicada en Calle Comercio, desde hace mucho tiempo no realizan turnos en horas de la noche, y prueba de ello es que este s\u00e1bado ambas farmacias estaban cerradas a las 21:10 horas. Son muchos los vecinos que se han visto en la obligaci\u00f3n de tener que trasladarse a San Felipe a comprar sus medicamentos, y en algunos casos algunos han debido pagar taxis, cuyos precios bordean los $7.000 en horas de la noche para viajar a comprar medicamentos.<\/p>\n<p>Hace un tiempo atr\u00e1s, la administradora de Farmacia Antonio indic\u00f3 que seg\u00fan la ley, las farmacias est\u00e1n obligadas a tener turnos sobre los 30.000 habitantes, lo que en nuestra comuna claramente no podr\u00eda ser una obligaci\u00f3n si es que as\u00ed lo establece la ley.<\/p>\n<p><strong>LEY NO EXISTE<\/strong><\/p>\n<p>Quisimos saber qu\u00e9 dice la ley al respecto y efectivamente, la Ley 13.613 del Reglamento de Farmacias, Droguer\u00edas, Almacenes, Botiquines y Dep\u00f3sitos Autorizados, indica en el Art\u00edculo 41 que \u201cEl horario de atenci\u00f3n de la farmacia ser\u00e1 determinado por su propietario, pudiendo comprender jornada diurna, nocturna y en d\u00edas no h\u00e1biles y deber\u00e1 comunicarse al Secretar\u00eda Regional Ministerial de Salud y anunciarse al p\u00fablico mediante letrero colocado en lugar visible. No obstante, las farmacias deber\u00e1n atender p\u00fablico en forma ininterrumpida mientras se encuentren de turno.<\/p>\n<p>Durante el horario nocturno las farmacias podr\u00e1n atender p\u00fablico a trav\u00e9s de una ventanilla.<\/p>\n<p>Sin perjuicio de lo anterior, la Secretar\u00eda Regional Ministerial de Salud podr\u00e1 autorizar el funcionamiento de Farmacias de Urgencia, las que deber\u00e1n permanecer abiertas y atender p\u00fablico las 24 horas del d\u00eda, durante todo el a\u00f1o. En este caso deber\u00e1n contar con la presencia del director t\u00e9cnico, sin que la mera ausencia constituya infracci\u00f3n, si ha sido registrada en el Registro de Recetas.<\/p>\n<p>Trat\u00e1ndose de las farmacias itinerantes, su horario de funcionamiento ser\u00e1 determinado por su propietario, y autorizado por la Seremi competente, no pudiendo ser inferior a cuatro horas en cada ubicaci\u00f3n\u201d. Al menos, en esta ley y en el citado art\u00edculo, no se hace referencia a un l\u00edmite de poblaci\u00f3n como norma para el funcionamiento de turnos nocturnos en farmacias.<\/p>\n<p>Si bien es cierto, es justo reconocer que para que una de las dos farmacias pueda tener turnos en la noche, deben contar con el personal adecuado, al cual debe pagarle honorarios que comparativamente con lo que la farmacia pueda vender, resulte insuficiente, lo concreto es que ambos recintos demuestran una falta de compromiso social, lo que ha sido cuestionado por vecinos de la comuna, ya que estas farmacias llevan mucho tiempo y claramente si fuera un negocio insostenible ya hubiesen cerrado sus puertas.<\/p>\n<p>A lo anterior se suma el hecho que la mayor parte de los reclamos de los vecinos es s\u00f3lo en lo referido a los turnos nocturnos, sin considerar que tambi\u00e9n los d\u00edas domingos, sobre todo en las tardes, es pr\u00e1cticamente imposible encontrar una de las dos farmacias abierta.<\/p>\n<p>Patricio Gallardo M.<\/p>\n<p>&nbsp;<\/p>\n","protected":false},"excerpt":{"rendered":"<p>PUTAENDO.- Varios vecinos han planteado su preocupaci\u00f3n por la ausencia de farmacias de turno en la comuna, lo que ha generado inconvenientes a la comunidad, sobre todo en casos de emergencia. Esta&#8230;<\/p>\n","protected":false},"author":482,"featured_media":50559,"comment_status":"open","ping_status":"closed","sticky":false,"template":"","format":"standard","meta":{"advanced_seo_description":"","jetpack_seo_html_title":"","jetpack_seo_noindex":false,"_jetpack_memberships_contains_paid_content":false,"footnotes":""},"categories":[15],"tags":[],"class_list":["post-50558","post","type-post","status-publish","format-standard","has-post-thumbnail","hentry","category-comunidad"],"jetpack_featured_media_url":"https:\/\/i0.wp.com\/eltrabajo.cl\/portal\/wp-content\/uploads\/2014\/09\/farmacia-referencial.jpg?fit=529%2C358&ssl=1","jetpack_sharing_enabled":true,"jetpack_likes_enabled":true,"jetpack-related-posts":[],"_links":{"self":[{"href":"https:\/\/eltrabajo.cl\/portal\/wp-json\/wp\/v2\/posts\/50558","targetHints":{"allow":["GET"]}}],"collection":[{"href":"https:\/\/eltrabajo.cl\/portal\/wp-json\/wp\/v2\/posts"}],"about":[{"href":"https:\/\/eltrabajo.cl\/portal\/wp-json\/wp\/v2\/types\/post"}],"author":[{"embeddable":true,"href":"https:\/\/eltrabajo.cl\/portal\/wp-json\/wp\/v2\/users\/482"}],"replies":[{"embeddable":true,"href":"https:\/\/eltrabajo.cl\/portal\/wp-json\/wp\/v2\/comments?post=50558"}],"version-history":[{"count":0,"href":"https:\/\/eltrabajo.cl\/portal\/wp-json\/wp\/v2\/posts\/50558\/revisions"}],"wp:featuredmedia":[{"embeddable":true,"href":"https:\/\/eltrabajo.cl\/portal\/wp-json\/wp\/v2\/media\/50559"}],"wp:attachment":[{"href":"https:\/\/eltrabajo.cl\/portal\/wp-json\/wp\/v2\/media?parent=50558"}],"wp:term":[{"taxonomy":"category","embeddable":true,"href":"https:\/\/eltrabajo.cl\/portal\/wp-json\/wp\/v2\/categories?post=50558"},{"taxonomy":"post_tag","embeddable":true,"href":"https:\/\/eltrabajo.cl\/portal\/wp-json\/wp\/v2\/tags?post=50558"}],"curies":[{"name":"wp","href":"https:\/\/api.w.org\/{rel}","templated":true}]}}