{"id":50562,"date":"2014-09-01T09:40:21","date_gmt":"2014-09-01T13:40:21","guid":{"rendered":"http:\/\/www.eltrabajo.cl\/portal\/?p=50562"},"modified":"2014-09-01T09:40:21","modified_gmt":"2014-09-01T13:40:21","slug":"buses-puma-anuncia-aumento-de-las-tarifas-para-los-proximos-dias","status":"publish","type":"post","link":"https:\/\/eltrabajo.cl\/portal\/buses-puma-anuncia-aumento-de-las-tarifas-para-los-proximos-dias\/","title":{"rendered":"Buses Puma anuncia aumento de las tarifas para los pr\u00f3ximos d\u00edas"},"content":{"rendered":"<figure id=\"attachment_50563\" aria-describedby=\"caption-attachment-50563\" style=\"width: 370px\" class=\"wp-caption alignleft\"><a href=\"https:\/\/i0.wp.com\/www.eltrabajo.cl\/portal\/wp-content\/uploads\/2014\/09\/Puma1.jpg\"><img data-recalc-dims=\"1\" loading=\"lazy\" decoding=\"async\" class=\" wp-image-50563 \" alt=\"La empresa Buses Puma ha anunciado ya en forma oficial, que a partir de los pr\u00f3ximos d\u00edas las tarifas del recorrido Putaendo-San Felipe sufrir\u00e1n un alza producto de varios factores externos.\" src=\"https:\/\/i0.wp.com\/www.eltrabajo.cl\/portal\/wp-content\/uploads\/2014\/09\/Puma1.jpg?resize=370%2C249\" width=\"370\" height=\"249\" srcset=\"https:\/\/i0.wp.com\/eltrabajo.cl\/portal\/wp-content\/uploads\/2014\/09\/Puma1.jpg?w=529&amp;ssl=1 529w, https:\/\/i0.wp.com\/eltrabajo.cl\/portal\/wp-content\/uploads\/2014\/09\/Puma1.jpg?resize=200%2C134&amp;ssl=1 200w, https:\/\/i0.wp.com\/eltrabajo.cl\/portal\/wp-content\/uploads\/2014\/09\/Puma1.jpg?resize=300%2C201&amp;ssl=1 300w, https:\/\/i0.wp.com\/eltrabajo.cl\/portal\/wp-content\/uploads\/2014\/09\/Puma1.jpg?resize=150%2C100&amp;ssl=1 150w, https:\/\/i0.wp.com\/eltrabajo.cl\/portal\/wp-content\/uploads\/2014\/09\/Puma1.jpg?resize=400%2C269&amp;ssl=1 400w\" sizes=\"auto, (max-width: 370px) 100vw, 370px\" \/><\/a><figcaption id=\"caption-attachment-50563\" class=\"wp-caption-text\">La empresa Buses Puma ha anunciado ya en forma oficial, que a partir de los pr\u00f3ximos d\u00edas las tarifas del recorrido Putaendo-San Felipe sufrir\u00e1n un alza producto de varios factores externos.<\/figcaption><\/figure>\n<p><strong>PUTAENDO.<\/strong>&#8211; La empresa Buses Puma anunci\u00f3 en forma oficial que a partir de los pr\u00f3ximos d\u00edas las tarifas del recorrido Putaendo-San Felipe sufrir\u00e1n un alza producto de varios factores externos.<\/p>\n<p>En conversaci\u00f3n con nuestro medio, el presidente de Buses Puma Putaendo-San Felipe, Alexis Aguilera, se\u00f1al\u00f3 que producto del considerable aumento del combustible, al igual que los insumos y repuestos que ocupan las m\u00e1quinas, se han visto en la obligaci\u00f3n de tener que subir sus tarifas, las que hasta el momento ser\u00e1n las siguientes: Putaendo &#8211; San Felipe Tarifa Directa $600; local $300 (Se mantiene); intermedio $500; escolar $250 (Se mantiene) y escolar Guzmanes-San Felipe a $600.<\/p>\n<p>Aguilera indic\u00f3 que las tarifas que aumentaron en $100 su valor, es debido a los factores ya indicados y que la empresa ha hecho un esfuerzo, por ejemplo, en mantener la tarifa escolar, por lo que estos precios, de no sufrir alguna variaci\u00f3n, comenzar\u00e1n a regir a partir del lunes 8 de septiembre.<\/p>\n<p>Patricio Gallardo M.<\/p>\n<p>&nbsp;<\/p>\n","protected":false},"excerpt":{"rendered":"<p>PUTAENDO.&#8211; La empresa Buses Puma anunci\u00f3 en forma oficial que a partir de los pr\u00f3ximos d\u00edas las tarifas del recorrido Putaendo-San Felipe sufrir\u00e1n un alza producto de varios factores externos. En conversaci\u00f3n&#8230;<\/p>\n","protected":false},"author":482,"featured_media":50563,"comment_status":"open","ping_status":"closed","sticky":false,"template":"","format":"standard","meta":{"advanced_seo_description":"","jetpack_seo_html_title":"","jetpack_seo_noindex":false,"_jetpack_memberships_contains_paid_content":false,"footnotes":""},"categories":[15],"tags":[],"class_list":["post-50562","post","type-post","status-publish","format-standard","has-post-thumbnail","hentry","category-comunidad"],"jetpack_featured_media_url":"https:\/\/i0.wp.com\/eltrabajo.cl\/portal\/wp-content\/uploads\/2014\/09\/Puma1.jpg?fit=529%2C356&ssl=1","jetpack_sharing_enabled":true,"jetpack_likes_enabled":true,"jetpack-related-posts":[],"_links":{"self":[{"href":"https:\/\/eltrabajo.cl\/portal\/wp-json\/wp\/v2\/posts\/50562","targetHints":{"allow":["GET"]}}],"collection":[{"href":"https:\/\/eltrabajo.cl\/portal\/wp-json\/wp\/v2\/posts"}],"about":[{"href":"https:\/\/eltrabajo.cl\/portal\/wp-json\/wp\/v2\/types\/post"}],"author":[{"embeddable":true,"href":"https:\/\/eltrabajo.cl\/portal\/wp-json\/wp\/v2\/users\/482"}],"replies":[{"embeddable":true,"href":"https:\/\/eltrabajo.cl\/portal\/wp-json\/wp\/v2\/comments?post=50562"}],"version-history":[{"count":0,"href":"https:\/\/eltrabajo.cl\/portal\/wp-json\/wp\/v2\/posts\/50562\/revisions"}],"wp:featuredmedia":[{"embeddable":true,"href":"https:\/\/eltrabajo.cl\/portal\/wp-json\/wp\/v2\/media\/50563"}],"wp:attachment":[{"href":"https:\/\/eltrabajo.cl\/portal\/wp-json\/wp\/v2\/media?parent=50562"}],"wp:term":[{"taxonomy":"category","embeddable":true,"href":"https:\/\/eltrabajo.cl\/portal\/wp-json\/wp\/v2\/categories?post=50562"},{"taxonomy":"post_tag","embeddable":true,"href":"https:\/\/eltrabajo.cl\/portal\/wp-json\/wp\/v2\/tags?post=50562"}],"curies":[{"name":"wp","href":"https:\/\/api.w.org\/{rel}","templated":true}]}}