{"id":50584,"date":"2014-09-01T09:52:09","date_gmt":"2014-09-01T13:52:09","guid":{"rendered":"http:\/\/www.eltrabajo.cl\/portal\/?p=50584"},"modified":"2014-09-01T09:52:09","modified_gmt":"2014-09-01T13:52:09","slug":"san-felipe-recupera-al-fin-emblematica-terraza-de-la-plaza-de-armas","status":"publish","type":"post","link":"https:\/\/eltrabajo.cl\/portal\/san-felipe-recupera-al-fin-emblematica-terraza-de-la-plaza-de-armas\/","title":{"rendered":"San Felipe recupera al fin emblem\u00e1tica terraza de la Plaza de Armas"},"content":{"rendered":"<figure id=\"attachment_50585\" aria-describedby=\"caption-attachment-50585\" style=\"width: 528px\" class=\"wp-caption alignnone\"><a href=\"https:\/\/i0.wp.com\/www.eltrabajo.cl\/portal\/wp-content\/uploads\/2014\/09\/Terraza3.jpg\"><img data-recalc-dims=\"1\" loading=\"lazy\" decoding=\"async\" class=\"size-full wp-image-50585\" alt=\"S\u00d3LO ALEGR\u00cdA.- Brillante fue la actuaci\u00f3n del Orfe\u00f3n Aconcagua y de la Big Band, agrupaciones que encantaron con su m\u00fasica a los asistentes.\" src=\"https:\/\/i0.wp.com\/www.eltrabajo.cl\/portal\/wp-content\/uploads\/2014\/09\/Terraza3.jpg?resize=528%2C360\" width=\"528\" height=\"360\" srcset=\"https:\/\/i0.wp.com\/eltrabajo.cl\/portal\/wp-content\/uploads\/2014\/09\/Terraza3.jpg?w=528&amp;ssl=1 528w, https:\/\/i0.wp.com\/eltrabajo.cl\/portal\/wp-content\/uploads\/2014\/09\/Terraza3.jpg?resize=200%2C136&amp;ssl=1 200w, https:\/\/i0.wp.com\/eltrabajo.cl\/portal\/wp-content\/uploads\/2014\/09\/Terraza3.jpg?resize=300%2C204&amp;ssl=1 300w, https:\/\/i0.wp.com\/eltrabajo.cl\/portal\/wp-content\/uploads\/2014\/09\/Terraza3.jpg?resize=150%2C102&amp;ssl=1 150w, https:\/\/i0.wp.com\/eltrabajo.cl\/portal\/wp-content\/uploads\/2014\/09\/Terraza3.jpg?resize=400%2C272&amp;ssl=1 400w\" sizes=\"auto, (max-width: 528px) 100vw, 528px\" \/><\/a><figcaption id=\"caption-attachment-50585\" class=\"wp-caption-text\">S\u00d3LO ALEGR\u00cdA.- Brillante fue la actuaci\u00f3n del Orfe\u00f3n Aconcagua y de la Big Band, agrupaciones que encantaron con su m\u00fasica a los asistentes.<\/figcaption><\/figure>\n<p>El viernes reci\u00e9n pasado y en una emocionante ceremonia, el Alcalde Patricio Freire entreg\u00f3 a la comunidad de San Felipe la terraza de la Plaza de Armas, un lugar que fue restaurado y hermoseado para que los vecinos de todas las edades puedan disfrutarlo.<\/p>\n<p>Fueron alrededor de 15 a\u00f1os los que un grupo de comerciantes ocuparon el lugar con sus locales, sin embargo desde principios de este a\u00f1o el Alcalde Freire encarg\u00f3 a la Secretar\u00eda de Planificaci\u00f3n la realizaci\u00f3n de un proyecto que permitiera trasladar a estos emprendedores a otro lugar, donde pudieran continuar vendiendo sus productos y as\u00ed recuperar este tradicional lugar de la Plaza de Armas.<\/p>\n<p><strong>COMERCIANTES\u00a0REUBICADOS<\/strong><\/p>\n<p>Es as\u00ed como finalmente los comerciantes abandonaron la terraza a principios del mes de agosto, y desde esa fecha y hasta este viernes los funcionarios municipales se dedicaron a limpiarla y restaurarla, realizando un exhaustivo y profesional trabajo que fue destacado por el jefe comunal, el que permiti\u00f3 entregarla a la comunidad en una muy emotiva ceremonia, llena de recuerdos de infancia y juventud de los vecinos de la comuna.<\/p>\n<p>\u201cHoy d\u00eda recuperamos un espacio y esta es una etapa de lo que estamos haciendo entre todos los sanfelipe\u00f1os, ac\u00e1 estamos construyendo entre todos y quiero agradecer a los funcionarios de talleres que hicieron un trabajo precioso, tenemos gente capacitada para hacer grandes trabajos, estamos felices de recuperar este espacio porque adem\u00e1s vemos un futuro esplendoroso para nuestra comuna\u201d, dijo el Alcalde Freire.<\/p>\n<p>Y record\u00f3 adem\u00e1s los distintos proyecto que se est\u00e1n ejecutando y que se realizar\u00e1n en la comuna entre los que destac\u00f3 construcci\u00f3n de veredas, la pr\u00f3xima pavimentaci\u00f3n de las calles Belisario Montenegro y Cherc\u00e1n Tapia, asimismo el programa de Mejoramiento de Barrios y de Pavimentos Participativos, lo que significar\u00e1 una inversi\u00f3n millonaria en la comuna.<\/p>\n<p>Y tambi\u00e9n destac\u00f3 la actuaci\u00f3n del Orfe\u00f3n Aconcagua y de la Big Band, agrupaciones que encantaron con su m\u00fasica a los asistentes, quienes adem\u00e1s recordaron muchas historias que se vivieron en otros a\u00f1os en este lugar.<\/p>\n<p>El llamado de la autoridad es a cuidar la terraza, para que todos puedan disfrutar de este sector, que se debe convertir en un punto de encuentro ente los sanfelipe\u00f1os.<\/p>\n<div class=\"tiled-gallery type-rectangular tiled-gallery-unresized\" data-original-width=\"640\" data-carousel-extra='null' itemscope itemtype=\"http:\/\/schema.org\/ImageGallery\" > <div class=\"gallery-row\" style=\"width: 640px; height: 220px;\" data-original-width=\"640\" data-original-height=\"220\" > <div class=\"gallery-group images-1\" style=\"width: 320px; height: 220px;\" data-original-width=\"320\" data-original-height=\"220\" > <div class=\"tiled-gallery-item tiled-gallery-item-large\" itemprop=\"associatedMedia\" itemscope itemtype=\"http:\/\/schema.org\/ImageObject\"> <a href=\"https:\/\/eltrabajo.cl\/portal\/san-felipe-recupera-al-fin-emblematica-terraza-de-la-plaza-de-armas\/terraza2\/\" border=\"0\" itemprop=\"url\"> <meta itemprop=\"width\" content=\"316\"> <meta itemprop=\"height\" content=\"216\"> <img decoding=\"async\" class=\"\" data-attachment-id=\"50587\" data-orig-file=\"https:\/\/eltrabajo.cl\/portal\/wp-content\/uploads\/2014\/09\/Terraza2.jpg\" data-orig-size=\"528,360\" data-comments-opened=\"1\" data-image-meta=\"{&quot;aperture&quot;:&quot;0&quot;,&quot;credit&quot;:&quot;&quot;,&quot;camera&quot;:&quot;&quot;,&quot;caption&quot;:&quot;&quot;,&quot;created_timestamp&quot;:&quot;0&quot;,&quot;copyright&quot;:&quot;&quot;,&quot;focal_length&quot;:&quot;0&quot;,&quot;iso&quot;:&quot;0&quot;,&quot;shutter_speed&quot;:&quot;0&quot;,&quot;title&quot;:&quot;&quot;}\" data-image-title=\"Terraza2\" data-image-description=\"&lt;p&gt;LA BIG BAND.- El Alcalde Patricio Freire hizo entrega de un reconocimiento especial a la Big Band durante el evento p\u00fablico.&lt;\/p&gt; \" data-medium-file=\"https:\/\/i0.wp.com\/eltrabajo.cl\/portal\/wp-content\/uploads\/2014\/09\/Terraza2.jpg?fit=300%2C204&#038;ssl=1\" data-large-file=\"https:\/\/i0.wp.com\/eltrabajo.cl\/portal\/wp-content\/uploads\/2014\/09\/Terraza2.jpg?fit=528%2C360&#038;ssl=1\" src=\"https:\/\/i0.wp.com\/eltrabajo.cl\/portal\/wp-content\/uploads\/2014\/09\/Terraza2.jpg?w=316&#038;h=216&#038;ssl=1\" srcset=\"https:\/\/i0.wp.com\/eltrabajo.cl\/portal\/wp-content\/uploads\/2014\/09\/Terraza2.jpg?w=528&amp;ssl=1 528w, https:\/\/i0.wp.com\/eltrabajo.cl\/portal\/wp-content\/uploads\/2014\/09\/Terraza2.jpg?resize=200%2C136&amp;ssl=1 200w, https:\/\/i0.wp.com\/eltrabajo.cl\/portal\/wp-content\/uploads\/2014\/09\/Terraza2.jpg?resize=300%2C204&amp;ssl=1 300w, https:\/\/i0.wp.com\/eltrabajo.cl\/portal\/wp-content\/uploads\/2014\/09\/Terraza2.jpg?resize=150%2C102&amp;ssl=1 150w, https:\/\/i0.wp.com\/eltrabajo.cl\/portal\/wp-content\/uploads\/2014\/09\/Terraza2.jpg?resize=400%2C272&amp;ssl=1 400w\" width=\"316\" height=\"216\" loading=\"lazy\" data-original-width=\"316\" data-original-height=\"216\" itemprop=\"http:\/\/schema.org\/image\" title=\"Terraza2\" alt=\"LA BIG BAND.- El Alcalde Patricio Freire hizo entrega de un reconocimiento especial a la Big Band durante el evento p\u00fablico.\" style=\"width: 316px; height: 216px;\" \/> <\/a> <div class=\"tiled-gallery-caption\" itemprop=\"caption description\"> LA BIG BAND.- El Alcalde Patricio Freire hizo entrega de un reconocimiento especial a la Big Band durante el evento p\u00fablico. <\/div> <\/div> <\/div> <!-- close group --> <div class=\"gallery-group images-1\" style=\"width: 320px; height: 220px;\" data-original-width=\"320\" data-original-height=\"220\" > <div class=\"tiled-gallery-item tiled-gallery-item-large\" itemprop=\"associatedMedia\" itemscope itemtype=\"http:\/\/schema.org\/ImageObject\"> <a href=\"https:\/\/eltrabajo.cl\/portal\/san-felipe-recupera-al-fin-emblematica-terraza-de-la-plaza-de-armas\/terraza4\/\" border=\"0\" itemprop=\"url\"> <meta itemprop=\"width\" content=\"316\"> <meta itemprop=\"height\" content=\"216\"> <img decoding=\"async\" class=\"\" data-attachment-id=\"50588\" data-orig-file=\"https:\/\/eltrabajo.cl\/portal\/wp-content\/uploads\/2014\/09\/Terraza4.jpg\" data-orig-size=\"529,361\" data-comments-opened=\"1\" data-image-meta=\"{&quot;aperture&quot;:&quot;0&quot;,&quot;credit&quot;:&quot;&quot;,&quot;camera&quot;:&quot;&quot;,&quot;caption&quot;:&quot;&quot;,&quot;created_timestamp&quot;:&quot;0&quot;,&quot;copyright&quot;:&quot;&quot;,&quot;focal_length&quot;:&quot;0&quot;,&quot;iso&quot;:&quot;0&quot;,&quot;shutter_speed&quot;:&quot;0&quot;,&quot;title&quot;:&quot;&quot;}\" data-image-title=\"Terraza4\" data-image-description=\"&lt;p&gt;DE MUCHA ALTURA.- Algunos artistas hicieron de las suyas estremeciendo a los presentes con su n\u00famero de zancos.&lt;\/p&gt; \" data-medium-file=\"https:\/\/i0.wp.com\/eltrabajo.cl\/portal\/wp-content\/uploads\/2014\/09\/Terraza4.jpg?fit=300%2C204&#038;ssl=1\" data-large-file=\"https:\/\/i0.wp.com\/eltrabajo.cl\/portal\/wp-content\/uploads\/2014\/09\/Terraza4.jpg?fit=529%2C361&#038;ssl=1\" src=\"https:\/\/i0.wp.com\/eltrabajo.cl\/portal\/wp-content\/uploads\/2014\/09\/Terraza4.jpg?w=316&#038;h=216&#038;ssl=1\" srcset=\"https:\/\/i0.wp.com\/eltrabajo.cl\/portal\/wp-content\/uploads\/2014\/09\/Terraza4.jpg?w=529&amp;ssl=1 529w, https:\/\/i0.wp.com\/eltrabajo.cl\/portal\/wp-content\/uploads\/2014\/09\/Terraza4.jpg?resize=200%2C136&amp;ssl=1 200w, https:\/\/i0.wp.com\/eltrabajo.cl\/portal\/wp-content\/uploads\/2014\/09\/Terraza4.jpg?resize=300%2C204&amp;ssl=1 300w, https:\/\/i0.wp.com\/eltrabajo.cl\/portal\/wp-content\/uploads\/2014\/09\/Terraza4.jpg?resize=150%2C102&amp;ssl=1 150w, https:\/\/i0.wp.com\/eltrabajo.cl\/portal\/wp-content\/uploads\/2014\/09\/Terraza4.jpg?resize=400%2C272&amp;ssl=1 400w\" width=\"316\" height=\"216\" loading=\"lazy\" data-original-width=\"316\" data-original-height=\"216\" itemprop=\"http:\/\/schema.org\/image\" title=\"Terraza4\" alt=\"DE MUCHA ALTURA.- Algunos artistas hicieron de las suyas estremeciendo a los presentes con su n\u00famero de zancos.\" style=\"width: 316px; height: 216px;\" \/> <\/a> <div class=\"tiled-gallery-caption\" itemprop=\"caption description\"> DE MUCHA ALTURA.- Algunos artistas hicieron de las suyas estremeciendo a los presentes con su n\u00famero de zancos. <\/div> <\/div> <\/div> <!-- close group --> <\/div> <!-- close row --> <div class=\"gallery-row\" style=\"width: 640px; height: 321px;\" data-original-width=\"640\" data-original-height=\"321\" > <div class=\"gallery-group images-1\" style=\"width: 640px; height: 321px;\" data-original-width=\"640\" data-original-height=\"321\" > <div class=\"tiled-gallery-item tiled-gallery-item-large\" itemprop=\"associatedMedia\" itemscope itemtype=\"http:\/\/schema.org\/ImageObject\"> <a href=\"https:\/\/eltrabajo.cl\/portal\/san-felipe-recupera-al-fin-emblematica-terraza-de-la-plaza-de-armas\/terraza1\/\" border=\"0\" itemprop=\"url\"> <meta itemprop=\"width\" content=\"636\"> <meta itemprop=\"height\" content=\"317\"> <img decoding=\"async\" class=\"\" data-attachment-id=\"50586\" data-orig-file=\"https:\/\/eltrabajo.cl\/portal\/wp-content\/uploads\/2014\/09\/Terraza1.jpg\" data-orig-size=\"529,264\" data-comments-opened=\"1\" data-image-meta=\"{&quot;aperture&quot;:&quot;0&quot;,&quot;credit&quot;:&quot;&quot;,&quot;camera&quot;:&quot;&quot;,&quot;caption&quot;:&quot;&quot;,&quot;created_timestamp&quot;:&quot;0&quot;,&quot;copyright&quot;:&quot;&quot;,&quot;focal_length&quot;:&quot;0&quot;,&quot;iso&quot;:&quot;0&quot;,&quot;shutter_speed&quot;:&quot;0&quot;,&quot;title&quot;:&quot;&quot;}\" data-image-title=\"Terraza1\" data-image-description=\"&lt;p&gt;NUESTRA DE NUEVO.- En una ceremonia llena de emocionados recuerdos de infancia de muchos sanfelipe\u00f1os que llegaron hasta el sector c\u00e9ntrico, se dio por recuperada nuestra terraza de la Plaza de Armas.&lt;\/p&gt; \" data-medium-file=\"https:\/\/i0.wp.com\/eltrabajo.cl\/portal\/wp-content\/uploads\/2014\/09\/Terraza1.jpg?fit=300%2C149&#038;ssl=1\" data-large-file=\"https:\/\/i0.wp.com\/eltrabajo.cl\/portal\/wp-content\/uploads\/2014\/09\/Terraza1.jpg?fit=529%2C264&#038;ssl=1\" src=\"https:\/\/i0.wp.com\/eltrabajo.cl\/portal\/wp-content\/uploads\/2014\/09\/Terraza1.jpg?w=636&#038;h=317&#038;ssl=1\" srcset=\"https:\/\/i0.wp.com\/eltrabajo.cl\/portal\/wp-content\/uploads\/2014\/09\/Terraza1.jpg?w=529&amp;ssl=1 529w, https:\/\/i0.wp.com\/eltrabajo.cl\/portal\/wp-content\/uploads\/2014\/09\/Terraza1.jpg?resize=200%2C99&amp;ssl=1 200w, https:\/\/i0.wp.com\/eltrabajo.cl\/portal\/wp-content\/uploads\/2014\/09\/Terraza1.jpg?resize=300%2C149&amp;ssl=1 300w, https:\/\/i0.wp.com\/eltrabajo.cl\/portal\/wp-content\/uploads\/2014\/09\/Terraza1.jpg?resize=150%2C74&amp;ssl=1 150w, https:\/\/i0.wp.com\/eltrabajo.cl\/portal\/wp-content\/uploads\/2014\/09\/Terraza1.jpg?resize=400%2C199&amp;ssl=1 400w\" width=\"636\" height=\"317\" loading=\"lazy\" data-original-width=\"636\" data-original-height=\"317\" itemprop=\"http:\/\/schema.org\/image\" title=\"Terraza1\" alt=\"NUESTRA DE NUEVO.- En una ceremonia llena de emocionados recuerdos de infancia de muchos sanfelipe\u00f1os que llegaron hasta el sector c\u00e9ntrico, se dio por recuperada nuestra terraza de la Plaza de Armas.\" style=\"width: 636px; height: 317px;\" \/> <\/a> <div class=\"tiled-gallery-caption\" itemprop=\"caption description\"> NUESTRA DE NUEVO.- En una ceremonia llena de emocionados recuerdos de infancia de muchos sanfelipe\u00f1os que llegaron hasta el sector c\u00e9ntrico, se dio por recuperada nuestra terraza de la Plaza de Armas. <\/div> <\/div> <\/div> <!-- close group --> <\/div> <!-- close row --> <\/div>\n","protected":false},"excerpt":{"rendered":"<p>El viernes reci\u00e9n pasado y en una emocionante ceremonia, el Alcalde Patricio Freire entreg\u00f3 a la comunidad de San Felipe la terraza de la Plaza de Armas, un lugar que fue restaurado&#8230;<\/p>\n","protected":false},"author":482,"featured_media":50585,"comment_status":"open","ping_status":"closed","sticky":false,"template":"","format":"standard","meta":{"advanced_seo_description":"","jetpack_seo_html_title":"","jetpack_seo_noindex":false,"_jetpack_memberships_contains_paid_content":false,"footnotes":""},"categories":[15],"tags":[],"class_list":["post-50584","post","type-post","status-publish","format-standard","has-post-thumbnail","hentry","category-comunidad"],"jetpack_featured_media_url":"https:\/\/i0.wp.com\/eltrabajo.cl\/portal\/wp-content\/uploads\/2014\/09\/Terraza3.jpg?fit=528%2C360&ssl=1","jetpack_sharing_enabled":true,"jetpack_likes_enabled":true,"jetpack-related-posts":[],"_links":{"self":[{"href":"https:\/\/eltrabajo.cl\/portal\/wp-json\/wp\/v2\/posts\/50584","targetHints":{"allow":["GET"]}}],"collection":[{"href":"https:\/\/eltrabajo.cl\/portal\/wp-json\/wp\/v2\/posts"}],"about":[{"href":"https:\/\/eltrabajo.cl\/portal\/wp-json\/wp\/v2\/types\/post"}],"author":[{"embeddable":true,"href":"https:\/\/eltrabajo.cl\/portal\/wp-json\/wp\/v2\/users\/482"}],"replies":[{"embeddable":true,"href":"https:\/\/eltrabajo.cl\/portal\/wp-json\/wp\/v2\/comments?post=50584"}],"version-history":[{"count":0,"href":"https:\/\/eltrabajo.cl\/portal\/wp-json\/wp\/v2\/posts\/50584\/revisions"}],"wp:featuredmedia":[{"embeddable":true,"href":"https:\/\/eltrabajo.cl\/portal\/wp-json\/wp\/v2\/media\/50585"}],"wp:attachment":[{"href":"https:\/\/eltrabajo.cl\/portal\/wp-json\/wp\/v2\/media?parent=50584"}],"wp:term":[{"taxonomy":"category","embeddable":true,"href":"https:\/\/eltrabajo.cl\/portal\/wp-json\/wp\/v2\/categories?post=50584"},{"taxonomy":"post_tag","embeddable":true,"href":"https:\/\/eltrabajo.cl\/portal\/wp-json\/wp\/v2\/tags?post=50584"}],"curies":[{"name":"wp","href":"https:\/\/api.w.org\/{rel}","templated":true}]}}