{"id":50593,"date":"2014-09-01T09:56:28","date_gmt":"2014-09-01T13:56:28","guid":{"rendered":"http:\/\/www.eltrabajo.cl\/portal\/?p=50593"},"modified":"2014-09-01T09:56:28","modified_gmt":"2014-09-01T13:56:28","slug":"presidio-perpetuo-arriesga-asaltante-de-banco-santander","status":"publish","type":"post","link":"https:\/\/eltrabajo.cl\/portal\/presidio-perpetuo-arriesga-asaltante-de-banco-santander\/","title":{"rendered":"Presidio Perpetuo arriesga asaltante de Banco Santander"},"content":{"rendered":"<figure id=\"attachment_50594\" aria-describedby=\"caption-attachment-50594\" style=\"width: 370px\" class=\"wp-caption alignleft\"><a href=\"https:\/\/i0.wp.com\/www.eltrabajo.cl\/portal\/wp-content\/uploads\/2014\/09\/Pirata1.jpg\"><img data-recalc-dims=\"1\" loading=\"lazy\" decoding=\"async\" class=\" wp-image-50594 \" alt=\"A una pena m\u00ednima de 15 a\u00f1os y hasta Cadena Perpetua Calificada, podr\u00eda ser condenado Esteban Mauricio Ar\u00e9valo Sep\u00falveda (34), alias \u2018El Pirata.\" src=\"https:\/\/i0.wp.com\/www.eltrabajo.cl\/portal\/wp-content\/uploads\/2014\/09\/Pirata1.jpg?resize=370%2C258\" width=\"370\" height=\"258\" srcset=\"https:\/\/i0.wp.com\/eltrabajo.cl\/portal\/wp-content\/uploads\/2014\/09\/Pirata1.jpg?w=529&amp;ssl=1 529w, https:\/\/i0.wp.com\/eltrabajo.cl\/portal\/wp-content\/uploads\/2014\/09\/Pirata1.jpg?resize=200%2C139&amp;ssl=1 200w, https:\/\/i0.wp.com\/eltrabajo.cl\/portal\/wp-content\/uploads\/2014\/09\/Pirata1.jpg?resize=300%2C208&amp;ssl=1 300w, https:\/\/i0.wp.com\/eltrabajo.cl\/portal\/wp-content\/uploads\/2014\/09\/Pirata1.jpg?resize=150%2C104&amp;ssl=1 150w, https:\/\/i0.wp.com\/eltrabajo.cl\/portal\/wp-content\/uploads\/2014\/09\/Pirata1.jpg?resize=400%2C278&amp;ssl=1 400w\" sizes=\"auto, (max-width: 370px) 100vw, 370px\" \/><\/a><figcaption id=\"caption-attachment-50594\" class=\"wp-caption-text\">A una pena m\u00ednima de 15 a\u00f1os y hasta Cadena Perpetua Calificada, podr\u00eda ser condenado Esteban Mauricio Ar\u00e9valo Sep\u00falveda (34), alias \u2018El Pirata.<\/figcaption><\/figure>\n<p><strong>LOS ANDES<\/strong>.- A una pena m\u00ednima de 15 a\u00f1os y hasta Cadena Perpetua Calificada, podr\u00eda ser condenado Esteban Mauricio Ar\u00e9valo Sep\u00falveda (34), alias \u2018El Pirata\u2019, l\u00edder y \u00fanico detenido de la banda que la ma\u00f1ana del jueves asalt\u00f3 la sucursal de Banco Santander ubicada al interior del puerto terrestre de Los Andes. El antisocial fue formalizado en el tribunal de garant\u00eda de Los Andes por tres delitos de Robo con intimidaci\u00f3n y uno de Porte ilegal de arma de fuego.<\/p>\n<p>En la exposici\u00f3n de los hechos, el Fiscal Jefe del Ministerio P\u00fablico, Ricardo Reinoso, se\u00f1al\u00f3 que cerca de las 8:30 horas del jueves, \u2018El Pirata\u2019, acompa\u00f1ado de otros dos sujetos, lleg\u00f3 hasta Calle Rodr\u00edguez frente al N\u00ba 31, donde se encuentra la sede de la Federaci\u00f3n de Sindicatos de Empresas Contratistas de Andina, lugar donde estaba estacionada la SUV Ford Escape de propiedad de L.F.V.L.<\/p>\n<p>Cuando el due\u00f1o del veh\u00edculo se aprestaba a abrir la puerta para subirse, fue abordado por los tres antisociales, quienes lo intimidaron con armas de fuego y luego lo obligaron a recostarse en el portamaletas, donde lo maniataron. El afectado declar\u00f3 que los tres sujetos vest\u00edan overoles similares a los usados en empresas contratistas y si bien los tres cubr\u00edan sus rostros con bala-clavas y lentes, al menos dos de ellos ten\u00edan acento extranjero, presumiblemente colombiano.<\/p>\n<p>Los delincuentes junto al reh\u00e9n se trasladaron hasta el puerto terrestre y a eso de las 9:15 ingresaron al banco e intimidaron al guardia para arrebatarle su arma, luego hicieron lo mismo con la cajera, apoder\u00e1ndose $2,6 millones en efectivo y 691 d\u00f3lares. El Fiscal Reinoso indic\u00f3 que los sujetos trataron de ingresar a la b\u00f3veda, pero como \u00e9sta solo puede ser abierta remotamente desde Santiago, desistieron de su acci\u00f3n y se dieron a la fuga.<\/p>\n<p>Los maleantes dejaron abandonado el Ford Escape en un callej\u00f3n cercano al puerto terrestre y en el acceso al by pass interceptaron un autom\u00f3vil Kia R\u00edo de color azul, amedrentando a su conductor con las armas de fuego y llev\u00e1ndoselo tambi\u00e9n como reh\u00e9n.<\/p>\n<p>Durante el trayecto hacia Los Andes el auto fue visto por una patrulla de Carabineros que hab\u00eda sido alertada del atraco, inici\u00e1ndose una persecuci\u00f3n que termin\u00f3 en la calle Los Quilos de la poblaci\u00f3n La Isla donde los antisociales abandonaron el m\u00f3vil y se dieron a la fuga a pie, dejando abandonado al reh\u00e9n y el bolso con el dinero.<\/p>\n<p>El persecutor precis\u00f3 que Carabineros inici\u00f3 una intensa b\u00fasqueda por el sector, logrando ubicar en el antejard\u00edn de una vivienda, detr\u00e1s de una casa para perro a \u2018El Pirata\u2019, quien hab\u00eda escondido en un macetero un rev\u00f3lver Taurus calibre 32 con su n\u00famero de serie borrado, mismo que hab\u00eda usado para intimidar tanto al conductor del Ford como al guardia del banco.<\/p>\n<p>Adem\u00e1s, \u2018El Pirata\u2019 ya se hab\u00eda sacado el overol a fin de despistar a la Polic\u00eda, no obstante que la prenda qued\u00f3 incautada para sus pericias. El fiscal mencion\u00f3 que Ar\u00e9valo Sep\u00falveda tiene antecedentes por Robo por sorpresa, Tenencia ilegal de arma de fuego y Tr\u00e1fico de drogas, manteniendo adem\u00e1s una orden de detenci\u00f3n pendiente para ser llevado a juicio oral por otro Tr\u00e1fico de drogas.<\/p>\n<p>Agreg\u00f3 que por sus antecedentes penales y por los cuatro delitos que fue formalizado, el antisocial arriesga incluso cadena perpetua. Con los antecedentes expuestos y la gravedad de los delitos, la Jueza Valeria Crosa estim\u00f3 que la libertad para \u2018El Pirata\u2019 constituye un peligro para la seguridad de la sociedad y decret\u00f3 su Prisi\u00f3n Preventiva, fijando adem\u00e1s un plazo de investigaci\u00f3n de seis meses. En tanto, Carabineros contin\u00faan trabajando para identificar a los otros dos sujetos que participaron del atraco, ya que el detenido no entreg\u00f3 ninguna informaci\u00f3n sobre ellos.<\/p>\n<p>&nbsp;<\/p>\n","protected":false},"excerpt":{"rendered":"<p>LOS ANDES.- A una pena m\u00ednima de 15 a\u00f1os y hasta Cadena Perpetua Calificada, podr\u00eda ser condenado Esteban Mauricio Ar\u00e9valo Sep\u00falveda (34), alias \u2018El Pirata\u2019, l\u00edder y \u00fanico detenido de la banda&#8230;<\/p>\n","protected":false},"author":482,"featured_media":50594,"comment_status":"open","ping_status":"closed","sticky":false,"template":"","format":"standard","meta":{"advanced_seo_description":"","jetpack_seo_html_title":"","jetpack_seo_noindex":false,"_jetpack_memberships_contains_paid_content":false,"footnotes":""},"categories":[21],"tags":[],"class_list":["post-50593","post","type-post","status-publish","format-standard","has-post-thumbnail","hentry","category-policial"],"jetpack_featured_media_url":"https:\/\/i0.wp.com\/eltrabajo.cl\/portal\/wp-content\/uploads\/2014\/09\/Pirata1.jpg?fit=529%2C368&ssl=1","jetpack_sharing_enabled":true,"jetpack_likes_enabled":true,"jetpack-related-posts":[],"_links":{"self":[{"href":"https:\/\/eltrabajo.cl\/portal\/wp-json\/wp\/v2\/posts\/50593","targetHints":{"allow":["GET"]}}],"collection":[{"href":"https:\/\/eltrabajo.cl\/portal\/wp-json\/wp\/v2\/posts"}],"about":[{"href":"https:\/\/eltrabajo.cl\/portal\/wp-json\/wp\/v2\/types\/post"}],"author":[{"embeddable":true,"href":"https:\/\/eltrabajo.cl\/portal\/wp-json\/wp\/v2\/users\/482"}],"replies":[{"embeddable":true,"href":"https:\/\/eltrabajo.cl\/portal\/wp-json\/wp\/v2\/comments?post=50593"}],"version-history":[{"count":0,"href":"https:\/\/eltrabajo.cl\/portal\/wp-json\/wp\/v2\/posts\/50593\/revisions"}],"wp:featuredmedia":[{"embeddable":true,"href":"https:\/\/eltrabajo.cl\/portal\/wp-json\/wp\/v2\/media\/50594"}],"wp:attachment":[{"href":"https:\/\/eltrabajo.cl\/portal\/wp-json\/wp\/v2\/media?parent=50593"}],"wp:term":[{"taxonomy":"category","embeddable":true,"href":"https:\/\/eltrabajo.cl\/portal\/wp-json\/wp\/v2\/categories?post=50593"},{"taxonomy":"post_tag","embeddable":true,"href":"https:\/\/eltrabajo.cl\/portal\/wp-json\/wp\/v2\/tags?post=50593"}],"curies":[{"name":"wp","href":"https:\/\/api.w.org\/{rel}","templated":true}]}}