{"id":50597,"date":"2014-09-01T09:58:09","date_gmt":"2014-09-01T13:58:09","guid":{"rendered":"http:\/\/www.eltrabajo.cl\/portal\/?p=50597"},"modified":"2014-09-01T09:58:09","modified_gmt":"2014-09-01T13:58:09","slug":"millonario-robo-sufre-farmacia-de-ex-alcalde-jaime-amar","status":"publish","type":"post","link":"https:\/\/eltrabajo.cl\/portal\/millonario-robo-sufre-farmacia-de-ex-alcalde-jaime-amar\/","title":{"rendered":"Millonario robo sufre farmacia de ex-alcalde Jaime Amar"},"content":{"rendered":"<figure id=\"attachment_50598\" aria-describedby=\"caption-attachment-50598\" style=\"width: 529px\" class=\"wp-caption alignnone\"><a href=\"https:\/\/i0.wp.com\/www.eltrabajo.cl\/portal\/wp-content\/uploads\/2014\/09\/cruz-verde12.jpg\"><img data-recalc-dims=\"1\" loading=\"lazy\" decoding=\"async\" class=\"size-full wp-image-50598\" alt=\"Por este forado desde el techo, los asaltantes ingresaron hasta la Farmacia Cruz Verde para apoderarse de $5 millones en efectivo m\u00e1s especies del local.\" src=\"https:\/\/i0.wp.com\/www.eltrabajo.cl\/portal\/wp-content\/uploads\/2014\/09\/cruz-verde12.jpg?resize=529%2C401\" width=\"529\" height=\"401\" srcset=\"https:\/\/i0.wp.com\/eltrabajo.cl\/portal\/wp-content\/uploads\/2014\/09\/cruz-verde12.jpg?w=529&amp;ssl=1 529w, https:\/\/i0.wp.com\/eltrabajo.cl\/portal\/wp-content\/uploads\/2014\/09\/cruz-verde12.jpg?resize=197%2C150&amp;ssl=1 197w, https:\/\/i0.wp.com\/eltrabajo.cl\/portal\/wp-content\/uploads\/2014\/09\/cruz-verde12.jpg?resize=300%2C227&amp;ssl=1 300w, https:\/\/i0.wp.com\/eltrabajo.cl\/portal\/wp-content\/uploads\/2014\/09\/cruz-verde12.jpg?resize=150%2C113&amp;ssl=1 150w, https:\/\/i0.wp.com\/eltrabajo.cl\/portal\/wp-content\/uploads\/2014\/09\/cruz-verde12.jpg?resize=400%2C303&amp;ssl=1 400w\" sizes=\"auto, (max-width: 529px) 100vw, 529px\" \/><\/a><figcaption id=\"caption-attachment-50598\" class=\"wp-caption-text\">Por este forado desde el techo, los asaltantes ingresaron hasta la Farmacia Cruz Verde para apoderarse de $5 millones en efectivo m\u00e1s especies del local.<\/figcaption><\/figure>\n<p>Burlando todas las medidas de seguridad implementadas en el centro de la comuna de San Felipe, un grupo de desconocidos ingresaron por medio de un forado en el techo de Farmacia Cruz Verde ubicada en Calle Prat esquina Salinas, para robar $5 millones y una importante cantidad de productos cosm\u00e9ticos y medicamentos, hampones que no han sido capturados por la Polic\u00eda.<\/p>\n<figure id=\"attachment_50599\" aria-describedby=\"caption-attachment-50599\" style=\"width: 370px\" class=\"wp-caption alignright\"><a href=\"https:\/\/i0.wp.com\/www.eltrabajo.cl\/portal\/wp-content\/uploads\/2014\/09\/cruz-verde01.jpg\"><img data-recalc-dims=\"1\" loading=\"lazy\" decoding=\"async\" class=\" wp-image-50599 \" alt=\"Los antisociales ingresaron hasta Farmacia Cruz Verde ubicada en la intersecci\u00f3n de calles Prat esquina Salinas, para cometer el millonario robo.\" src=\"https:\/\/i0.wp.com\/www.eltrabajo.cl\/portal\/wp-content\/uploads\/2014\/09\/cruz-verde01.jpg?resize=370%2C281\" width=\"370\" height=\"281\" srcset=\"https:\/\/i0.wp.com\/eltrabajo.cl\/portal\/wp-content\/uploads\/2014\/09\/cruz-verde01.jpg?w=529&amp;ssl=1 529w, https:\/\/i0.wp.com\/eltrabajo.cl\/portal\/wp-content\/uploads\/2014\/09\/cruz-verde01.jpg?resize=197%2C150&amp;ssl=1 197w, https:\/\/i0.wp.com\/eltrabajo.cl\/portal\/wp-content\/uploads\/2014\/09\/cruz-verde01.jpg?resize=300%2C227&amp;ssl=1 300w, https:\/\/i0.wp.com\/eltrabajo.cl\/portal\/wp-content\/uploads\/2014\/09\/cruz-verde01.jpg?resize=150%2C113&amp;ssl=1 150w, https:\/\/i0.wp.com\/eltrabajo.cl\/portal\/wp-content\/uploads\/2014\/09\/cruz-verde01.jpg?resize=400%2C303&amp;ssl=1 400w\" sizes=\"auto, (max-width: 370px) 100vw, 370px\" \/><\/a><figcaption id=\"caption-attachment-50599\" class=\"wp-caption-text\">Los antisociales ingresaron hasta Farmacia Cruz Verde ubicada en la intersecci\u00f3n de calles Prat esquina Salinas, para cometer el millonario robo.<\/figcaption><\/figure>\n<p>Este nuevo hecho delictual ocurri\u00f3 a eso de las 02:00 horas del pasado s\u00e1bado, cuando los antisociales habr\u00edan ingresado por los estacionamientos ubicados detr\u00e1s de la Iglesia Catedral, para escalar hacia la techumbre hasta llegar al sector de la farmacia donde realizaron un forado que les permiti\u00f3 el ingreso. Pese al sistema de seguridad de alarmas y c\u00e1maras de vigilancia al interior de la farmacia de propiedad del ex-alcalde Jaime Amar, los sujetos en minutos ubicaron una caja fuerte desde donde sustrajeron $5 millones en efectivo, adem\u00e1s diversos productos como perfumes, cremas cosm\u00e9ticas y medicamentos cifras que ascender\u00edan a p\u00e9rdidas avaluadas en un total de $10 millones.<\/p>\n<p>El hecho qued\u00f3 al descubierto a eso de las 09:00 horas, cuando el ex-edil concurr\u00eda a abrir el establecimiento observando los destrozos en su interior, para luego dar cuenta de la situaci\u00f3n a Carabineros que comenz\u00f3 las primeras diligencias en el sitio del suceso a cargo del personal de la Secci\u00f3n de Investigaci\u00f3n Policial (SIP). Hasta el momento no se han registrado las identidades ni el n\u00famero de participantes en este atraco, tras una exhaustiva revisi\u00f3n a las c\u00e1maras de vigilancia ubicadas en los per\u00edmetros del centro de la comuna de San Felipe, as\u00ed lo inform\u00f3 a Diario El Trabajo el Comisario de Carabineros, Mayor V\u00edctor Del Valle.<\/p>\n<p>\u201cHabr\u00edan utilizado el modus operandi de ingresar por un forado en el techo alrededor de las 02:00 horas del viernes y sustrajeron una suma aproximada de $5 millones en efectivo. No sabemos el aval\u00fao total de todas las especies, estamos haciendo diligencias. Sobre los registros audiovisuales de las c\u00e1maras de vigilancia ubicadas en la v\u00eda p\u00fablica en esa intersecci\u00f3n, se ven dos personas transitando pero como son por el costado de la Catedral hay que analizarlas todav\u00eda\u201d, indic\u00f3 el oficial.<\/p>\n<p>Agreg\u00f3 que el local afectado cuenta con seguros comprometidos y los antecedentes fueron puestos a disposici\u00f3n del Ministerio P\u00fablico de San Felipe. Cabe consignar que este robo no es un hecho aislado dado a que a\u00f1os atr\u00e1s la farmacia fue atracada cuando manten\u00eda en su interior un cajero autom\u00e1tico del cual sufri\u00f3 millonarias p\u00e9rdidas.<\/p>\n<p>Pablo Salinas Sald\u00edas<\/p>\n<p>&nbsp;<\/p>\n","protected":false},"excerpt":{"rendered":"<p>Burlando todas las medidas de seguridad implementadas en el centro de la comuna de San Felipe, un grupo de desconocidos ingresaron por medio de un forado en el techo de Farmacia Cruz&#8230;<\/p>\n","protected":false},"author":482,"featured_media":50598,"comment_status":"open","ping_status":"closed","sticky":false,"template":"","format":"standard","meta":{"advanced_seo_description":"","jetpack_seo_html_title":"","jetpack_seo_noindex":false,"_jetpack_memberships_contains_paid_content":false,"footnotes":""},"categories":[21],"tags":[],"class_list":["post-50597","post","type-post","status-publish","format-standard","has-post-thumbnail","hentry","category-policial"],"jetpack_featured_media_url":"https:\/\/i0.wp.com\/eltrabajo.cl\/portal\/wp-content\/uploads\/2014\/09\/cruz-verde12.jpg?fit=529%2C401&ssl=1","jetpack_sharing_enabled":true,"jetpack_likes_enabled":true,"jetpack-related-posts":[],"_links":{"self":[{"href":"https:\/\/eltrabajo.cl\/portal\/wp-json\/wp\/v2\/posts\/50597","targetHints":{"allow":["GET"]}}],"collection":[{"href":"https:\/\/eltrabajo.cl\/portal\/wp-json\/wp\/v2\/posts"}],"about":[{"href":"https:\/\/eltrabajo.cl\/portal\/wp-json\/wp\/v2\/types\/post"}],"author":[{"embeddable":true,"href":"https:\/\/eltrabajo.cl\/portal\/wp-json\/wp\/v2\/users\/482"}],"replies":[{"embeddable":true,"href":"https:\/\/eltrabajo.cl\/portal\/wp-json\/wp\/v2\/comments?post=50597"}],"version-history":[{"count":0,"href":"https:\/\/eltrabajo.cl\/portal\/wp-json\/wp\/v2\/posts\/50597\/revisions"}],"wp:featuredmedia":[{"embeddable":true,"href":"https:\/\/eltrabajo.cl\/portal\/wp-json\/wp\/v2\/media\/50598"}],"wp:attachment":[{"href":"https:\/\/eltrabajo.cl\/portal\/wp-json\/wp\/v2\/media?parent=50597"}],"wp:term":[{"taxonomy":"category","embeddable":true,"href":"https:\/\/eltrabajo.cl\/portal\/wp-json\/wp\/v2\/categories?post=50597"},{"taxonomy":"post_tag","embeddable":true,"href":"https:\/\/eltrabajo.cl\/portal\/wp-json\/wp\/v2\/tags?post=50597"}],"curies":[{"name":"wp","href":"https:\/\/api.w.org\/{rel}","templated":true}]}}