{"id":50607,"date":"2014-09-02T09:32:49","date_gmt":"2014-09-02T13:32:49","guid":{"rendered":"http:\/\/www.eltrabajo.cl\/portal\/?p=50607"},"modified":"2014-09-02T09:32:49","modified_gmt":"2014-09-02T13:32:49","slug":"vecinos-obtienen-diploma-en-manipulacion-de-alimentos-y-vida-saludable","status":"publish","type":"post","link":"https:\/\/eltrabajo.cl\/portal\/vecinos-obtienen-diploma-en-manipulacion-de-alimentos-y-vida-saludable\/","title":{"rendered":"Vecinos obtienen diploma en Manipulaci\u00f3n de alimentos y Vida saludable"},"content":{"rendered":"<figure id=\"attachment_50608\" aria-describedby=\"caption-attachment-50608\" style=\"width: 529px\" class=\"wp-caption alignnone\"><a href=\"https:\/\/i0.wp.com\/www.eltrabajo.cl\/portal\/wp-content\/uploads\/2014\/09\/Curso1.jpg\"><img data-recalc-dims=\"1\" loading=\"lazy\" decoding=\"async\" class=\"size-full wp-image-50608\" alt=\"En una ceremonia, m\u00e1s de 30 mujeres y un var\u00f3n recibieron certificaci\u00f3n que los califica como Manipuladores de alimentos, con menci\u00f3n en Vida saludable.\" src=\"https:\/\/i0.wp.com\/www.eltrabajo.cl\/portal\/wp-content\/uploads\/2014\/09\/Curso1.jpg?resize=529%2C267\" width=\"529\" height=\"267\" srcset=\"https:\/\/i0.wp.com\/eltrabajo.cl\/portal\/wp-content\/uploads\/2014\/09\/Curso1.jpg?w=529&amp;ssl=1 529w, https:\/\/i0.wp.com\/eltrabajo.cl\/portal\/wp-content\/uploads\/2014\/09\/Curso1.jpg?resize=200%2C100&amp;ssl=1 200w, https:\/\/i0.wp.com\/eltrabajo.cl\/portal\/wp-content\/uploads\/2014\/09\/Curso1.jpg?resize=300%2C151&amp;ssl=1 300w, https:\/\/i0.wp.com\/eltrabajo.cl\/portal\/wp-content\/uploads\/2014\/09\/Curso1.jpg?resize=150%2C75&amp;ssl=1 150w, https:\/\/i0.wp.com\/eltrabajo.cl\/portal\/wp-content\/uploads\/2014\/09\/Curso1.jpg?resize=400%2C201&amp;ssl=1 400w\" sizes=\"auto, (max-width: 529px) 100vw, 529px\" \/><\/a><figcaption id=\"caption-attachment-50608\" class=\"wp-caption-text\">En una ceremonia, m\u00e1s de 30 mujeres y un var\u00f3n recibieron certificaci\u00f3n que los califica como Manipuladores de alimentos, con menci\u00f3n en Vida saludable.<\/figcaption><\/figure>\n<p><strong>LLAY LLAY<\/strong>.- En una ceremonia, m\u00e1s de 30 mujeres y un var\u00f3n recibieron certificaci\u00f3n que los califica como Manipuladores de alimentos, con menci\u00f3n en Vida saludable. El evento realizado la noche del pasado s\u00e1bado 30 de agosto en el patio de la sede vecinal, congreg\u00f3 a los familiares de las participantes, autoridades y vecinos que llegaron a formar parte de la alegr\u00eda por este logro.<\/p>\n<p>La capacitaci\u00f3n y el correspondiente diploma en manipulaci\u00f3n de alimentos crean mayores oportunidades laborales a los participantes, y les brinda la oportunidad de aplicar los conocimientos adquiridos en sus respectivas familias.<\/p>\n<p>Lidia Amaro es la gestora de esta iniciativa, que pudo concretarse por medio de un proyecto por aproximadamente $1.500.000 adjudicado deun fondo concursable de una importante empresa minera, \u201ceste es un proyecto que dur\u00f3 un mes y medio y se realiz\u00f3 en once talleres de tres horas cada uno. Tuvimos como profesor al Nutricionista Manuel Salgado y tambi\u00e9n un profesor de educaci\u00f3n f\u00edsica\u201d.<\/p>\n<p>Representando a la mujer llaylla\u00edna estuvo la Concejal Margarita Puebla, quien brind\u00f3 su colaboraci\u00f3n para que realizaran de manera \u00f3ptima su licenciatura. Presentes en la ceremonia y acompa\u00f1ando en este d\u00eda tan especial, tambi\u00e9n estuvieron el Concejal Patricio Dur\u00e1n, y como locutor y padrino de la actividad, el Concejal Edgardo Gonz\u00e1lez.<\/p>\n<p>Villa Italia es uno de los sectores de la comuna de Llay Llay, donde la presencia de la mujer es bastante preponderante en las organizaciones sociales; siendo ellas proactivas y diligentes en la generaci\u00f3n de oportunidades que les permite desarrollarse en diferentes \u00e1reas.<\/p>\n","protected":false},"excerpt":{"rendered":"<p>LLAY LLAY.- En una ceremonia, m\u00e1s de 30 mujeres y un var\u00f3n recibieron certificaci\u00f3n que los califica como Manipuladores de alimentos, con menci\u00f3n en Vida saludable. El evento realizado la noche del&#8230;<\/p>\n","protected":false},"author":482,"featured_media":50608,"comment_status":"open","ping_status":"closed","sticky":false,"template":"","format":"standard","meta":{"advanced_seo_description":"","jetpack_seo_html_title":"","jetpack_seo_noindex":false,"_jetpack_memberships_contains_paid_content":false,"footnotes":""},"categories":[15],"tags":[],"class_list":["post-50607","post","type-post","status-publish","format-standard","has-post-thumbnail","hentry","category-comunidad"],"jetpack_featured_media_url":"https:\/\/i0.wp.com\/eltrabajo.cl\/portal\/wp-content\/uploads\/2014\/09\/Curso1.jpg?fit=529%2C267&ssl=1","jetpack_sharing_enabled":true,"jetpack_likes_enabled":true,"jetpack-related-posts":[],"_links":{"self":[{"href":"https:\/\/eltrabajo.cl\/portal\/wp-json\/wp\/v2\/posts\/50607","targetHints":{"allow":["GET"]}}],"collection":[{"href":"https:\/\/eltrabajo.cl\/portal\/wp-json\/wp\/v2\/posts"}],"about":[{"href":"https:\/\/eltrabajo.cl\/portal\/wp-json\/wp\/v2\/types\/post"}],"author":[{"embeddable":true,"href":"https:\/\/eltrabajo.cl\/portal\/wp-json\/wp\/v2\/users\/482"}],"replies":[{"embeddable":true,"href":"https:\/\/eltrabajo.cl\/portal\/wp-json\/wp\/v2\/comments?post=50607"}],"version-history":[{"count":0,"href":"https:\/\/eltrabajo.cl\/portal\/wp-json\/wp\/v2\/posts\/50607\/revisions"}],"wp:featuredmedia":[{"embeddable":true,"href":"https:\/\/eltrabajo.cl\/portal\/wp-json\/wp\/v2\/media\/50608"}],"wp:attachment":[{"href":"https:\/\/eltrabajo.cl\/portal\/wp-json\/wp\/v2\/media?parent=50607"}],"wp:term":[{"taxonomy":"category","embeddable":true,"href":"https:\/\/eltrabajo.cl\/portal\/wp-json\/wp\/v2\/categories?post=50607"},{"taxonomy":"post_tag","embeddable":true,"href":"https:\/\/eltrabajo.cl\/portal\/wp-json\/wp\/v2\/tags?post=50607"}],"curies":[{"name":"wp","href":"https:\/\/api.w.org\/{rel}","templated":true}]}}