{"id":50610,"date":"2014-09-02T09:33:41","date_gmt":"2014-09-02T13:33:41","guid":{"rendered":"http:\/\/www.eltrabajo.cl\/portal\/?p=50610"},"modified":"2014-09-02T09:33:41","modified_gmt":"2014-09-02T13:33:41","slug":"paula-cabello-realizara-magister-en-gestion-y-liderazgo-escolar","status":"publish","type":"post","link":"https:\/\/eltrabajo.cl\/portal\/paula-cabello-realizara-magister-en-gestion-y-liderazgo-escolar\/","title":{"rendered":"Paula Cabello realizar\u00e1 Magister en Gesti\u00f3n y Liderazgo escolar"},"content":{"rendered":"<figure id=\"attachment_50611\" aria-describedby=\"caption-attachment-50611\" style=\"width: 317px\" class=\"wp-caption alignleft\"><a href=\"https:\/\/i0.wp.com\/www.eltrabajo.cl\/portal\/wp-content\/uploads\/2014\/09\/Paula-Cabello.jpg\"><img data-recalc-dims=\"1\" loading=\"lazy\" decoding=\"async\" class=\" wp-image-50611 \" alt=\"Directora de la Escuela Manuel Rodr\u00edguez, Paula Cabello.\" src=\"https:\/\/i0.wp.com\/www.eltrabajo.cl\/portal\/wp-content\/uploads\/2014\/09\/Paula-Cabello.jpg?resize=317%2C345\" width=\"317\" height=\"345\" srcset=\"https:\/\/i0.wp.com\/eltrabajo.cl\/portal\/wp-content\/uploads\/2014\/09\/Paula-Cabello.jpg?w=529&amp;ssl=1 529w, https:\/\/i0.wp.com\/eltrabajo.cl\/portal\/wp-content\/uploads\/2014\/09\/Paula-Cabello.jpg?resize=138%2C150&amp;ssl=1 138w, https:\/\/i0.wp.com\/eltrabajo.cl\/portal\/wp-content\/uploads\/2014\/09\/Paula-Cabello.jpg?resize=276%2C300&amp;ssl=1 276w, https:\/\/i0.wp.com\/eltrabajo.cl\/portal\/wp-content\/uploads\/2014\/09\/Paula-Cabello.jpg?resize=400%2C434&amp;ssl=1 400w\" sizes=\"auto, (max-width: 317px) 100vw, 317px\" \/><\/a><figcaption id=\"caption-attachment-50611\" class=\"wp-caption-text\">Directora de la Escuela Manuel Rodr\u00edguez, Paula Cabello.<\/figcaption><\/figure>\n<p>En el marco del compromiso adquirido por los directores de los diferentes establecimientos educacionales municipalizados de la comuna de San Felipe, es que una de ellos comenzar\u00e1 a partir de este lunes 1 de septiembre, y tras obtener el s\u00e9ptimo lugar a nivel nacional, entre una variada gama de candidatos, un magister en gesti\u00f3n y liderazgo en organizaciones educacionales.<\/p>\n<p>La seleccionada es la Directora de la Escuela Manuel Rodr\u00edguez, Paula Cabello, quien luego de postular en el Ministerio de Educaci\u00f3n al Plan de formaci\u00f3n de Directores de Excelencia, logr\u00f3 adjudicarse uno de los cupos, lo que le permitir\u00e1 asistir a clases, las que ser\u00e1n realizadas los viernes y s\u00e1bados, con un mes intensivo durante enero, y que tendr\u00e1 una duraci\u00f3n de un a\u00f1o, donde se trabajar\u00e1 en diferentes m\u00f3dulos, en la Pontificia Universidad Cat\u00f3lica de Valpara\u00edso, casa de estudios escogida por la docente.<\/p>\n<p>Cabello se\u00f1al\u00f3 sentirse orgullosa por lo obtenido y lo calific\u00f3 como la materializaci\u00f3n de un sue\u00f1o. \u201cTen\u00eda muchas ganas de realizar un magister en Liderazgo y gesti\u00f3n, y esto tambi\u00e9n obedece a mi intenci\u00f3n de continuar perfeccion\u00e1ndome, me gusta mucho estudiar, y la verdad es que en este momento mis expectativas son esto espec\u00edficamente poder replicarlo en mi escuela. Me siento s\u00faper identificada con mi escuela, y estoy muy contenta con el personal que d\u00eda a d\u00eda me acompa\u00f1a, mis alumnos, padres y apoderados, lo que nos ha permitido ir levantando la imagen de nuestro establecimiento, poniendo en pr\u00e1ctica lo que hab\u00eda dejado el director anterior, entonces, creo que las buenas experiencias positivas se van replicando, generando un beneficio directo y efectivo a la comunidad escolar, y con mi experiencia, quiero demostrar a mi comunidad, que si se propone, todos pueden, porque quiz\u00e1s el estudio no lo es todo, pero las ganas de surgir, el sue\u00f1o y las aspiraciones de ser alguien, en lo que uno decida, eso nunca debe quedar atr\u00e1s, porque en la vida siempre se debe ser el mejor en lo que uno se proponga\u201d, se\u00f1al\u00f3 Cabello.<\/p>\n<p>&nbsp;<\/p>\n","protected":false},"excerpt":{"rendered":"<p>En el marco del compromiso adquirido por los directores de los diferentes establecimientos educacionales municipalizados de la comuna de San Felipe, es que una de ellos comenzar\u00e1 a partir de este lunes&#8230;<\/p>\n","protected":false},"author":482,"featured_media":50611,"comment_status":"open","ping_status":"closed","sticky":false,"template":"","format":"standard","meta":{"advanced_seo_description":"","jetpack_seo_html_title":"","jetpack_seo_noindex":false,"_jetpack_memberships_contains_paid_content":false,"footnotes":""},"categories":[15],"tags":[],"class_list":["post-50610","post","type-post","status-publish","format-standard","has-post-thumbnail","hentry","category-comunidad"],"jetpack_featured_media_url":"https:\/\/i0.wp.com\/eltrabajo.cl\/portal\/wp-content\/uploads\/2014\/09\/Paula-Cabello.jpg?fit=529%2C575&ssl=1","jetpack_sharing_enabled":true,"jetpack_likes_enabled":true,"jetpack-related-posts":[],"_links":{"self":[{"href":"https:\/\/eltrabajo.cl\/portal\/wp-json\/wp\/v2\/posts\/50610","targetHints":{"allow":["GET"]}}],"collection":[{"href":"https:\/\/eltrabajo.cl\/portal\/wp-json\/wp\/v2\/posts"}],"about":[{"href":"https:\/\/eltrabajo.cl\/portal\/wp-json\/wp\/v2\/types\/post"}],"author":[{"embeddable":true,"href":"https:\/\/eltrabajo.cl\/portal\/wp-json\/wp\/v2\/users\/482"}],"replies":[{"embeddable":true,"href":"https:\/\/eltrabajo.cl\/portal\/wp-json\/wp\/v2\/comments?post=50610"}],"version-history":[{"count":0,"href":"https:\/\/eltrabajo.cl\/portal\/wp-json\/wp\/v2\/posts\/50610\/revisions"}],"wp:featuredmedia":[{"embeddable":true,"href":"https:\/\/eltrabajo.cl\/portal\/wp-json\/wp\/v2\/media\/50611"}],"wp:attachment":[{"href":"https:\/\/eltrabajo.cl\/portal\/wp-json\/wp\/v2\/media?parent=50610"}],"wp:term":[{"taxonomy":"category","embeddable":true,"href":"https:\/\/eltrabajo.cl\/portal\/wp-json\/wp\/v2\/categories?post=50610"},{"taxonomy":"post_tag","embeddable":true,"href":"https:\/\/eltrabajo.cl\/portal\/wp-json\/wp\/v2\/tags?post=50610"}],"curies":[{"name":"wp","href":"https:\/\/api.w.org\/{rel}","templated":true}]}}