{"id":50614,"date":"2014-09-02T09:34:38","date_gmt":"2014-09-02T13:34:38","guid":{"rendered":"http:\/\/www.eltrabajo.cl\/portal\/?p=50614"},"modified":"2014-09-02T09:34:38","modified_gmt":"2014-09-02T13:34:38","slug":"mes-del-nino-termina-con-charla-preventiva-contra-delitos-sexuales","status":"publish","type":"post","link":"https:\/\/eltrabajo.cl\/portal\/mes-del-nino-termina-con-charla-preventiva-contra-delitos-sexuales\/","title":{"rendered":"Mes del Ni\u00f1o termina con charla preventiva contra delitos sexuales"},"content":{"rendered":"<figure id=\"attachment_50615\" aria-describedby=\"caption-attachment-50615\" style=\"width: 529px\" class=\"wp-caption alignnone\"><a href=\"https:\/\/i0.wp.com\/www.eltrabajo.cl\/portal\/wp-content\/uploads\/2014\/09\/Alegria1.jpg\"><img data-recalc-dims=\"1\" loading=\"lazy\" decoding=\"async\" class=\"size-full wp-image-50615\" alt=\"M\u00e1s de 100 ni\u00f1os de distintas escuelas b\u00e1sicas de la ciudad, asistieron al Cine Teatro Municipal a disfrutar de la actividad preparada por la Oficina de Protecci\u00f3n de los Derechos del Ni\u00f1o y Adolescente.\" src=\"https:\/\/i0.wp.com\/www.eltrabajo.cl\/portal\/wp-content\/uploads\/2014\/09\/Alegria1.jpg?resize=529%2C401\" width=\"529\" height=\"401\" srcset=\"https:\/\/i0.wp.com\/eltrabajo.cl\/portal\/wp-content\/uploads\/2014\/09\/Alegria1.jpg?w=529&amp;ssl=1 529w, https:\/\/i0.wp.com\/eltrabajo.cl\/portal\/wp-content\/uploads\/2014\/09\/Alegria1.jpg?resize=197%2C150&amp;ssl=1 197w, https:\/\/i0.wp.com\/eltrabajo.cl\/portal\/wp-content\/uploads\/2014\/09\/Alegria1.jpg?resize=300%2C227&amp;ssl=1 300w, https:\/\/i0.wp.com\/eltrabajo.cl\/portal\/wp-content\/uploads\/2014\/09\/Alegria1.jpg?resize=150%2C113&amp;ssl=1 150w, https:\/\/i0.wp.com\/eltrabajo.cl\/portal\/wp-content\/uploads\/2014\/09\/Alegria1.jpg?resize=400%2C303&amp;ssl=1 400w\" sizes=\"auto, (max-width: 529px) 100vw, 529px\" \/><\/a><figcaption id=\"caption-attachment-50615\" class=\"wp-caption-text\">M\u00e1s de 100 ni\u00f1os de distintas escuelas b\u00e1sicas de la ciudad, asistieron al Cine Teatro Municipal a disfrutar de la actividad preparada por la Oficina de Protecci\u00f3n de los Derechos del Ni\u00f1o y Adolescente.<\/figcaption><\/figure>\n<p><strong>LLAY LLAY.<\/strong>&#8211; M\u00e1s de 100 ni\u00f1os de distintas escuelas b\u00e1sicas de la ciudad, asistieron al Cine Teatro Municipal a disfrutar de la actividad preparada por la Oficina de Protecci\u00f3n de los Derechos del Ni\u00f1o y Adolescente (OPD) de Llay Llay. Una actividad que estuvo enfocada en entregar pautas educativas de prevenci\u00f3n de abusos sexuales contra los menores, por medio de una funci\u00f3n de t\u00edteres y la premiaci\u00f3n a los ganadores de concurso de dibujo.<\/p>\n<p>En la ceremonia estuvo presente la Concejal Margarita Puebla, directores de las escuelas, profesores y apoderados. La encargada de la OPD, Paola Mariman, manifest\u00f3 la importancia de celebrar un mes completo una fiesta consagrada dentro del calendario de festividades un s\u00f3lo d\u00eda, \u201ces un agrado brindarle a los ni\u00f1os diferentes actividades, esto fue un concurso de pintura realizado durante el mes de agosto en los diferentes establecimientos de la comuna, y al cierre de este mes contamos con la participaci\u00f3n de la Polic\u00eda de Investigaciones de Santiago, quienes entregaron una charla sobre prevenci\u00f3n de delitos sexual contra los ni\u00f1os\u201d, coment\u00f3 Puebla.<\/p>\n<p>Dentro del evento se entregaron premios y reconocimientos a los tres primeros lugares del Concurso Pinta tus derechos, donde los ni\u00f1os expresaron de manera art\u00edsticas cada uno de los resguardos que le entrega la Declaraci\u00f3n Universal de los Derechos humanos que nos protegen.<\/p>\n<p>La Subcomisario Jessica Mancilla, explic\u00f3 sobre el trabajo que viene realizando la instituci\u00f3n hace doce a\u00f1os, \u201cpertenecemos a la Polic\u00eda de Investigaciones de Chile (PDI), donde hay distintas \u00e1reas dentro de ellas la Jefatura de Delitos Contra la Familia, que tiene a su vez otras sub-\u00e1reas, que ser\u00eda la parte preventiva donde est\u00e1 el apoyo de proyecci\u00f3n comunitaria, donde trabajo, dentro de esta \u00e1rea manejamos la prevenci\u00f3n de delitos sexuales y el bullyng. La prevenci\u00f3n de delitos se hace seg\u00fan los rangos atareos, a los ni\u00f1os peque\u00f1os de entre cuatro a primero b\u00e1sico se realiza charlas preventiva educativas en la modalidad de t\u00edteres\u201d, dijo Mancilla.<\/p>\n<p>&nbsp;<\/p>\n","protected":false},"excerpt":{"rendered":"<p>LLAY LLAY.&#8211; M\u00e1s de 100 ni\u00f1os de distintas escuelas b\u00e1sicas de la ciudad, asistieron al Cine Teatro Municipal a disfrutar de la actividad preparada por la Oficina de Protecci\u00f3n de los Derechos&#8230;<\/p>\n","protected":false},"author":482,"featured_media":50615,"comment_status":"open","ping_status":"closed","sticky":false,"template":"","format":"standard","meta":{"advanced_seo_description":"","jetpack_seo_html_title":"","jetpack_seo_noindex":false,"_jetpack_memberships_contains_paid_content":false,"footnotes":""},"categories":[15],"tags":[],"class_list":["post-50614","post","type-post","status-publish","format-standard","has-post-thumbnail","hentry","category-comunidad"],"jetpack_featured_media_url":"https:\/\/i0.wp.com\/eltrabajo.cl\/portal\/wp-content\/uploads\/2014\/09\/Alegria1.jpg?fit=529%2C401&ssl=1","jetpack_sharing_enabled":true,"jetpack_likes_enabled":true,"jetpack-related-posts":[],"_links":{"self":[{"href":"https:\/\/eltrabajo.cl\/portal\/wp-json\/wp\/v2\/posts\/50614","targetHints":{"allow":["GET"]}}],"collection":[{"href":"https:\/\/eltrabajo.cl\/portal\/wp-json\/wp\/v2\/posts"}],"about":[{"href":"https:\/\/eltrabajo.cl\/portal\/wp-json\/wp\/v2\/types\/post"}],"author":[{"embeddable":true,"href":"https:\/\/eltrabajo.cl\/portal\/wp-json\/wp\/v2\/users\/482"}],"replies":[{"embeddable":true,"href":"https:\/\/eltrabajo.cl\/portal\/wp-json\/wp\/v2\/comments?post=50614"}],"version-history":[{"count":0,"href":"https:\/\/eltrabajo.cl\/portal\/wp-json\/wp\/v2\/posts\/50614\/revisions"}],"wp:featuredmedia":[{"embeddable":true,"href":"https:\/\/eltrabajo.cl\/portal\/wp-json\/wp\/v2\/media\/50615"}],"wp:attachment":[{"href":"https:\/\/eltrabajo.cl\/portal\/wp-json\/wp\/v2\/media?parent=50614"}],"wp:term":[{"taxonomy":"category","embeddable":true,"href":"https:\/\/eltrabajo.cl\/portal\/wp-json\/wp\/v2\/categories?post=50614"},{"taxonomy":"post_tag","embeddable":true,"href":"https:\/\/eltrabajo.cl\/portal\/wp-json\/wp\/v2\/tags?post=50614"}],"curies":[{"name":"wp","href":"https:\/\/api.w.org\/{rel}","templated":true}]}}