{"id":50617,"date":"2014-09-02T09:35:41","date_gmt":"2014-09-02T13:35:41","guid":{"rendered":"http:\/\/www.eltrabajo.cl\/portal\/?p=50617"},"modified":"2014-09-02T09:35:41","modified_gmt":"2014-09-02T13:35:41","slug":"realizan-primera-muestra-de-taller-de-taekwondo","status":"publish","type":"post","link":"https:\/\/eltrabajo.cl\/portal\/realizan-primera-muestra-de-taller-de-taekwondo\/","title":{"rendered":"Realizan primera muestra de taller de Taekwondo"},"content":{"rendered":"<figure id=\"attachment_50618\" aria-describedby=\"caption-attachment-50618\" style=\"width: 527px\" class=\"wp-caption alignnone\"><a href=\"https:\/\/i0.wp.com\/www.eltrabajo.cl\/portal\/wp-content\/uploads\/2014\/09\/Artes1.jpg\"><img data-recalc-dims=\"1\" loading=\"lazy\" decoding=\"async\" class=\"size-full wp-image-50618\" alt=\"En el polideportivo de la comuna se realiz\u00f3 la primera muestra de Taekwondo del taller del Liceo Polivalente Chagres.\" src=\"https:\/\/i0.wp.com\/www.eltrabajo.cl\/portal\/wp-content\/uploads\/2014\/09\/Artes1.jpg?resize=527%2C247\" width=\"527\" height=\"247\" srcset=\"https:\/\/i0.wp.com\/eltrabajo.cl\/portal\/wp-content\/uploads\/2014\/09\/Artes1.jpg?w=527&amp;ssl=1 527w, https:\/\/i0.wp.com\/eltrabajo.cl\/portal\/wp-content\/uploads\/2014\/09\/Artes1.jpg?resize=200%2C93&amp;ssl=1 200w, https:\/\/i0.wp.com\/eltrabajo.cl\/portal\/wp-content\/uploads\/2014\/09\/Artes1.jpg?resize=300%2C140&amp;ssl=1 300w, https:\/\/i0.wp.com\/eltrabajo.cl\/portal\/wp-content\/uploads\/2014\/09\/Artes1.jpg?resize=150%2C70&amp;ssl=1 150w, https:\/\/i0.wp.com\/eltrabajo.cl\/portal\/wp-content\/uploads\/2014\/09\/Artes1.jpg?resize=400%2C187&amp;ssl=1 400w\" sizes=\"auto, (max-width: 527px) 100vw, 527px\" \/><\/a><figcaption id=\"caption-attachment-50618\" class=\"wp-caption-text\">En el polideportivo de la comuna se realiz\u00f3 la primera muestra de Taekwondo del taller del Liceo Polivalente Chagres.<\/figcaption><\/figure>\n<p><strong>CATEMU<\/strong>.- En el polideportivo de la comuna se realiz\u00f3 la primera muestra de Taekwondo del taller del Liceo Polivalente Chagres, donde los participantes de este taller demostraron ante los presentes sus aprendizajes y logros obtenidos. Ante el Alcalde Luksic; los concejales Aurora Medina y Jos\u00e9 Vergara; el Jefe Daem; el Director del Liceo Polivalente Chagres, Fernando Silva; docentes y alumnos de la comuna, se realiz\u00f3 esta exitosa exhibici\u00f3n.<\/p>\n<p>Pese a ser una disciplina ol\u00edmpica actualmente, no es com\u00fan en la zona la pr\u00e1ctica de este deporte, pero en Catemu m\u00e1s de30 alumnos entre j\u00f3venes y adultos, lo practican constantemente. Los asistentes presenciaron t\u00e9cnicas de combate deportivo, movimientos b\u00e1sicos en posici\u00f3n AP Kubi, kibonpunse en forma b\u00e1sica, demostraci\u00f3n de defensa personal en parejas de entrenamiento, entrenamiento de combate deportivo.<\/p>\n<p>Los alumnos mayores Ricardo Bravo y Gonzalo Jorquera, realizaron muestras con bast\u00f3n coreano, la utilizaci\u00f3n de armas tradicionales como: daga, sable coreano, espada china, nunchako y lanza.<\/p>\n<p>&nbsp;<\/p>\n","protected":false},"excerpt":{"rendered":"<p>CATEMU.- En el polideportivo de la comuna se realiz\u00f3 la primera muestra de Taekwondo del taller del Liceo Polivalente Chagres, donde los participantes de este taller demostraron ante los presentes sus aprendizajes&#8230;<\/p>\n","protected":false},"author":482,"featured_media":50618,"comment_status":"open","ping_status":"closed","sticky":false,"template":"","format":"standard","meta":{"advanced_seo_description":"","jetpack_seo_html_title":"","jetpack_seo_noindex":false,"_jetpack_memberships_contains_paid_content":false,"footnotes":""},"categories":[15],"tags":[],"class_list":["post-50617","post","type-post","status-publish","format-standard","has-post-thumbnail","hentry","category-comunidad"],"jetpack_featured_media_url":"https:\/\/i0.wp.com\/eltrabajo.cl\/portal\/wp-content\/uploads\/2014\/09\/Artes1.jpg?fit=527%2C247&ssl=1","jetpack_sharing_enabled":true,"jetpack_likes_enabled":true,"jetpack-related-posts":[],"_links":{"self":[{"href":"https:\/\/eltrabajo.cl\/portal\/wp-json\/wp\/v2\/posts\/50617","targetHints":{"allow":["GET"]}}],"collection":[{"href":"https:\/\/eltrabajo.cl\/portal\/wp-json\/wp\/v2\/posts"}],"about":[{"href":"https:\/\/eltrabajo.cl\/portal\/wp-json\/wp\/v2\/types\/post"}],"author":[{"embeddable":true,"href":"https:\/\/eltrabajo.cl\/portal\/wp-json\/wp\/v2\/users\/482"}],"replies":[{"embeddable":true,"href":"https:\/\/eltrabajo.cl\/portal\/wp-json\/wp\/v2\/comments?post=50617"}],"version-history":[{"count":0,"href":"https:\/\/eltrabajo.cl\/portal\/wp-json\/wp\/v2\/posts\/50617\/revisions"}],"wp:featuredmedia":[{"embeddable":true,"href":"https:\/\/eltrabajo.cl\/portal\/wp-json\/wp\/v2\/media\/50618"}],"wp:attachment":[{"href":"https:\/\/eltrabajo.cl\/portal\/wp-json\/wp\/v2\/media?parent=50617"}],"wp:term":[{"taxonomy":"category","embeddable":true,"href":"https:\/\/eltrabajo.cl\/portal\/wp-json\/wp\/v2\/categories?post=50617"},{"taxonomy":"post_tag","embeddable":true,"href":"https:\/\/eltrabajo.cl\/portal\/wp-json\/wp\/v2\/tags?post=50617"}],"curies":[{"name":"wp","href":"https:\/\/api.w.org\/{rel}","templated":true}]}}