{"id":50633,"date":"2014-09-02T09:43:42","date_gmt":"2014-09-02T13:43:42","guid":{"rendered":"http:\/\/www.eltrabajo.cl\/portal\/?p=50633"},"modified":"2014-09-02T09:44:13","modified_gmt":"2014-09-02T13:44:13","slug":"ivan-morovic-jugara-simultanea-de-ajedrez-este-jueves","status":"publish","type":"post","link":"https:\/\/eltrabajo.cl\/portal\/ivan-morovic-jugara-simultanea-de-ajedrez-este-jueves\/","title":{"rendered":"Iv\u00e1n Morovic jugar\u00e1 simult\u00e1nea de Ajedrez este jueves"},"content":{"rendered":"<figure id=\"attachment_50634\" aria-describedby=\"caption-attachment-50634\" style=\"width: 529px\" class=\"wp-caption alignnone\"><a href=\"https:\/\/i0.wp.com\/www.eltrabajo.cl\/portal\/wp-content\/uploads\/2014\/09\/Ajedrez1.jpg\"><img data-recalc-dims=\"1\" loading=\"lazy\" decoding=\"async\" class=\"size-full wp-image-50634\" alt=\"El pr\u00f3ximo jueves 4 de septiembre, el ex-campe\u00f3n nacional de ajedrez, Iv\u00e1n Morovic Fern\u00e1ndez, sostendr\u00e1 un encuentro simult\u00e1neo, con diferentes alumnos de los distintos establecimientos educacionales de la comuna. (Archivo)\" src=\"https:\/\/i0.wp.com\/www.eltrabajo.cl\/portal\/wp-content\/uploads\/2014\/09\/Ajedrez1.jpg?resize=529%2C358\" width=\"529\" height=\"358\" srcset=\"https:\/\/i0.wp.com\/eltrabajo.cl\/portal\/wp-content\/uploads\/2014\/09\/Ajedrez1.jpg?w=529&amp;ssl=1 529w, https:\/\/i0.wp.com\/eltrabajo.cl\/portal\/wp-content\/uploads\/2014\/09\/Ajedrez1.jpg?resize=200%2C135&amp;ssl=1 200w, https:\/\/i0.wp.com\/eltrabajo.cl\/portal\/wp-content\/uploads\/2014\/09\/Ajedrez1.jpg?resize=300%2C203&amp;ssl=1 300w, https:\/\/i0.wp.com\/eltrabajo.cl\/portal\/wp-content\/uploads\/2014\/09\/Ajedrez1.jpg?resize=150%2C101&amp;ssl=1 150w, https:\/\/i0.wp.com\/eltrabajo.cl\/portal\/wp-content\/uploads\/2014\/09\/Ajedrez1.jpg?resize=400%2C270&amp;ssl=1 400w\" sizes=\"auto, (max-width: 529px) 100vw, 529px\" \/><\/a><figcaption id=\"caption-attachment-50634\" class=\"wp-caption-text\">El pr\u00f3ximo jueves 4 de septiembre, el ex-campe\u00f3n nacional de ajedrez, Iv\u00e1n Morovic Fern\u00e1ndez, sostendr\u00e1 un encuentro simult\u00e1neo, con diferentes alumnos de los distintos establecimientos educacionales de la comuna. (Archivo)<\/figcaption><\/figure>\n<p>El pr\u00f3ximo jueves 4 de septiembre, el ex-campe\u00f3n nacional de ajedrez, Iv\u00e1n Morovic Fern\u00e1ndez, sostendr\u00e1 un encuentro simult\u00e1neo, con diferentes alumnos de los distintos establecimientos educacionales de la comuna. La actividad, que es organizada por el Liceo Dr. Roberto Humeres Oyanedel, y que cuenta con el patrocinio de la Municipalidad de San Felipe, busca que los alumnos conozcan m\u00e1s sobre el llamado \u2018Deporte ciencia\u2019, generando adem\u00e1s una muy buena posibilidad para que interact\u00faen con una de las figuras m\u00e1s connotadas del ajedrez nacional e internacional.<\/p>\n<p>La informaci\u00f3n fue dada a conocer por la encargada de actividades extraescolares del establecimiento, Patricia Pimentel, quien se\u00f1al\u00f3 que \u00abla actividad es una partida simult\u00e1nea, lo que significa, que el maestro se mueve por cada una de las mesas, en varios juegos a la vez, y se realizar\u00e1 en el gimnasio de nuestro liceo, a partir de las 10:00 horas, por lo que hicimos una invitaci\u00f3n a todos los establecimientos educacionales de la comuna de San Felipe a participar de una de las actividades deportivas m\u00e1s importantes des \u00faltimo tiempo\u00bb.<\/p>\n<p>Por su parte, la directora del establecimiento, Romina Fumey, manifest\u00f3 su alegr\u00eda por entregar esta oportunidad a los alumnos, no s\u00f3lo de su establecimiento, sino que a toda la comunidad escolar, se\u00f1alando que \u00abesto es parte del plan de mejoramiento que estamos impulsando para nuestro liceo, y creemos firmemente que estamos en la senda correcta, y para eso queremos hacer parte a toda la comunidad, que vean y sientan que estamos trabajando para devolver al sitial de honor que corresponde, a este centenario establecimiento\u00bb.<\/p>\n<p>Previo a esto se espera que el destacado deportista nacional, oriundo de Vi\u00f1a del Mar, realice una conferencia de prensa, donde abordar\u00e1 con los medios de comunicaci\u00f3n, su actualidad en este interesante deporte. Morovic, quien adem\u00e1s es Gran Maestro (GM), ha sido en reiteradas ocasiones el mejor exponente de esta disciplina a nivel latinoamericano, comenzando su destacada trayectoria a la edad de nueve a\u00f1os, consiguiendo el t\u00edtulo de Gran Maestro a la edad de 22, lo que lo convirti\u00f3 en el primer chileno en alcanzar esa categor\u00eda, logrando el t\u00edtulo nacional de la especialidad en el a\u00f1o 1981. En su dilatada carrera, destacan el campeonato sudamericano adulto obtenido en el a\u00f1o 1985, y la victoria obtenida frente al vice campe\u00f3n del mundo, el Ruso V\u00edktor Korchn\u00f3i en el a\u00f1o 1991.<\/p>\n<p>&nbsp;<\/p>\n","protected":false},"excerpt":{"rendered":"<p>El pr\u00f3ximo jueves 4 de septiembre, el ex-campe\u00f3n nacional de ajedrez, Iv\u00e1n Morovic Fern\u00e1ndez, sostendr\u00e1 un encuentro simult\u00e1neo, con diferentes alumnos de los distintos establecimientos educacionales de la comuna. La actividad, que&#8230;<\/p>\n","protected":false},"author":482,"featured_media":50634,"comment_status":"open","ping_status":"closed","sticky":false,"template":"","format":"standard","meta":{"advanced_seo_description":"","jetpack_seo_html_title":"","jetpack_seo_noindex":false,"_jetpack_memberships_contains_paid_content":false,"footnotes":""},"categories":[15],"tags":[],"class_list":["post-50633","post","type-post","status-publish","format-standard","has-post-thumbnail","hentry","category-comunidad"],"jetpack_featured_media_url":"https:\/\/i0.wp.com\/eltrabajo.cl\/portal\/wp-content\/uploads\/2014\/09\/Ajedrez1.jpg?fit=529%2C358&ssl=1","jetpack_sharing_enabled":true,"jetpack_likes_enabled":true,"jetpack-related-posts":[],"_links":{"self":[{"href":"https:\/\/eltrabajo.cl\/portal\/wp-json\/wp\/v2\/posts\/50633","targetHints":{"allow":["GET"]}}],"collection":[{"href":"https:\/\/eltrabajo.cl\/portal\/wp-json\/wp\/v2\/posts"}],"about":[{"href":"https:\/\/eltrabajo.cl\/portal\/wp-json\/wp\/v2\/types\/post"}],"author":[{"embeddable":true,"href":"https:\/\/eltrabajo.cl\/portal\/wp-json\/wp\/v2\/users\/482"}],"replies":[{"embeddable":true,"href":"https:\/\/eltrabajo.cl\/portal\/wp-json\/wp\/v2\/comments?post=50633"}],"version-history":[{"count":0,"href":"https:\/\/eltrabajo.cl\/portal\/wp-json\/wp\/v2\/posts\/50633\/revisions"}],"wp:featuredmedia":[{"embeddable":true,"href":"https:\/\/eltrabajo.cl\/portal\/wp-json\/wp\/v2\/media\/50634"}],"wp:attachment":[{"href":"https:\/\/eltrabajo.cl\/portal\/wp-json\/wp\/v2\/media?parent=50633"}],"wp:term":[{"taxonomy":"category","embeddable":true,"href":"https:\/\/eltrabajo.cl\/portal\/wp-json\/wp\/v2\/categories?post=50633"},{"taxonomy":"post_tag","embeddable":true,"href":"https:\/\/eltrabajo.cl\/portal\/wp-json\/wp\/v2\/tags?post=50633"}],"curies":[{"name":"wp","href":"https:\/\/api.w.org\/{rel}","templated":true}]}}