{"id":50640,"date":"2014-09-02T09:42:34","date_gmt":"2014-09-02T13:42:34","guid":{"rendered":"http:\/\/www.eltrabajo.cl\/portal\/?p=50640"},"modified":"2014-09-02T09:42:34","modified_gmt":"2014-09-02T13:42:34","slug":"trabajadores-de-proactiva-recibieron-nuevos-uniformes-de-seguridad","status":"publish","type":"post","link":"https:\/\/eltrabajo.cl\/portal\/trabajadores-de-proactiva-recibieron-nuevos-uniformes-de-seguridad\/","title":{"rendered":"Trabajadores de Proactiva recibieron nuevos uniformes de seguridad"},"content":{"rendered":"<figure id=\"attachment_50641\" aria-describedby=\"caption-attachment-50641\" style=\"width: 528px\" class=\"wp-caption alignnone\"><a href=\"https:\/\/i0.wp.com\/www.eltrabajo.cl\/portal\/wp-content\/uploads\/2014\/09\/Proactiva1.jpg\"><img data-recalc-dims=\"1\" loading=\"lazy\" decoding=\"async\" class=\"size-full wp-image-50641\" alt=\"Este lunes 1 de septiembre el Alcalde Patricio Freire hizo entrega a los trabajadores de Proactiva de los nuevos uniformes de trabajo.\" src=\"https:\/\/i0.wp.com\/www.eltrabajo.cl\/portal\/wp-content\/uploads\/2014\/09\/Proactiva1.jpg?resize=528%2C336\" width=\"528\" height=\"336\" srcset=\"https:\/\/i0.wp.com\/eltrabajo.cl\/portal\/wp-content\/uploads\/2014\/09\/Proactiva1.jpg?w=528&amp;ssl=1 528w, https:\/\/i0.wp.com\/eltrabajo.cl\/portal\/wp-content\/uploads\/2014\/09\/Proactiva1.jpg?resize=200%2C127&amp;ssl=1 200w, https:\/\/i0.wp.com\/eltrabajo.cl\/portal\/wp-content\/uploads\/2014\/09\/Proactiva1.jpg?resize=300%2C190&amp;ssl=1 300w, https:\/\/i0.wp.com\/eltrabajo.cl\/portal\/wp-content\/uploads\/2014\/09\/Proactiva1.jpg?resize=150%2C95&amp;ssl=1 150w, https:\/\/i0.wp.com\/eltrabajo.cl\/portal\/wp-content\/uploads\/2014\/09\/Proactiva1.jpg?resize=400%2C254&amp;ssl=1 400w\" sizes=\"auto, (max-width: 528px) 100vw, 528px\" \/><\/a><figcaption id=\"caption-attachment-50641\" class=\"wp-caption-text\">Este lunes 1 de septiembre el Alcalde Patricio Freire hizo entrega a los trabajadores de Proactiva de los nuevos uniformes de trabajo.<\/figcaption><\/figure>\n<p>Este lunes 1 de septiembre el Alcalde Patricio Freire hizo entrega a los trabajadores de Proactiva de los nuevos uniformes de trabajo, elementos que les que entregan mayor seguridad para cumplir con sus labores diarias. Esta fue uno de los planteamientos que realizaron los trabajadores en una mesa de trabajo en la que particip\u00f3 el municipio y la empresa, lo que les permite realizar su trabajo de manera m\u00e1s segura, y que da muestra de este nuevo contrato realizado con la empresa Proactiva, que a\u00fan se encuentra en marcha blanca.<\/p>\n<p>Consultado el Administrador Municipal, Patricio Gonz\u00e1lez, sobre la evaluaci\u00f3n que el municipio realiza del trabajo realizado por la empresa en este tiempo de funcionamiento, el directivo se\u00f1al\u00f3 que se han mejorado las condiciones laborales y de remuneraci\u00f3n, lo que les permite a los trabajadores realizar su trabajo con m\u00e1s motivaci\u00f3n.<\/p>\n<p>\u201cNosotros hemos seguido muy de cerca la implementaci\u00f3n de este contrato, estamos realizando las mejoras respecto del barrido principalmente, y a los tiempos que se tardaban, producto que solamente hab\u00edan cuatro camiones y el nuevo contrato demandaba seis camiones y son los est\u00e1n realizando la labor y eso tambi\u00e9n les deja a ellos el tiempo para realizar de mejor forma su trabajo, hemos pasado de un contrato muy precario a otro que va mejorando y que va a terminar en \u00f3ptimo cuando lleguen los camiones nuevos, que esperamos inaugurarlos frente a la Plaza de Armas\u201d, dijo Gonz\u00e1lez.<\/p>\n<p>El administrador explic\u00f3 que al interior del municipio se cre\u00f3 una unidad de fiscalizaci\u00f3n de contratos y que en el caso del documento firmado con Proactiva se le realizar\u00e1 un seguimiento en cuanto al cumplimiento y los logros, ya que se espera que con este contrato se marque un antes y un despu\u00e9s en la limpieza de la ciudad.<\/p>\n<p>&nbsp;<\/p>\n","protected":false},"excerpt":{"rendered":"<p>Este lunes 1 de septiembre el Alcalde Patricio Freire hizo entrega a los trabajadores de Proactiva de los nuevos uniformes de trabajo, elementos que les que entregan mayor seguridad para cumplir con&#8230;<\/p>\n","protected":false},"author":482,"featured_media":50641,"comment_status":"open","ping_status":"closed","sticky":false,"template":"","format":"standard","meta":{"advanced_seo_description":"","jetpack_seo_html_title":"","jetpack_seo_noindex":false,"_jetpack_memberships_contains_paid_content":false,"footnotes":""},"categories":[15],"tags":[],"class_list":["post-50640","post","type-post","status-publish","format-standard","has-post-thumbnail","hentry","category-comunidad"],"jetpack_featured_media_url":"https:\/\/i0.wp.com\/eltrabajo.cl\/portal\/wp-content\/uploads\/2014\/09\/Proactiva1.jpg?fit=528%2C336&ssl=1","jetpack_sharing_enabled":true,"jetpack_likes_enabled":true,"jetpack-related-posts":[],"_links":{"self":[{"href":"https:\/\/eltrabajo.cl\/portal\/wp-json\/wp\/v2\/posts\/50640","targetHints":{"allow":["GET"]}}],"collection":[{"href":"https:\/\/eltrabajo.cl\/portal\/wp-json\/wp\/v2\/posts"}],"about":[{"href":"https:\/\/eltrabajo.cl\/portal\/wp-json\/wp\/v2\/types\/post"}],"author":[{"embeddable":true,"href":"https:\/\/eltrabajo.cl\/portal\/wp-json\/wp\/v2\/users\/482"}],"replies":[{"embeddable":true,"href":"https:\/\/eltrabajo.cl\/portal\/wp-json\/wp\/v2\/comments?post=50640"}],"version-history":[{"count":0,"href":"https:\/\/eltrabajo.cl\/portal\/wp-json\/wp\/v2\/posts\/50640\/revisions"}],"wp:featuredmedia":[{"embeddable":true,"href":"https:\/\/eltrabajo.cl\/portal\/wp-json\/wp\/v2\/media\/50641"}],"wp:attachment":[{"href":"https:\/\/eltrabajo.cl\/portal\/wp-json\/wp\/v2\/media?parent=50640"}],"wp:term":[{"taxonomy":"category","embeddable":true,"href":"https:\/\/eltrabajo.cl\/portal\/wp-json\/wp\/v2\/categories?post=50640"},{"taxonomy":"post_tag","embeddable":true,"href":"https:\/\/eltrabajo.cl\/portal\/wp-json\/wp\/v2\/tags?post=50640"}],"curies":[{"name":"wp","href":"https:\/\/api.w.org\/{rel}","templated":true}]}}