{"id":50645,"date":"2014-09-02T09:56:49","date_gmt":"2014-09-02T13:56:49","guid":{"rendered":"http:\/\/www.eltrabajo.cl\/portal\/?p=50645"},"modified":"2014-09-02T09:56:49","modified_gmt":"2014-09-02T13:56:49","slug":"violentos-pandilleros-destruyen-discoteca-y-quedan-impunes","status":"publish","type":"post","link":"https:\/\/eltrabajo.cl\/portal\/violentos-pandilleros-destruyen-discoteca-y-quedan-impunes\/","title":{"rendered":"Violentos pandilleros destruyen discoteca y quedan impunes"},"content":{"rendered":"<figure id=\"attachment_50646\" aria-describedby=\"caption-attachment-50646\" style=\"width: 528px\" class=\"wp-caption alignnone\"><a href=\"https:\/\/i0.wp.com\/www.eltrabajo.cl\/portal\/wp-content\/uploads\/2014\/09\/Danos-Local-2.jpg\"><img data-recalc-dims=\"1\" loading=\"lazy\" decoding=\"async\" class=\"size-full wp-image-50646\" alt=\"Durante la ri\u00f1a originada al interior de Discoteca BCD de San Felipe, un grupo de j\u00f3venes provocaron destrozos avaluados en un mill\u00f3n de pesos.\" src=\"https:\/\/i0.wp.com\/www.eltrabajo.cl\/portal\/wp-content\/uploads\/2014\/09\/Danos-Local-2.jpg?resize=528%2C400\" width=\"528\" height=\"400\" srcset=\"https:\/\/i0.wp.com\/eltrabajo.cl\/portal\/wp-content\/uploads\/2014\/09\/Danos-Local-2.jpg?w=528&amp;ssl=1 528w, https:\/\/i0.wp.com\/eltrabajo.cl\/portal\/wp-content\/uploads\/2014\/09\/Danos-Local-2.jpg?resize=198%2C150&amp;ssl=1 198w, https:\/\/i0.wp.com\/eltrabajo.cl\/portal\/wp-content\/uploads\/2014\/09\/Danos-Local-2.jpg?resize=300%2C227&amp;ssl=1 300w, https:\/\/i0.wp.com\/eltrabajo.cl\/portal\/wp-content\/uploads\/2014\/09\/Danos-Local-2.jpg?resize=150%2C113&amp;ssl=1 150w, https:\/\/i0.wp.com\/eltrabajo.cl\/portal\/wp-content\/uploads\/2014\/09\/Danos-Local-2.jpg?resize=400%2C303&amp;ssl=1 400w\" sizes=\"auto, (max-width: 528px) 100vw, 528px\" \/><\/a><figcaption id=\"caption-attachment-50646\" class=\"wp-caption-text\">Durante la ri\u00f1a originada al interior de Discoteca BCD de San Felipe, un grupo de j\u00f3venes provocaron destrozos avaluados en un mill\u00f3n de pesos.<\/figcaption><\/figure>\n<ul>\n<li><strong>Los da\u00f1os ascienden a un mill\u00f3n de pesos. Dos personas salieron apu\u00f1aladas en abdomen y gl\u00fateos. Fiscal Osvaldo Basso muy molesto con el caso. Ordenan Sumario Administrativo a Carabineros.<\/strong><\/li>\n<\/ul>\n<p>Rabia e impotencia son los sentimientos que embargan a Jos\u00e9 Pereira Pizarro, propietario de Discoteca BCD de San Felipe, luego que un grupo de j\u00f3venes originara violentos disturbios, provocando da\u00f1os a su propiedad avaluados en un mill\u00f3n de pesos, y cuya detenci\u00f3n fue declarada Ilegal en el Tribunal de Garant\u00eda de San Felipe, tras imprecisiones en el parte policial de Carabineros, que no consignaba con claridad la imputabilidad de este y otros delitos, tras posteriores hechos cometidos en la v\u00eda p\u00fablica con los mismos protagonistas.<\/p>\n<p>Seg\u00fan el testimonio concedido a Diario El Trabajo por Jos\u00e9 Pereira, los hechos ocurrieron cuando un grupo de 25 personas entre hombres y mujeres mayores de edad, ingresaron hasta la discoteca ubicada en Avenida O\u2019Higgins 661 de San Felipe, pasada la medianoche del viernes, sin mayores inconvenientes al cancelar la entrada.<\/p>\n<p><strong>\u00a0EXPLOSIVA NOCHE<\/strong><\/p>\n<p>No obstante alrededor de las 03:15 horas del viernes, personal de seguridad advirti\u00f3 el origen de una violenta ri\u00f1a, al parecer motivada por el exceso de alcohol entre el grupo, con golpes de pies y pu\u00f1os que derivaron en da\u00f1os a la propiedad, provocando destrozos de un televisor LCD, mesas, sillas y la puerta de vidrio del cooler, tras la acalorada discusi\u00f3n donde vasos y botellas volaban por los aires.<\/p>\n<p>\u00abAl tratar de calmar la situaci\u00f3n por medio de nuestros guardias, estos j\u00f3venes empiezan a arrojarse las mesas, sillas, vasos, provocaron varios destrozos, agredieron a un cliente dentro del local. Nos vimos sobrepasados en ese momento, estaban enajenados y hab\u00eda que tener cuidado, porque pod\u00edan agredirnos, despu\u00e9s ellos abandonan el recinto\u00bb, relata Pereira.<\/p>\n<p><strong>\u00a0CORRE LA SANGRE<\/strong><\/p>\n<p>El propietario asegur\u00f3 que entre los mismos protagonistas, estando en las afueras del local, uno de ellos agredi\u00f3 a un joven con un arma blanca que se encontraba comprando en el carrito de completos, ubicado a pasos de la discoteca, \u00able propin\u00f3 dos puntazos en el brazo y en el abdomen\u00bb, recuerda.<\/p>\n<p>Las ri\u00f1as y des\u00f3rdenes habr\u00edan continuado en la parte posterior de la estaci\u00f3n de bencinas, ubicada frente al establecimiento, donde un joven habr\u00eda sido golpeado y al parecer herido con un arma blanca en el trasero, adem\u00e1s de sufrir el robo de su tel\u00e9fono celular. \u00abSe da aviso a Carabineros, era tanto el desorden existente afuera, yo denunci\u00e9 a dos mujeres y un hombre que los reconoc\u00ed como autores de los destrozos y que fueron detenidos\u00bb, argumenta Pereira.<\/p>\n<p><strong>HUYEN EN AUTO<\/strong><\/p>\n<p>Posteriormente en la comuna de Los Andes, un veh\u00edculo fue interceptado por Carabineros en el Servicio de Urgencias del Hospital San Juan de Dios, con once personas en su interior, quienes transportaban a un joven herido en la pierna. \u00abFue todo el personal de servicio del local hasta el hospital, reconocimos a las once personas en su totalidad como parte del grupo que ingres\u00f3\u00bb, agreg\u00f3 Pereira.<\/p>\n<p>Hasta ese entonces Carabineros manten\u00eda a trece personas detenidas involucradas y signadas como autores de da\u00f1os a la propiedad y robo con violencia de un tel\u00e9fono celular.<\/p>\n<p>Jos\u00e9 Pereira agrega que uno de sus trabajadores fue amenazado por uno de estos muchachos con un cuchillo, mismo que extrajo desde su ropa interior, antecedentes que fueron denunciados a Carabineros junto con el aval\u00fao de los da\u00f1os, con la entrega de fotograf\u00edas que se adjuntaron a la denuncia.<\/p>\n<p>Sin embargo, la fiscal\u00eda manten\u00eda en conocimiento de catorce personas detenidas, de las cuales cuatro personas, tres hombres y una mujer, fueron puestos a disposici\u00f3n del tribunal para ser formalizados.<\/p>\n<p><strong>\u00a0SE CAE EL CASO<\/strong><\/p>\n<p>Tras una larga espera de m\u00e1s de seis horas en la entrega del parte policial, los detenidos fueron trasladados hasta el Juzgado de Garant\u00eda de San Felipe, comenzado la audiencia a las 18:25 horas del viernes.<\/p>\n<p>El Fiscal Osvaldo Basso reconoci\u00f3 ante el Juez Leopoldo Soto, las incongruencias que exist\u00edan en el escrito de Carabineros, mismas que generaban dudas en el procedimiento para imputaci\u00f3n de cargos hacia los j\u00f3venes, desconociendo el error de la Polic\u00eda, no pudiendo sostener la individualizaci\u00f3n de los sospechosos para hacerlos responsables de delitos puntuales en el lugar, requiriendo entonces un sumario investigativo al interior de Carabineros tras este confuso incidente.<\/p>\n<p><strong>\u00a0ACCI\u00d3N ILEGAL<\/strong><\/p>\n<p>Fue as\u00ed que el magistrado resolvi\u00f3 declarar Ilegal la detenci\u00f3n de los muchachos, dado que no establecieron la participaci\u00f3n en los delitos relatados, quedando sin ninguna cautelar y otorg\u00e1ndoles la libertad. El Abogado defensor Jos\u00e9 Luis Correa, explic\u00f3 a nuestro medio que los antecedentes vertidos en el tribunal no reun\u00edan requisitos b\u00e1sicos para poder ser comprendidos, generando confusi\u00f3n en la redacci\u00f3n del parte, existiendo contradicciones en la hora de la detenci\u00f3n.<\/p>\n<p>\u00abHab\u00edan personas de las que se hab\u00eda instruido pasar a disposici\u00f3n del tribunal pero fueron dejadas libres, trajeron a otra persona que se hab\u00eda instruido su libertad y como Defensa con estos antecedentes, no ten\u00edamos c\u00f3mo controlar que todo este procedimiento se llev\u00f3 conforme a la norma. El parte tuvo una demora en ser llevado al tribunal, mucho tiempo de lo que estamos acostumbrados habitualmente. El Ministerio P\u00fablico orden\u00f3 una investigaci\u00f3n sumaria respecto de los motivos que llegan en antecedentes de estas caracter\u00edsticas, que no permiten al fiscal sostener los motivos por los cuales estas personas fueron detenidas\u00bb, sostuvo Correa.<\/p>\n<p>El profesional agreg\u00f3 que exist\u00eda una denuncia de una persona que se\u00f1alaba el robo de su tel\u00e9fono celular, pero por la redacci\u00f3n no distingue a quien se le atribu\u00eda ese delito, lo que contrastaba con las personas que ingresaron al tribunal, \u00abconvers\u00e9 con mis representados y efectivamente hubo una ri\u00f1a con ciertos da\u00f1os al interior de este local, pero no obstante ello, a las personas que ten\u00edamos sentadas en el tribunal no ten\u00edamos c\u00f3mo vincularlas con estos eventos, as\u00ed como la supuesta apropiaci\u00f3n de un celular por parte de uno de los j\u00f3venes y de las lesiones que habr\u00eda denunciado otra persona. Entonces ese es el motivo que no ten\u00edamos c\u00f3mo garantizar que el procedimiento se llev\u00f3 adecuadamente respecto de ellos. Procesalmente existe la causa, pero no quedaron formalizados ni requeridos en un Procedimiento Simplificado, solamente estar a la espera de una citaci\u00f3n del Ministerio P\u00fablico, si es que se logra establecer responsabilidades de determinadas personas\u00bb, concluy\u00f3 el abogado representante de la Defensor\u00eda Penal P\u00fablica.<\/p>\n<p><strong>\u00a0FISCAL MOLESTO<\/strong><\/p>\n<p>Por su parte el Fiscal Jefe, Osvaldo Basso, visiblemente molesto por la situaci\u00f3n, declin\u00f3 proporcionar alg\u00fan comentario sobre lo sucedido, reserv\u00e1ndose el derecho a emitir una declaraci\u00f3n p\u00fablica a Diario El Trabajo.<\/p>\n<p>En entrevista con el Comisario de Carabineros, Mayor V\u00edctor Del Valle, dijo que se debieron hacer bastantes diligencias tras la detenci\u00f3n de catorce personas, lo que dilat\u00f3 m\u00e1s de lo necesario la confecci\u00f3n del parte policial.<\/p>\n<p>\u00abSi hay alguna situaci\u00f3n extraordinaria, ser\u00e1 el Ministerio P\u00fablico que deber\u00e1 informarme para ver los protocolos de actuaci\u00f3n, para ver en qu\u00e9 se falla y para hacer las correcciones correspondientes y hasta ahora no ha sucedido. Hay que analizar todo el procedimiento, ah\u00ed verificaremos cu\u00e1les son los errores y las mejoras que tenemos que hacer. Pero nosotros aparte hacemos una revisi\u00f3n de acuerdo a las cl\u00ednicas que vamos a disponerlas\u00bb, se\u00f1al\u00f3 el oficial de Carabineros.<\/p>\n<p>Tras lo sucedido Jos\u00e9 Pereira, due\u00f1o del establecimiento, indic\u00f3 que hasta el momento no ha sido citado a declarar nuevamente ante Carabineros ni ante la Fiscal\u00eda de San Felipe, asegurando que tras la libertad de los sujetos se reservar\u00e1 el derecho de admisi\u00f3n de los mismos, quienes a su juicio son un peligro para la sociedad.<\/p>\n<p>\u00abSiento rabia e impotencia, la sent\u00ed en ese momento, porque estos delincuentes hicieron lo que quisieron y m\u00e1s despu\u00e9s de enterarme que los dejaron libres, \u00bfqu\u00e9 error tan grave pudo haber en el parte para que nuestros derechos como ciudadanos hayan sido dejados de lado? Aparte de los da\u00f1os ocasionados, yo s\u00e9 que no los vamos a recuperar, ese costo ya lo tengo asumido, pero \u00bfqu\u00e9 pasa con los j\u00f3venes que fueron acuchillados?, \u00bfentonces van a quedar impunes?\u00bb, cuestion\u00f3 Pereira.<\/p>\n<p>Pablo Salinas Sald\u00edas<\/p>\n<div class=\"tiled-gallery type-rectangular tiled-gallery-unresized\" data-original-width=\"640\" data-carousel-extra='null' itemscope itemtype=\"http:\/\/schema.org\/ImageGallery\" > <div class=\"gallery-row\" style=\"width: 640px; height: 309px;\" data-original-width=\"640\" data-original-height=\"309\" > <div class=\"gallery-group images-1\" style=\"width: 234px; height: 309px;\" data-original-width=\"234\" data-original-height=\"309\" > <div class=\"tiled-gallery-item tiled-gallery-item-small\" itemprop=\"associatedMedia\" itemscope itemtype=\"http:\/\/schema.org\/ImageObject\"> <a href=\"https:\/\/eltrabajo.cl\/portal\/violentos-pandilleros-destruyen-discoteca-y-quedan-impunes\/danos-local-1\/\" border=\"0\" itemprop=\"url\"> <meta itemprop=\"width\" content=\"230\"> <meta itemprop=\"height\" content=\"305\"> <img decoding=\"async\" class=\"\" data-attachment-id=\"50647\" data-orig-file=\"https:\/\/eltrabajo.cl\/portal\/wp-content\/uploads\/2014\/09\/Danos-Local-1.jpg\" data-orig-size=\"529,701\" data-comments-opened=\"1\" data-image-meta=\"{&quot;aperture&quot;:&quot;0&quot;,&quot;credit&quot;:&quot;&quot;,&quot;camera&quot;:&quot;&quot;,&quot;caption&quot;:&quot;&quot;,&quot;created_timestamp&quot;:&quot;0&quot;,&quot;copyright&quot;:&quot;&quot;,&quot;focal_length&quot;:&quot;0&quot;,&quot;iso&quot;:&quot;0&quot;,&quot;shutter_speed&quot;:&quot;0&quot;,&quot;title&quot;:&quot;&quot;}\" data-image-title=\"Danos Local (1)\" data-image-description=\"&lt;p&gt;Un grupo de 25 personas entre hombres y mujeres mayores de edad, ingresaron hasta la discoteca.&lt;\/p&gt; \" data-medium-file=\"https:\/\/i0.wp.com\/eltrabajo.cl\/portal\/wp-content\/uploads\/2014\/09\/Danos-Local-1.jpg?fit=226%2C300&#038;ssl=1\" data-large-file=\"https:\/\/i0.wp.com\/eltrabajo.cl\/portal\/wp-content\/uploads\/2014\/09\/Danos-Local-1.jpg?fit=529%2C701&#038;ssl=1\" src=\"https:\/\/i0.wp.com\/eltrabajo.cl\/portal\/wp-content\/uploads\/2014\/09\/Danos-Local-1.jpg?w=230&#038;h=305&#038;ssl=1\" srcset=\"https:\/\/i0.wp.com\/eltrabajo.cl\/portal\/wp-content\/uploads\/2014\/09\/Danos-Local-1.jpg?w=529&amp;ssl=1 529w, https:\/\/i0.wp.com\/eltrabajo.cl\/portal\/wp-content\/uploads\/2014\/09\/Danos-Local-1.jpg?resize=113%2C150&amp;ssl=1 113w, https:\/\/i0.wp.com\/eltrabajo.cl\/portal\/wp-content\/uploads\/2014\/09\/Danos-Local-1.jpg?resize=226%2C300&amp;ssl=1 226w, https:\/\/i0.wp.com\/eltrabajo.cl\/portal\/wp-content\/uploads\/2014\/09\/Danos-Local-1.jpg?resize=400%2C530&amp;ssl=1 400w\" width=\"230\" height=\"305\" loading=\"lazy\" data-original-width=\"230\" data-original-height=\"305\" itemprop=\"http:\/\/schema.org\/image\" title=\"Danos Local (1)\" alt=\"Un grupo de 25 personas entre hombres y mujeres mayores de edad, ingresaron hasta la discoteca.\" style=\"width: 230px; height: 305px;\" \/> <\/a> <div class=\"tiled-gallery-caption\" itemprop=\"caption description\"> Un grupo de 25 personas entre hombres y mujeres mayores de edad, ingresaron hasta la discoteca. <\/div> <\/div> <\/div> <!-- close group --> <div class=\"gallery-group images-1\" style=\"width: 406px; height: 309px;\" data-original-width=\"406\" data-original-height=\"309\" > <div class=\"tiled-gallery-item tiled-gallery-item-large\" itemprop=\"associatedMedia\" itemscope itemtype=\"http:\/\/schema.org\/ImageObject\"> <a href=\"https:\/\/eltrabajo.cl\/portal\/violentos-pandilleros-destruyen-discoteca-y-quedan-impunes\/danos-local-3\/\" border=\"0\" itemprop=\"url\"> <meta itemprop=\"width\" content=\"402\"> <meta itemprop=\"height\" content=\"305\"> <img decoding=\"async\" class=\"\" data-attachment-id=\"50648\" data-orig-file=\"https:\/\/eltrabajo.cl\/portal\/wp-content\/uploads\/2014\/09\/Danos-Local-3.jpg\" data-orig-size=\"528,400\" data-comments-opened=\"1\" data-image-meta=\"{&quot;aperture&quot;:&quot;0&quot;,&quot;credit&quot;:&quot;&quot;,&quot;camera&quot;:&quot;&quot;,&quot;caption&quot;:&quot;&quot;,&quot;created_timestamp&quot;:&quot;0&quot;,&quot;copyright&quot;:&quot;&quot;,&quot;focal_length&quot;:&quot;0&quot;,&quot;iso&quot;:&quot;0&quot;,&quot;shutter_speed&quot;:&quot;0&quot;,&quot;title&quot;:&quot;&quot;}\" data-image-title=\"Danos Local (3)\" data-image-description=\"&lt;p&gt;Provocaron da\u00f1os a la propiedad avaluados en un mill\u00f3n de pesos.&lt;\/p&gt; \" data-medium-file=\"https:\/\/i0.wp.com\/eltrabajo.cl\/portal\/wp-content\/uploads\/2014\/09\/Danos-Local-3.jpg?fit=300%2C227&#038;ssl=1\" data-large-file=\"https:\/\/i0.wp.com\/eltrabajo.cl\/portal\/wp-content\/uploads\/2014\/09\/Danos-Local-3.jpg?fit=528%2C400&#038;ssl=1\" src=\"https:\/\/i0.wp.com\/eltrabajo.cl\/portal\/wp-content\/uploads\/2014\/09\/Danos-Local-3.jpg?w=402&#038;h=305&#038;ssl=1\" srcset=\"https:\/\/i0.wp.com\/eltrabajo.cl\/portal\/wp-content\/uploads\/2014\/09\/Danos-Local-3.jpg?w=528&amp;ssl=1 528w, https:\/\/i0.wp.com\/eltrabajo.cl\/portal\/wp-content\/uploads\/2014\/09\/Danos-Local-3.jpg?resize=198%2C150&amp;ssl=1 198w, https:\/\/i0.wp.com\/eltrabajo.cl\/portal\/wp-content\/uploads\/2014\/09\/Danos-Local-3.jpg?resize=300%2C227&amp;ssl=1 300w, https:\/\/i0.wp.com\/eltrabajo.cl\/portal\/wp-content\/uploads\/2014\/09\/Danos-Local-3.jpg?resize=150%2C113&amp;ssl=1 150w, https:\/\/i0.wp.com\/eltrabajo.cl\/portal\/wp-content\/uploads\/2014\/09\/Danos-Local-3.jpg?resize=400%2C303&amp;ssl=1 400w\" width=\"402\" height=\"305\" loading=\"lazy\" data-original-width=\"402\" data-original-height=\"305\" itemprop=\"http:\/\/schema.org\/image\" title=\"Danos Local (3)\" alt=\"Provocaron da\u00f1os a la propiedad avaluados en un mill\u00f3n de pesos.\" style=\"width: 402px; height: 305px;\" \/> <\/a> <div class=\"tiled-gallery-caption\" itemprop=\"caption description\"> Rabia e impotencia son los sentimientos que embargan a Jos\u00e9 Pereira Pizarro, propietario de Discoteca BCD de San Felipe <\/div> <\/div> <\/div> <!-- close group --> <\/div> <!-- close row --> <div class=\"gallery-row\" style=\"width: 640px; height: 281px;\" data-original-width=\"640\" data-original-height=\"281\" > <div class=\"gallery-group images-1\" style=\"width: 214px; height: 281px;\" data-original-width=\"214\" data-original-height=\"281\" > <div class=\"tiled-gallery-item tiled-gallery-item-small\" itemprop=\"associatedMedia\" itemscope itemtype=\"http:\/\/schema.org\/ImageObject\"> <a href=\"https:\/\/eltrabajo.cl\/portal\/violentos-pandilleros-destruyen-discoteca-y-quedan-impunes\/danos-local\/\" border=\"0\" itemprop=\"url\"> <meta itemprop=\"width\" content=\"210\"> <meta itemprop=\"height\" content=\"277\"> <img decoding=\"async\" class=\"\" data-attachment-id=\"50649\" data-orig-file=\"https:\/\/eltrabajo.cl\/portal\/wp-content\/uploads\/2014\/09\/Danos-Local.jpg\" data-orig-size=\"529,699\" data-comments-opened=\"1\" data-image-meta=\"{&quot;aperture&quot;:&quot;0&quot;,&quot;credit&quot;:&quot;&quot;,&quot;camera&quot;:&quot;&quot;,&quot;caption&quot;:&quot;&quot;,&quot;created_timestamp&quot;:&quot;0&quot;,&quot;copyright&quot;:&quot;&quot;,&quot;focal_length&quot;:&quot;0&quot;,&quot;iso&quot;:&quot;0&quot;,&quot;shutter_speed&quot;:&quot;0&quot;,&quot;title&quot;:&quot;&quot;}\" data-image-title=\"Danos Local\" data-image-description=\"&lt;p&gt;Destrozaron un televisor LCD, mesas, sillas y la puerta de vidrio del cooler, tras la acalorada discusi\u00f3n donde vasos y botellas volaban por los aires.&lt;\/p&gt; \" data-medium-file=\"https:\/\/i0.wp.com\/eltrabajo.cl\/portal\/wp-content\/uploads\/2014\/09\/Danos-Local.jpg?fit=227%2C300&#038;ssl=1\" data-large-file=\"https:\/\/i0.wp.com\/eltrabajo.cl\/portal\/wp-content\/uploads\/2014\/09\/Danos-Local.jpg?fit=529%2C699&#038;ssl=1\" src=\"https:\/\/i0.wp.com\/eltrabajo.cl\/portal\/wp-content\/uploads\/2014\/09\/Danos-Local.jpg?w=210&#038;h=277&#038;ssl=1\" srcset=\"https:\/\/i0.wp.com\/eltrabajo.cl\/portal\/wp-content\/uploads\/2014\/09\/Danos-Local.jpg?w=529&amp;ssl=1 529w, https:\/\/i0.wp.com\/eltrabajo.cl\/portal\/wp-content\/uploads\/2014\/09\/Danos-Local.jpg?resize=113%2C150&amp;ssl=1 113w, https:\/\/i0.wp.com\/eltrabajo.cl\/portal\/wp-content\/uploads\/2014\/09\/Danos-Local.jpg?resize=227%2C300&amp;ssl=1 227w, https:\/\/i0.wp.com\/eltrabajo.cl\/portal\/wp-content\/uploads\/2014\/09\/Danos-Local.jpg?resize=400%2C528&amp;ssl=1 400w\" width=\"210\" height=\"277\" loading=\"lazy\" data-original-width=\"210\" data-original-height=\"277\" itemprop=\"http:\/\/schema.org\/image\" title=\"Danos Local\" alt=\"Destrozaron un televisor LCD, mesas, sillas y la puerta de vidrio del cooler, tras la acalorada discusi\u00f3n donde vasos y botellas volaban por los aires.\" style=\"width: 210px; height: 277px;\" \/> <\/a> <div class=\"tiled-gallery-caption\" itemprop=\"caption description\"> Destrozaron un televisor LCD, mesas, sillas y la puerta de vidrio del cooler, tras la acalorada discusi\u00f3n donde vasos y botellas volaban por los aires. <\/div> <\/div> <\/div> <!-- close group --> <div class=\"gallery-group images-1\" style=\"width: 213px; height: 281px;\" data-original-width=\"213\" data-original-height=\"281\" > <div class=\"tiled-gallery-item tiled-gallery-item-small\" itemprop=\"associatedMedia\" itemscope itemtype=\"http:\/\/schema.org\/ImageObject\"> <a href=\"https:\/\/eltrabajo.cl\/portal\/violentos-pandilleros-destruyen-discoteca-y-quedan-impunes\/jose-luis-correa-defensor\/\" border=\"0\" itemprop=\"url\"> <meta itemprop=\"width\" content=\"209\"> <meta itemprop=\"height\" content=\"277\"> <img decoding=\"async\" class=\"\" data-attachment-id=\"50650\" data-orig-file=\"https:\/\/eltrabajo.cl\/portal\/wp-content\/uploads\/2014\/09\/Jose-Luis-Correa-Defensor.jpg\" data-orig-size=\"529,700\" data-comments-opened=\"1\" data-image-meta=\"{&quot;aperture&quot;:&quot;0&quot;,&quot;credit&quot;:&quot;&quot;,&quot;camera&quot;:&quot;&quot;,&quot;caption&quot;:&quot;&quot;,&quot;created_timestamp&quot;:&quot;0&quot;,&quot;copyright&quot;:&quot;&quot;,&quot;focal_length&quot;:&quot;0&quot;,&quot;iso&quot;:&quot;0&quot;,&quot;shutter_speed&quot;:&quot;0&quot;,&quot;title&quot;:&quot;&quot;}\" data-image-title=\"Jose Luis Correa Defensor\" data-image-description=\"&lt;p&gt;Jos\u00e9 Luis Correa, Abogado Defensor P\u00fablico.&lt;\/p&gt; \" data-medium-file=\"https:\/\/i0.wp.com\/eltrabajo.cl\/portal\/wp-content\/uploads\/2014\/09\/Jose-Luis-Correa-Defensor.jpg?fit=226%2C300&#038;ssl=1\" data-large-file=\"https:\/\/i0.wp.com\/eltrabajo.cl\/portal\/wp-content\/uploads\/2014\/09\/Jose-Luis-Correa-Defensor.jpg?fit=529%2C700&#038;ssl=1\" src=\"https:\/\/i0.wp.com\/eltrabajo.cl\/portal\/wp-content\/uploads\/2014\/09\/Jose-Luis-Correa-Defensor.jpg?w=209&#038;h=277&#038;ssl=1\" srcset=\"https:\/\/i0.wp.com\/eltrabajo.cl\/portal\/wp-content\/uploads\/2014\/09\/Jose-Luis-Correa-Defensor.jpg?w=529&amp;ssl=1 529w, https:\/\/i0.wp.com\/eltrabajo.cl\/portal\/wp-content\/uploads\/2014\/09\/Jose-Luis-Correa-Defensor.jpg?resize=113%2C150&amp;ssl=1 113w, https:\/\/i0.wp.com\/eltrabajo.cl\/portal\/wp-content\/uploads\/2014\/09\/Jose-Luis-Correa-Defensor.jpg?resize=226%2C300&amp;ssl=1 226w, https:\/\/i0.wp.com\/eltrabajo.cl\/portal\/wp-content\/uploads\/2014\/09\/Jose-Luis-Correa-Defensor.jpg?resize=400%2C529&amp;ssl=1 400w\" width=\"209\" height=\"277\" loading=\"lazy\" data-original-width=\"209\" data-original-height=\"277\" itemprop=\"http:\/\/schema.org\/image\" title=\"Jose Luis Correa Defensor\" alt=\"Jos\u00e9 Luis Correa, Abogado Defensor P\u00fablico.\" style=\"width: 209px; height: 277px;\" \/> <\/a> <div class=\"tiled-gallery-caption\" itemprop=\"caption description\"> Jos\u00e9 Luis Correa, Abogado Defensor P\u00fablico. <\/div> <\/div> <\/div> <!-- close group --> <div class=\"gallery-group images-1\" style=\"width: 213px; height: 281px;\" data-original-width=\"213\" data-original-height=\"281\" > <div class=\"tiled-gallery-item tiled-gallery-item-small\" itemprop=\"associatedMedia\" itemscope itemtype=\"http:\/\/schema.org\/ImageObject\"> <a href=\"https:\/\/eltrabajo.cl\/portal\/violentos-pandilleros-destruyen-discoteca-y-quedan-impunes\/mayor-del-valle-4\/\" border=\"0\" itemprop=\"url\"> <meta itemprop=\"width\" content=\"209\"> <meta itemprop=\"height\" content=\"277\"> <img decoding=\"async\" class=\"\" data-attachment-id=\"50651\" data-orig-file=\"https:\/\/eltrabajo.cl\/portal\/wp-content\/uploads\/2014\/09\/Mayor-Del-VAlle.jpg\" data-orig-size=\"529,701\" data-comments-opened=\"1\" data-image-meta=\"{&quot;aperture&quot;:&quot;0&quot;,&quot;credit&quot;:&quot;&quot;,&quot;camera&quot;:&quot;&quot;,&quot;caption&quot;:&quot;&quot;,&quot;created_timestamp&quot;:&quot;0&quot;,&quot;copyright&quot;:&quot;&quot;,&quot;focal_length&quot;:&quot;0&quot;,&quot;iso&quot;:&quot;0&quot;,&quot;shutter_speed&quot;:&quot;0&quot;,&quot;title&quot;:&quot;&quot;}\" data-image-title=\"Mayor Del VAlle\" data-image-description=\"&lt;p&gt;Comisario de Carabineros de San Felipe, Mayor V\u00edctor Del Valle.&lt;\/p&gt; \" data-medium-file=\"https:\/\/i0.wp.com\/eltrabajo.cl\/portal\/wp-content\/uploads\/2014\/09\/Mayor-Del-VAlle.jpg?fit=226%2C300&#038;ssl=1\" data-large-file=\"https:\/\/i0.wp.com\/eltrabajo.cl\/portal\/wp-content\/uploads\/2014\/09\/Mayor-Del-VAlle.jpg?fit=529%2C701&#038;ssl=1\" src=\"https:\/\/i0.wp.com\/eltrabajo.cl\/portal\/wp-content\/uploads\/2014\/09\/Mayor-Del-VAlle.jpg?w=209&#038;h=277&#038;ssl=1\" srcset=\"https:\/\/i0.wp.com\/eltrabajo.cl\/portal\/wp-content\/uploads\/2014\/09\/Mayor-Del-VAlle.jpg?w=529&amp;ssl=1 529w, https:\/\/i0.wp.com\/eltrabajo.cl\/portal\/wp-content\/uploads\/2014\/09\/Mayor-Del-VAlle.jpg?resize=113%2C150&amp;ssl=1 113w, https:\/\/i0.wp.com\/eltrabajo.cl\/portal\/wp-content\/uploads\/2014\/09\/Mayor-Del-VAlle.jpg?resize=226%2C300&amp;ssl=1 226w, https:\/\/i0.wp.com\/eltrabajo.cl\/portal\/wp-content\/uploads\/2014\/09\/Mayor-Del-VAlle.jpg?resize=400%2C530&amp;ssl=1 400w\" width=\"209\" height=\"277\" loading=\"lazy\" data-original-width=\"209\" data-original-height=\"277\" itemprop=\"http:\/\/schema.org\/image\" title=\"Mayor Del VAlle\" alt=\"Comisario de Carabineros de San Felipe, Mayor V\u00edctor Del Valle.\" style=\"width: 209px; height: 277px;\" \/> <\/a> <div class=\"tiled-gallery-caption\" itemprop=\"caption description\"> Comisario de Carabineros de San Felipe, Mayor V\u00edctor Del Valle. <\/div> <\/div> <\/div> <!-- close group --> <\/div> <!-- close row --> <\/div>\n","protected":false},"excerpt":{"rendered":"<p>Los da\u00f1os ascienden a un mill\u00f3n de pesos. Dos personas salieron apu\u00f1aladas en abdomen y gl\u00fateos. Fiscal Osvaldo Basso muy molesto con el caso. Ordenan Sumario Administrativo a Carabineros. Rabia e impotencia&#8230;<\/p>\n","protected":false},"author":482,"featured_media":50646,"comment_status":"open","ping_status":"closed","sticky":false,"template":"","format":"standard","meta":{"advanced_seo_description":"","jetpack_seo_html_title":"","jetpack_seo_noindex":false,"_jetpack_memberships_contains_paid_content":false,"footnotes":""},"categories":[21],"tags":[],"class_list":["post-50645","post","type-post","status-publish","format-standard","has-post-thumbnail","hentry","category-policial"],"jetpack_featured_media_url":"https:\/\/i0.wp.com\/eltrabajo.cl\/portal\/wp-content\/uploads\/2014\/09\/Danos-Local-2.jpg?fit=528%2C400&ssl=1","jetpack_sharing_enabled":true,"jetpack_likes_enabled":true,"jetpack-related-posts":[],"_links":{"self":[{"href":"https:\/\/eltrabajo.cl\/portal\/wp-json\/wp\/v2\/posts\/50645","targetHints":{"allow":["GET"]}}],"collection":[{"href":"https:\/\/eltrabajo.cl\/portal\/wp-json\/wp\/v2\/posts"}],"about":[{"href":"https:\/\/eltrabajo.cl\/portal\/wp-json\/wp\/v2\/types\/post"}],"author":[{"embeddable":true,"href":"https:\/\/eltrabajo.cl\/portal\/wp-json\/wp\/v2\/users\/482"}],"replies":[{"embeddable":true,"href":"https:\/\/eltrabajo.cl\/portal\/wp-json\/wp\/v2\/comments?post=50645"}],"version-history":[{"count":0,"href":"https:\/\/eltrabajo.cl\/portal\/wp-json\/wp\/v2\/posts\/50645\/revisions"}],"wp:featuredmedia":[{"embeddable":true,"href":"https:\/\/eltrabajo.cl\/portal\/wp-json\/wp\/v2\/media\/50646"}],"wp:attachment":[{"href":"https:\/\/eltrabajo.cl\/portal\/wp-json\/wp\/v2\/media?parent=50645"}],"wp:term":[{"taxonomy":"category","embeddable":true,"href":"https:\/\/eltrabajo.cl\/portal\/wp-json\/wp\/v2\/categories?post=50645"},{"taxonomy":"post_tag","embeddable":true,"href":"https:\/\/eltrabajo.cl\/portal\/wp-json\/wp\/v2\/tags?post=50645"}],"curies":[{"name":"wp","href":"https:\/\/api.w.org\/{rel}","templated":true}]}}