{"id":50664,"date":"2014-09-03T09:17:43","date_gmt":"2014-09-03T13:17:43","guid":{"rendered":"http:\/\/www.eltrabajo.cl\/portal\/?p=50664"},"modified":"2014-09-03T09:17:43","modified_gmt":"2014-09-03T13:17:43","slug":"estudiantes-acusan-a-profesor-de-llamarlos-publicamente-drogadictos","status":"publish","type":"post","link":"https:\/\/eltrabajo.cl\/portal\/estudiantes-acusan-a-profesor-de-llamarlos-publicamente-drogadictos\/","title":{"rendered":"Estudiantes acusan a profesor de llamarlos p\u00fablicamente \u2018drogadictos\u2019"},"content":{"rendered":"<figure id=\"attachment_50665\" aria-describedby=\"caption-attachment-50665\" style=\"width: 529px\" class=\"wp-caption alignnone\"><a href=\"https:\/\/i0.wp.com\/www.eltrabajo.cl\/portal\/wp-content\/uploads\/2014\/09\/Liceo1.jpg\"><img data-recalc-dims=\"1\" loading=\"lazy\" decoding=\"async\" class=\"size-full wp-image-50665\" alt=\"Una grave situaci\u00f3n que afecta a tres estudiantes del Liceo Manuel Mar\u00edn Fritis, estar\u00eda desarroll\u00e1ndose  en ese centro educativo. \" src=\"https:\/\/i0.wp.com\/www.eltrabajo.cl\/portal\/wp-content\/uploads\/2014\/09\/Liceo1.jpg?resize=529%2C340\" width=\"529\" height=\"340\" srcset=\"https:\/\/i0.wp.com\/eltrabajo.cl\/portal\/wp-content\/uploads\/2014\/09\/Liceo1.jpg?w=529&amp;ssl=1 529w, https:\/\/i0.wp.com\/eltrabajo.cl\/portal\/wp-content\/uploads\/2014\/09\/Liceo1.jpg?resize=200%2C128&amp;ssl=1 200w, https:\/\/i0.wp.com\/eltrabajo.cl\/portal\/wp-content\/uploads\/2014\/09\/Liceo1.jpg?resize=300%2C192&amp;ssl=1 300w, https:\/\/i0.wp.com\/eltrabajo.cl\/portal\/wp-content\/uploads\/2014\/09\/Liceo1.jpg?resize=150%2C96&amp;ssl=1 150w, https:\/\/i0.wp.com\/eltrabajo.cl\/portal\/wp-content\/uploads\/2014\/09\/Liceo1.jpg?resize=400%2C257&amp;ssl=1 400w\" sizes=\"auto, (max-width: 529px) 100vw, 529px\" \/><\/a><figcaption id=\"caption-attachment-50665\" class=\"wp-caption-text\">Una grave situaci\u00f3n que afecta a tres estudiantes del Liceo Manuel Mar\u00edn Fritis, estar\u00eda desarroll\u00e1ndose en ese centro educativo.<\/figcaption><\/figure>\n<p><strong>PUTAENDO.<\/strong>&#8211; Una grave situaci\u00f3n ha afectado a tres estudiantes del Liceo Manuel Mar\u00edn Fritis, por parte de dos profesores, lo que a juicio de los familiares de los estudiantes es un hecho de discriminaci\u00f3n. La informaci\u00f3n obtenida por nuestro medio, que se reuni\u00f3 privadamente con la madre de uno de los menores involucrados y quien por razones obvias ha solicitado reserva de su identidad, de su hijo y de los otros menores, la madre indica que en la \u00faltima reuni\u00f3n de apoderados de uno de los cursos de ense\u00f1anza media, efectuada hace una semana atr\u00e1s, dos profesores sin ning\u00fan tino, y de la forma menos adecuada, se\u00f1alaron delante de todos los padres que hab\u00edan tres estudiantes a los cuales identificaron con nombre y apellido, que eran \u2018drogadictos\u2019.<\/p>\n<p><strong>\u00a0MADRE RECLAMA<\/strong><\/p>\n<p>Esto habr\u00eda obedecido a que en una fiesta, estos tres j\u00f3venes habr\u00edan subido fotos a las redes sociales donde aparec\u00edan consumiendo licor y aparentemente tambi\u00e9n alg\u00fan tipo de droga, espec\u00edficamente marihuana.<\/p>\n<p>La madre de uno de los menores se\u00f1al\u00f3 adem\u00e1s a nuestro medio, que nunca esper\u00f3 que los profesores hicieran esto delante de los dem\u00e1s apoderados, pues, si efectivamente su hijo estaba consumiendo alg\u00fan tipo de droga en una fiesta, y los profesores tomaron conocimiento de eso, lo que ella esperaba es que la hubieran llamado privadamente a un despacho, le hubieran informado lo sucedido y la hubieran ayudado a enfrentar esa situaci\u00f3n, que adem\u00e1s afectaba a otros dos compa\u00f1eros de su hijo, pero que claramente lo que hicieron con su hijo y con los otros dos estudiantes es una discriminaci\u00f3n tremenda, pues hoy ya hay algunos apoderados que incluso han tildado a su hijo como \u2018reventado\u2019 o \u2018metido en las drogas\u2019, lo que dijo no era as\u00ed, pues en el caso de su hijo y de los otros dos estudiantes, mantienen buenas calificaciones y buen comportamiento, y aunque no justifica lo que su hijo hizo, indic\u00f3 que a los j\u00f3venes que por distintos motivos se ven envueltos en el consumo de droga, es importante ayudarlos y no destruirlos, como lo hicieron p\u00fablicamente sin ning\u00fan respeto en una reuni\u00f3n de apoderados.<\/p>\n<p><strong>GRAN MALESTAR<\/strong><\/p>\n<p>El relato de esta mujer fue fundamental para corroborar parte de la informaci\u00f3n que manej\u00e1bamos, la que adem\u00e1s nos se\u00f1al\u00f3 que tanto el director del liceo como el mismo Alcalde Guillermo Reyes, con quienes se reunieron, est\u00e1n sumamente molestos por el actuar de los profesores, que se supone, seg\u00fan indic\u00f3 esta madre, est\u00e1n para educar y orientar a los estudiantes.<\/p>\n<p>Uno de los puntos que m\u00e1s mantiene molesta a esta mujer, es que ambos profesores habr\u00edan insistido en que su hijo hoy no tan s\u00f3lo estar\u00eda probando marihuana a trav\u00e9s del conocido \u2018pito\u2019, sino que estar\u00eda incluso experimentando con drogas m\u00e1s duras, se\u00f1alando que son los profesionales id\u00f3neos como m\u00e9dicos, psiquiatras y a trav\u00e9s de ex\u00e1menes, los que pueden entregar esas aseveraciones, y no un profesor que en este caso rotundamente se equivoc\u00f3 en su rol de querer ense\u00f1ar y apoyar a un estudiante.<\/p>\n<p>Estos tres j\u00f3venes pertenecientes a un curso de ense\u00f1anza media, estar\u00edan incluso no siendo considerados en los denominados paseos o giras de estudio de fin de a\u00f1o, en un hecho que ha causado revuelo e indignaci\u00f3n en la familia de los tres menores y en parte de la comunidad educativa del Liceo Manuel Mar\u00edn Fritis, pues nadie entiende c\u00f3mo dos profesores, quienes deben tener la preparaci\u00f3n id\u00f3nea para manejar estas situaciones, ventilaron en una reuni\u00f3n de apoderados y de la manera menos apropiada, un tema tan sensible que puede afectar a cualquier adolescente, como es el consumo de drogas ocasional o continuo, y que todos los especialistas y entes especializados se\u00f1alan que deben recibir el apoyo necesario y no actitudes como las realizadas por estos dos profesores.<\/p>\n<p>Finalmente la madre de unos de los menores indic\u00f3 que est\u00e1n atentos a qu\u00e9 determinaci\u00f3n tomar\u00e1 el liceo y el Alcalde Guillermo Reyes referente a este tema, y dependiendo del curso que tomen los hechos, ver\u00e1n otras acciones a seguir en conjunto con los otros padres.<\/p>\n<p>Patricio Gallardo M.<\/p>\n<p>&nbsp;<\/p>\n","protected":false},"excerpt":{"rendered":"<p>PUTAENDO.&#8211; Una grave situaci\u00f3n ha afectado a tres estudiantes del Liceo Manuel Mar\u00edn Fritis, por parte de dos profesores, lo que a juicio de los familiares de los estudiantes es un hecho&#8230;<\/p>\n","protected":false},"author":482,"featured_media":50665,"comment_status":"open","ping_status":"closed","sticky":false,"template":"","format":"standard","meta":{"advanced_seo_description":"","jetpack_seo_html_title":"","jetpack_seo_noindex":false,"_jetpack_memberships_contains_paid_content":false,"footnotes":""},"categories":[15],"tags":[],"class_list":["post-50664","post","type-post","status-publish","format-standard","has-post-thumbnail","hentry","category-comunidad"],"jetpack_featured_media_url":"https:\/\/i0.wp.com\/eltrabajo.cl\/portal\/wp-content\/uploads\/2014\/09\/Liceo1.jpg?fit=529%2C340&ssl=1","jetpack_sharing_enabled":true,"jetpack_likes_enabled":true,"jetpack-related-posts":[],"_links":{"self":[{"href":"https:\/\/eltrabajo.cl\/portal\/wp-json\/wp\/v2\/posts\/50664","targetHints":{"allow":["GET"]}}],"collection":[{"href":"https:\/\/eltrabajo.cl\/portal\/wp-json\/wp\/v2\/posts"}],"about":[{"href":"https:\/\/eltrabajo.cl\/portal\/wp-json\/wp\/v2\/types\/post"}],"author":[{"embeddable":true,"href":"https:\/\/eltrabajo.cl\/portal\/wp-json\/wp\/v2\/users\/482"}],"replies":[{"embeddable":true,"href":"https:\/\/eltrabajo.cl\/portal\/wp-json\/wp\/v2\/comments?post=50664"}],"version-history":[{"count":0,"href":"https:\/\/eltrabajo.cl\/portal\/wp-json\/wp\/v2\/posts\/50664\/revisions"}],"wp:featuredmedia":[{"embeddable":true,"href":"https:\/\/eltrabajo.cl\/portal\/wp-json\/wp\/v2\/media\/50665"}],"wp:attachment":[{"href":"https:\/\/eltrabajo.cl\/portal\/wp-json\/wp\/v2\/media?parent=50664"}],"wp:term":[{"taxonomy":"category","embeddable":true,"href":"https:\/\/eltrabajo.cl\/portal\/wp-json\/wp\/v2\/categories?post=50664"},{"taxonomy":"post_tag","embeddable":true,"href":"https:\/\/eltrabajo.cl\/portal\/wp-json\/wp\/v2\/tags?post=50664"}],"curies":[{"name":"wp","href":"https:\/\/api.w.org\/{rel}","templated":true}]}}