{"id":5067,"date":"2011-10-21T08:20:50","date_gmt":"2011-10-21T12:20:50","guid":{"rendered":"http:\/\/www.eltrabajo.cl\/portal\/?p=5067"},"modified":"2011-10-21T08:20:51","modified_gmt":"2011-10-21T12:20:51","slug":"organizaciones-de-las-coimas-ya-preparan-proxima-teleton-en-el-sector","status":"publish","type":"post","link":"https:\/\/eltrabajo.cl\/portal\/organizaciones-de-las-coimas-ya-preparan-proxima-teleton-en-el-sector\/","title":{"rendered":"Organizaciones de Las Coimas ya preparan pr\u00f3xima Telet\u00f3n en el sector"},"content":{"rendered":"<figure id=\"attachment_5068\" aria-describedby=\"caption-attachment-5068\" style=\"width: 600px\" class=\"wp-caption alignnone\"><a href=\"http:\/\/www.eltrabajo.cl\/portal\/archives\/5067\/dirigentes-de-las-coimas-junta-de-vecinos-capilla-adulto-mayor-comiteadelantocentro-madres-centro-juvenil-oratorio-taller-femenino\" rel=\"attachment wp-att-5068\"><img data-recalc-dims=\"1\" loading=\"lazy\" decoding=\"async\" class=\"size-full wp-image-5068\" title=\"dirigentes de las coimas - junta de vecinos, capilla, adulto mayor, comiteadelanto,centro madres, centro juvenil, oratorio, taller femenino\" src=\"https:\/\/i0.wp.com\/www.eltrabajo.cl\/portal\/wp-content\/uploads\/2011\/10\/dirigentes-de-las-coimas-junta-de-vecinos-capilla-adulto-mayor-comiteadelantocentro-madres-centro-juvenil-oratorio-taller-femenino.jpg?resize=600%2C499\" alt=\"\" width=\"600\" height=\"499\" srcset=\"https:\/\/i0.wp.com\/eltrabajo.cl\/portal\/wp-content\/uploads\/2011\/10\/dirigentes-de-las-coimas-junta-de-vecinos-capilla-adulto-mayor-comiteadelantocentro-madres-centro-juvenil-oratorio-taller-femenino.jpg?w=600&amp;ssl=1 600w, https:\/\/i0.wp.com\/eltrabajo.cl\/portal\/wp-content\/uploads\/2011\/10\/dirigentes-de-las-coimas-junta-de-vecinos-capilla-adulto-mayor-comiteadelantocentro-madres-centro-juvenil-oratorio-taller-femenino.jpg?resize=180%2C150&amp;ssl=1 180w, https:\/\/i0.wp.com\/eltrabajo.cl\/portal\/wp-content\/uploads\/2011\/10\/dirigentes-de-las-coimas-junta-de-vecinos-capilla-adulto-mayor-comiteadelantocentro-madres-centro-juvenil-oratorio-taller-femenino.jpg?resize=300%2C249&amp;ssl=1 300w, https:\/\/i0.wp.com\/eltrabajo.cl\/portal\/wp-content\/uploads\/2011\/10\/dirigentes-de-las-coimas-junta-de-vecinos-capilla-adulto-mayor-comiteadelantocentro-madres-centro-juvenil-oratorio-taller-femenino.jpg?resize=150%2C124&amp;ssl=1 150w, https:\/\/i0.wp.com\/eltrabajo.cl\/portal\/wp-content\/uploads\/2011\/10\/dirigentes-de-las-coimas-junta-de-vecinos-capilla-adulto-mayor-comiteadelantocentro-madres-centro-juvenil-oratorio-taller-femenino.jpg?resize=400%2C332&amp;ssl=1 400w\" sizes=\"auto, (max-width: 600px) 100vw, 600px\" \/><\/a><figcaption id=\"caption-attachment-5068\" class=\"wp-caption-text\">Los representantes de las distintas organizaciones del sector de Las Coimas se encuentran realizando oficialmente las actividades participativas de la pr\u00f3xima Telet\u00f3n.<\/figcaption><\/figure>\n<p><strong>PUTAENDO.-<\/strong> M\u00e1s de quince organizaciones del sector de Las Coimas, unidos en el proyecto denominado \u201cLas Coimas un solo Coraz\u00f3n\u201d, comenzaron oficialmente las actividades participativas de la pr\u00f3xima Telet\u00f3n a nivel nacional.<\/p>\n<p>La ma\u00f1ana de este mi\u00e9rcoles los dirigentes Roberto Leiva, Fernanda Vega, Margarita Zamora, Anette Zamora, Osvaldo Fern\u00e1ndez, Jaqueline Mora, Hilda Zamora, Marisel Rozas y Javier Zamora, nos visitaron para contarnos que un total de quince instituciones de Las Coimas se han organizado para comenzar a partir de este viernes y s\u00e1bado con un baby f\u00fatbol masculino y femenino, las actividades de recolecci\u00f3n de dinero para la pr\u00f3xima Telet\u00f3n que se desarrollar\u00e1 los primeros d\u00edas de diciembre.<\/p>\n<p>Los dirigentes adelantaron que dentro del sinn\u00famero de actividades que desarrollar\u00e1n, se prepara una carrera de Fiat 600 en el Aut\u00f3dromo de Las Coimas y una extensa jornada durante los d\u00edas de la Telet\u00f3n para lograr superar la meta del a\u00f1o reci\u00e9n pasado, donde la localidad de Las Coimas alcanz\u00f3 la suma de $2.272.051, habiendo marcado la diferencia en la comuna de Putaendo en las \u00faltimas teletones por -m\u00e1s all\u00e1 del dinero important\u00edsimo que recaudan- la uni\u00f3n de tantas organizaciones de ese sector que dan vida a una de las mejores teletones que es organizada \u00edntegramente por los dirigentes de ese lugar, encabezados por Javier Zamora, quien ya tiene coordinaci\u00f3n a nivel nacional con la Comisi\u00f3n Telet\u00f3n que est\u00e1 apoyando decididamente esta importante iniciativa.<\/p>\n<p>Las instituciones que se han organizado para esta iniciativa son: Club Deportivo O\u00b4Higgins, Junta de Vecinos Los Manantiales, Junta de Vecinos N\u00ba1, La Capilla Arc\u00e1ngel San Miguel, Capilla Santa Filomena, Club de Adulto Mayor San Miguel Arc\u00e1ngel, Comit\u00e9 de Adelanto La Palma, Centro de Madres N\u00ba1 Las Coimas, Taller Femenino Manantial, Oratorio Virgen del Carmen, Centro Juvenil Fuerza Joven de Las Coimas, Jard\u00edn Infantil, Colegio Mar\u00eda Leiva, Junta de Vecinos Calle Larga y Comit\u00e9 San Mart\u00edn de Las Coimas.<\/p>\n<p><strong>Patricio Gallardo M.<\/strong><\/p>\n","protected":false},"excerpt":{"rendered":"<p>PUTAENDO.- M\u00e1s de quince organizaciones del sector de Las Coimas, unidos en el proyecto denominado \u201cLas Coimas un solo Coraz\u00f3n\u201d, comenzaron oficialmente las actividades participativas de la pr\u00f3xima Telet\u00f3n a nivel nacional&#8230;.<\/p>\n","protected":false},"author":482,"featured_media":5068,"comment_status":"open","ping_status":"open","sticky":false,"template":"","format":"standard","meta":{"advanced_seo_description":"","jetpack_seo_html_title":"","jetpack_seo_noindex":false,"_jetpack_memberships_contains_paid_content":false,"footnotes":""},"categories":[1],"tags":[],"class_list":["post-5067","post","type-post","status-publish","format-standard","has-post-thumbnail","hentry","category-cronica"],"jetpack_featured_media_url":"https:\/\/i0.wp.com\/eltrabajo.cl\/portal\/wp-content\/uploads\/2011\/10\/dirigentes-de-las-coimas-junta-de-vecinos-capilla-adulto-mayor-comiteadelantocentro-madres-centro-juvenil-oratorio-taller-femenino.jpg?fit=600%2C499&ssl=1","jetpack_sharing_enabled":true,"jetpack_likes_enabled":true,"jetpack-related-posts":[],"_links":{"self":[{"href":"https:\/\/eltrabajo.cl\/portal\/wp-json\/wp\/v2\/posts\/5067","targetHints":{"allow":["GET"]}}],"collection":[{"href":"https:\/\/eltrabajo.cl\/portal\/wp-json\/wp\/v2\/posts"}],"about":[{"href":"https:\/\/eltrabajo.cl\/portal\/wp-json\/wp\/v2\/types\/post"}],"author":[{"embeddable":true,"href":"https:\/\/eltrabajo.cl\/portal\/wp-json\/wp\/v2\/users\/482"}],"replies":[{"embeddable":true,"href":"https:\/\/eltrabajo.cl\/portal\/wp-json\/wp\/v2\/comments?post=5067"}],"version-history":[{"count":0,"href":"https:\/\/eltrabajo.cl\/portal\/wp-json\/wp\/v2\/posts\/5067\/revisions"}],"wp:featuredmedia":[{"embeddable":true,"href":"https:\/\/eltrabajo.cl\/portal\/wp-json\/wp\/v2\/media\/5068"}],"wp:attachment":[{"href":"https:\/\/eltrabajo.cl\/portal\/wp-json\/wp\/v2\/media?parent=5067"}],"wp:term":[{"taxonomy":"category","embeddable":true,"href":"https:\/\/eltrabajo.cl\/portal\/wp-json\/wp\/v2\/categories?post=5067"},{"taxonomy":"post_tag","embeddable":true,"href":"https:\/\/eltrabajo.cl\/portal\/wp-json\/wp\/v2\/tags?post=5067"}],"curies":[{"name":"wp","href":"https:\/\/api.w.org\/{rel}","templated":true}]}}