{"id":50671,"date":"2014-09-03T09:23:35","date_gmt":"2014-09-03T13:23:35","guid":{"rendered":"http:\/\/www.eltrabajo.cl\/portal\/?p=50671"},"modified":"2014-09-03T09:23:35","modified_gmt":"2014-09-03T13:23:35","slug":"funcionarios-del-cesfam-celebran-el-dia-de-la-atencion-primaria","status":"publish","type":"post","link":"https:\/\/eltrabajo.cl\/portal\/funcionarios-del-cesfam-celebran-el-dia-de-la-atencion-primaria\/","title":{"rendered":"Funcionarios del Cesfam celebran el D\u00eda de la Atenci\u00f3n primaria"},"content":{"rendered":"<figure id=\"attachment_50672\" aria-describedby=\"caption-attachment-50672\" style=\"width: 370px\" class=\"wp-caption alignleft\"><a href=\"https:\/\/i0.wp.com\/www.eltrabajo.cl\/portal\/wp-content\/uploads\/2014\/09\/Hulk1.jpg\"><img data-recalc-dims=\"1\" loading=\"lazy\" decoding=\"async\" class=\" wp-image-50672 \" alt=\"Personajes como Hulk estuvieron interpretados por funcionarios del Cesfam de Putaendo en esta actividad.\" src=\"https:\/\/i0.wp.com\/www.eltrabajo.cl\/portal\/wp-content\/uploads\/2014\/09\/Hulk1.jpg?resize=370%2C251\" width=\"370\" height=\"251\" srcset=\"https:\/\/i0.wp.com\/eltrabajo.cl\/portal\/wp-content\/uploads\/2014\/09\/Hulk1.jpg?w=529&amp;ssl=1 529w, https:\/\/i0.wp.com\/eltrabajo.cl\/portal\/wp-content\/uploads\/2014\/09\/Hulk1.jpg?resize=200%2C135&amp;ssl=1 200w, https:\/\/i0.wp.com\/eltrabajo.cl\/portal\/wp-content\/uploads\/2014\/09\/Hulk1.jpg?resize=300%2C203&amp;ssl=1 300w, https:\/\/i0.wp.com\/eltrabajo.cl\/portal\/wp-content\/uploads\/2014\/09\/Hulk1.jpg?resize=150%2C101&amp;ssl=1 150w, https:\/\/i0.wp.com\/eltrabajo.cl\/portal\/wp-content\/uploads\/2014\/09\/Hulk1.jpg?resize=400%2C270&amp;ssl=1 400w\" sizes=\"auto, (max-width: 370px) 100vw, 370px\" \/><\/a><figcaption id=\"caption-attachment-50672\" class=\"wp-caption-text\">Personajes como Hulk estuvieron interpretados por funcionarios del Cesfam de Putaendo en esta actividad.<\/figcaption><\/figure>\n<p><strong>PUTAENDO<\/strong>.- Con diversas actividades de tipo recreativas, el personal dependiente del Cesfam Valle Los Libertadores se encuentra celebrando con mucho entusiasmo el D\u00eda de la Atenci\u00f3n primaria. La directora de esta entidad, la Enfermera Mireya Ponce, dijo que este d\u00eda se celebra todos los a\u00f1os, pero que en esta ocasi\u00f3n se ha celebrado de una manera especial involucrando a todos los funcionarios del Cesfam, incluido el personal que se desempe\u00f1a en las postas.<\/p>\n<figure id=\"attachment_50674\" aria-describedby=\"caption-attachment-50674\" style=\"width: 317px\" class=\"wp-caption alignright\"><a href=\"https:\/\/i0.wp.com\/www.eltrabajo.cl\/portal\/wp-content\/uploads\/2014\/09\/Pirata11.jpg\"><img data-recalc-dims=\"1\" loading=\"lazy\" decoding=\"async\" class=\" wp-image-50674 \" alt=\"Este pirata intimid\u00f3 a los presentes con su espada durante la fiesta.\" src=\"https:\/\/i0.wp.com\/www.eltrabajo.cl\/portal\/wp-content\/uploads\/2014\/09\/Pirata11.jpg?resize=317%2C369\" width=\"317\" height=\"369\" srcset=\"https:\/\/i0.wp.com\/eltrabajo.cl\/portal\/wp-content\/uploads\/2014\/09\/Pirata11.jpg?w=529&amp;ssl=1 529w, https:\/\/i0.wp.com\/eltrabajo.cl\/portal\/wp-content\/uploads\/2014\/09\/Pirata11.jpg?resize=129%2C150&amp;ssl=1 129w, https:\/\/i0.wp.com\/eltrabajo.cl\/portal\/wp-content\/uploads\/2014\/09\/Pirata11.jpg?resize=258%2C300&amp;ssl=1 258w, https:\/\/i0.wp.com\/eltrabajo.cl\/portal\/wp-content\/uploads\/2014\/09\/Pirata11.jpg?resize=400%2C465&amp;ssl=1 400w\" sizes=\"auto, (max-width: 317px) 100vw, 317px\" \/><\/a><figcaption id=\"caption-attachment-50674\" class=\"wp-caption-text\">Este pirata intimid\u00f3 a los presentes con su espada durante la fiesta.<\/figcaption><\/figure>\n<p>En este sentido, Ponce indic\u00f3 que las celebraciones comenzaron el viernes pasado con juegos, concursos, continuaron este lunes con presentaciones art\u00edsticas y se extender\u00e1n durante toda esta semana, finalizando el pr\u00f3ximo viernes 5 con un almuerzo de camarader\u00eda con todos los funcionarios del Cesfam.<\/p>\n<p>La funcionaria adem\u00e1s asegur\u00f3 que este tipo de actividades permiten mejorar las relaciones laborales, profesionales y por cierto demuestran la creatividad y el gran entusiasmo de todos los funcionarios que cumplen una importante y esforzada labor, por lo que pidi\u00f3 a la comunidad comprensi\u00f3n por esta celebraci\u00f3n que ha originado que por ejemplo, hasta el d\u00eda jueves se atienda solo hasta las 17:00 horas, y el pr\u00f3ximo viernes 5 habr\u00e1 atenci\u00f3n s\u00f3lo hasta las 11:00 horas, con la correspondiente autorizaci\u00f3n del Alcalde Reyes.<\/p>\n<p>En horas de la tarde de este lunes, las alianzas azul, verde y roja, presentaron entretenidos cuadros, donde estuvo de jurado la directora del Cesfam, la Directora del Hospital San Antonio, la Enfermera Massiel Bruna, y el Administrador Municipal, Fabi\u00e1n Mu\u00f1oz.<\/p>\n<p>Patricio Gallardo M.<\/p>\n<p>&nbsp;<\/p>\n","protected":false},"excerpt":{"rendered":"<p>PUTAENDO.- Con diversas actividades de tipo recreativas, el personal dependiente del Cesfam Valle Los Libertadores se encuentra celebrando con mucho entusiasmo el D\u00eda de la Atenci\u00f3n primaria. La directora de esta entidad,&#8230;<\/p>\n","protected":false},"author":482,"featured_media":50672,"comment_status":"open","ping_status":"closed","sticky":false,"template":"","format":"standard","meta":{"advanced_seo_description":"","jetpack_seo_html_title":"","jetpack_seo_noindex":false,"_jetpack_memberships_contains_paid_content":false,"footnotes":""},"categories":[15],"tags":[],"class_list":["post-50671","post","type-post","status-publish","format-standard","has-post-thumbnail","hentry","category-comunidad"],"jetpack_featured_media_url":"https:\/\/i0.wp.com\/eltrabajo.cl\/portal\/wp-content\/uploads\/2014\/09\/Hulk1.jpg?fit=529%2C358&ssl=1","jetpack_sharing_enabled":true,"jetpack_likes_enabled":true,"jetpack-related-posts":[],"_links":{"self":[{"href":"https:\/\/eltrabajo.cl\/portal\/wp-json\/wp\/v2\/posts\/50671","targetHints":{"allow":["GET"]}}],"collection":[{"href":"https:\/\/eltrabajo.cl\/portal\/wp-json\/wp\/v2\/posts"}],"about":[{"href":"https:\/\/eltrabajo.cl\/portal\/wp-json\/wp\/v2\/types\/post"}],"author":[{"embeddable":true,"href":"https:\/\/eltrabajo.cl\/portal\/wp-json\/wp\/v2\/users\/482"}],"replies":[{"embeddable":true,"href":"https:\/\/eltrabajo.cl\/portal\/wp-json\/wp\/v2\/comments?post=50671"}],"version-history":[{"count":0,"href":"https:\/\/eltrabajo.cl\/portal\/wp-json\/wp\/v2\/posts\/50671\/revisions"}],"wp:featuredmedia":[{"embeddable":true,"href":"https:\/\/eltrabajo.cl\/portal\/wp-json\/wp\/v2\/media\/50672"}],"wp:attachment":[{"href":"https:\/\/eltrabajo.cl\/portal\/wp-json\/wp\/v2\/media?parent=50671"}],"wp:term":[{"taxonomy":"category","embeddable":true,"href":"https:\/\/eltrabajo.cl\/portal\/wp-json\/wp\/v2\/categories?post=50671"},{"taxonomy":"post_tag","embeddable":true,"href":"https:\/\/eltrabajo.cl\/portal\/wp-json\/wp\/v2\/tags?post=50671"}],"curies":[{"name":"wp","href":"https:\/\/api.w.org\/{rel}","templated":true}]}}