{"id":50687,"date":"2014-09-03T09:32:00","date_gmt":"2014-09-03T13:32:00","guid":{"rendered":"http:\/\/www.eltrabajo.cl\/portal\/?p=50687"},"modified":"2014-09-03T09:32:00","modified_gmt":"2014-09-03T13:32:00","slug":"inauguran-remodelada-plaza-de-armas-para-los-santamarianos","status":"publish","type":"post","link":"https:\/\/eltrabajo.cl\/portal\/inauguran-remodelada-plaza-de-armas-para-los-santamarianos\/","title":{"rendered":"Inauguran remodelada Plaza de Armas para los santamarianos"},"content":{"rendered":"<figure id=\"attachment_50688\" aria-describedby=\"caption-attachment-50688\" style=\"width: 528px\" class=\"wp-caption alignnone\"><a href=\"https:\/\/i0.wp.com\/www.eltrabajo.cl\/portal\/wp-content\/uploads\/2014\/09\/Masiva1.jpg\"><img data-recalc-dims=\"1\" loading=\"lazy\" decoding=\"async\" class=\"size-full wp-image-50688\" alt=\"Las obras de mejoramiento de la Plaza de Armas alcanzaron  una inversi\u00f3n cercana a los $700 millones, y en su desarrollo fue fundamental la opini\u00f3n de la comunidad para definir diferentes aspectos relacionados principalmente con el dise\u00f1o.\" src=\"https:\/\/i0.wp.com\/www.eltrabajo.cl\/portal\/wp-content\/uploads\/2014\/09\/Masiva1.jpg?resize=528%2C358\" width=\"528\" height=\"358\" srcset=\"https:\/\/i0.wp.com\/eltrabajo.cl\/portal\/wp-content\/uploads\/2014\/09\/Masiva1.jpg?w=528&amp;ssl=1 528w, https:\/\/i0.wp.com\/eltrabajo.cl\/portal\/wp-content\/uploads\/2014\/09\/Masiva1.jpg?resize=200%2C135&amp;ssl=1 200w, https:\/\/i0.wp.com\/eltrabajo.cl\/portal\/wp-content\/uploads\/2014\/09\/Masiva1.jpg?resize=300%2C203&amp;ssl=1 300w, https:\/\/i0.wp.com\/eltrabajo.cl\/portal\/wp-content\/uploads\/2014\/09\/Masiva1.jpg?resize=150%2C101&amp;ssl=1 150w, https:\/\/i0.wp.com\/eltrabajo.cl\/portal\/wp-content\/uploads\/2014\/09\/Masiva1.jpg?resize=400%2C271&amp;ssl=1 400w\" sizes=\"auto, (max-width: 528px) 100vw, 528px\" \/><\/a><figcaption id=\"caption-attachment-50688\" class=\"wp-caption-text\">Las obras de mejoramiento de la Plaza de Armas alcanzaron una inversi\u00f3n cercana a los $700 millones, y en su desarrollo fue fundamental la opini\u00f3n de la comunidad para definir diferentes aspectos relacionados principalmente con el dise\u00f1o.<\/figcaption><\/figure>\n<p><strong>SANTA MAR\u00cdA.<\/strong>&#8211; Una gran celebraci\u00f3n se vivi\u00f3 en la comuna de Santa Mar\u00eda el pasado fin de semana, cuando se inauguraron las obras de remodelaci\u00f3n de la Plaza de Armas de esa localidad. La Ministra de Vivienda, Paulina Saball, encabez\u00f3 la ceremonia de inauguraci\u00f3n de los trabajos ejecutados en el marco del Programa de Recuperaci\u00f3n de Espacios P\u00fablicos del Ministerio de Vivienda y Urbanismo. El evento cont\u00f3 adem\u00e1s con la presencia del Intendente Regional, Ricardo Bravo, del Gobernador de San Felipe Eduardo Le\u00f3n y de directores regionales de diferentes organismos, entre otros distinguidos invitados.<\/p>\n<p>Una gran cantidad de p\u00fablico pudo disfrutar de una impecable ceremonia que incluy\u00f3, la presentaci\u00f3n de la Orquesta Juvenil e Infantil de Santa Mar\u00eda; del Grupo Ensamble Latinoamericano y de los cuatro grupos folcl\u00f3ricos activos en la comuna. Luego de los discursos protocolares de las m\u00e1ximas autoridades presentes, el Sacerdote Claudio Acevedo procedi\u00f3 con el acto de bendici\u00f3n, para posteriormente dar paso al corte de cinta tradicional.<\/p>\n<p>La Ministra Saball se\u00f1al\u00f3 que \u201cac\u00e1 no hemos hecho una plaza nueva, sino que hemos conservado esta plaza que tiene m\u00e1s de 100 a\u00f1os de historia, donde muchos de los habitantes han acumulado recuerdos, han pasado sus momentos importantes y que hoy recuperamos y rehabilitamos, mejorando sus pavimentos y generando la posibilidad de que quienes sufren alg\u00fan tipo de discapacidad f\u00edsica puedan disfrutar de ella tambi\u00e9n, con espacios para los adultos mayores, ni\u00f1os, ni\u00f1as y j\u00f3venes\u201d.<\/p>\n<p>Por su parte el Alcalde Claudio Zurita Ibarra, sostuvo que \u201clo m\u00e1s importante es que este proyecto fue definido junto a los vecinos y vecinos y de verdad me siento muy contento, pues hasta hoy no he escuchado ninguna opini\u00f3n adversa. La plaza qued\u00f3 realmente hermosa, amplia y acogedora, consideramos algunas zonas para que los discapacitados se puedan desplazar, recuperamos su hist\u00f3rico ode\u00f3n, mantuvimos la p\u00e9rgola que tantos romances vio nacer, protegimos la flora y mejoramos sus \u00e1reas verdes, tambi\u00e9n tiene mucha iluminaci\u00f3n con una mayor visibilidad, lo que la hace m\u00e1s amistosa y segura. Agradezco al Ministerio de Vivienda y Urbanismo, a los funcionarios municipales, el apoyo del concejo municipal que hoy estuvo en pleno, pero principalmente a cada uno de los vecinos y vecinos por ser part\u00edcipe de esta obra, de este sue\u00f1o que hoy se hizo realidad\u201d, coment\u00f3 Zurita.<\/p>\n<div class=\"tiled-gallery type-rectangular tiled-gallery-unresized\" data-original-width=\"640\" data-carousel-extra='null' itemscope itemtype=\"http:\/\/schema.org\/ImageGallery\" > <div class=\"gallery-row\" style=\"width: 640px; height: 218px;\" data-original-width=\"640\" data-original-height=\"218\" > <div class=\"gallery-group images-1\" style=\"width: 320px; height: 218px;\" data-original-width=\"320\" data-original-height=\"218\" > <div class=\"tiled-gallery-item tiled-gallery-item-large\" itemprop=\"associatedMedia\" itemscope itemtype=\"http:\/\/schema.org\/ImageObject\"> <a href=\"https:\/\/eltrabajo.cl\/portal\/inauguran-remodelada-plaza-de-armas-para-los-santamarianos\/cinta2\/\" border=\"0\" itemprop=\"url\"> <meta itemprop=\"width\" content=\"316\"> <meta itemprop=\"height\" content=\"214\"> <img decoding=\"async\" class=\"\" data-attachment-id=\"50689\" data-orig-file=\"https:\/\/eltrabajo.cl\/portal\/wp-content\/uploads\/2014\/09\/Cinta2.jpg\" data-orig-size=\"528,358\" data-comments-opened=\"1\" data-image-meta=\"{&quot;aperture&quot;:&quot;0&quot;,&quot;credit&quot;:&quot;&quot;,&quot;camera&quot;:&quot;&quot;,&quot;caption&quot;:&quot;&quot;,&quot;created_timestamp&quot;:&quot;0&quot;,&quot;copyright&quot;:&quot;&quot;,&quot;focal_length&quot;:&quot;0&quot;,&quot;iso&quot;:&quot;0&quot;,&quot;shutter_speed&quot;:&quot;0&quot;,&quot;title&quot;:&quot;&quot;}\" data-image-title=\"Cinta2\" data-image-description=\"&lt;p&gt;Una gran cantidad de p\u00fablico pudo disfrutar de una impecable ceremonia que incluy\u00f3, la presentaci\u00f3n de la Orquesta Juvenil e Infantil de Santa Mar\u00eda; del Grupo Ensamble Latinoamericano y de los cuatro grupos folcl\u00f3ricos activos en la comuna.&lt;\/p&gt; \" data-medium-file=\"https:\/\/i0.wp.com\/eltrabajo.cl\/portal\/wp-content\/uploads\/2014\/09\/Cinta2.jpg?fit=300%2C203&#038;ssl=1\" data-large-file=\"https:\/\/i0.wp.com\/eltrabajo.cl\/portal\/wp-content\/uploads\/2014\/09\/Cinta2.jpg?fit=528%2C358&#038;ssl=1\" src=\"https:\/\/i0.wp.com\/eltrabajo.cl\/portal\/wp-content\/uploads\/2014\/09\/Cinta2.jpg?w=316&#038;h=214&#038;ssl=1\" srcset=\"https:\/\/i0.wp.com\/eltrabajo.cl\/portal\/wp-content\/uploads\/2014\/09\/Cinta2.jpg?w=528&amp;ssl=1 528w, https:\/\/i0.wp.com\/eltrabajo.cl\/portal\/wp-content\/uploads\/2014\/09\/Cinta2.jpg?resize=200%2C135&amp;ssl=1 200w, https:\/\/i0.wp.com\/eltrabajo.cl\/portal\/wp-content\/uploads\/2014\/09\/Cinta2.jpg?resize=300%2C203&amp;ssl=1 300w, https:\/\/i0.wp.com\/eltrabajo.cl\/portal\/wp-content\/uploads\/2014\/09\/Cinta2.jpg?resize=150%2C101&amp;ssl=1 150w, https:\/\/i0.wp.com\/eltrabajo.cl\/portal\/wp-content\/uploads\/2014\/09\/Cinta2.jpg?resize=400%2C271&amp;ssl=1 400w\" width=\"316\" height=\"214\" loading=\"lazy\" data-original-width=\"316\" data-original-height=\"214\" itemprop=\"http:\/\/schema.org\/image\" title=\"Cinta2\" alt=\"Una gran cantidad de p\u00fablico pudo disfrutar de una impecable ceremonia que incluy\u00f3, la presentaci\u00f3n de la Orquesta Juvenil e Infantil de Santa Mar\u00eda; del Grupo Ensamble Latinoamericano y de los cuatro grupos folcl\u00f3ricos activos en la comuna.\" style=\"width: 316px; height: 214px;\" \/> <\/a> <div class=\"tiled-gallery-caption\" itemprop=\"caption description\"> Una gran cantidad de p\u00fablico pudo disfrutar de una impecable ceremonia que incluy\u00f3, la presentaci\u00f3n de la Orquesta Juvenil e Infantil de Santa Mar\u00eda; del Grupo Ensamble Latinoamericano y de los cuatro grupos folcl\u00f3ricos activos en la comuna. <\/div> <\/div> <\/div> <!-- close group --> <div class=\"gallery-group images-1\" style=\"width: 320px; height: 218px;\" data-original-width=\"320\" data-original-height=\"218\" > <div class=\"tiled-gallery-item tiled-gallery-item-large\" itemprop=\"associatedMedia\" itemscope itemtype=\"http:\/\/schema.org\/ImageObject\"> <a href=\"https:\/\/eltrabajo.cl\/portal\/inauguran-remodelada-plaza-de-armas-para-los-santamarianos\/ministra1-3\/\" border=\"0\" itemprop=\"url\"> <meta itemprop=\"width\" content=\"316\"> <meta itemprop=\"height\" content=\"214\"> <img decoding=\"async\" class=\"\" data-attachment-id=\"50690\" data-orig-file=\"https:\/\/eltrabajo.cl\/portal\/wp-content\/uploads\/2014\/09\/Ministra1.jpg\" data-orig-size=\"529,358\" data-comments-opened=\"1\" data-image-meta=\"{&quot;aperture&quot;:&quot;0&quot;,&quot;credit&quot;:&quot;&quot;,&quot;camera&quot;:&quot;&quot;,&quot;caption&quot;:&quot;&quot;,&quot;created_timestamp&quot;:&quot;0&quot;,&quot;copyright&quot;:&quot;&quot;,&quot;focal_length&quot;:&quot;0&quot;,&quot;iso&quot;:&quot;0&quot;,&quot;shutter_speed&quot;:&quot;0&quot;,&quot;title&quot;:&quot;&quot;}\" data-image-title=\"Ministra1\" data-image-description=\"&lt;p&gt;Al lado del Alcalde Claudio Zurita, la Ministra de Vivienda, Paulina Saball, encabez\u00f3 la ceremonia de inauguraci\u00f3n de los trabajos ejecutados en el marco del Programa de Recuperaci\u00f3n de Espacios P\u00fablicos del Ministerio de Vivienda y Urbanismo.&lt;\/p&gt; \" data-medium-file=\"https:\/\/i0.wp.com\/eltrabajo.cl\/portal\/wp-content\/uploads\/2014\/09\/Ministra1.jpg?fit=300%2C203&#038;ssl=1\" data-large-file=\"https:\/\/i0.wp.com\/eltrabajo.cl\/portal\/wp-content\/uploads\/2014\/09\/Ministra1.jpg?fit=529%2C358&#038;ssl=1\" src=\"https:\/\/i0.wp.com\/eltrabajo.cl\/portal\/wp-content\/uploads\/2014\/09\/Ministra1.jpg?w=316&#038;h=214&#038;ssl=1\" srcset=\"https:\/\/i0.wp.com\/eltrabajo.cl\/portal\/wp-content\/uploads\/2014\/09\/Ministra1.jpg?w=529&amp;ssl=1 529w, https:\/\/i0.wp.com\/eltrabajo.cl\/portal\/wp-content\/uploads\/2014\/09\/Ministra1.jpg?resize=200%2C135&amp;ssl=1 200w, https:\/\/i0.wp.com\/eltrabajo.cl\/portal\/wp-content\/uploads\/2014\/09\/Ministra1.jpg?resize=300%2C203&amp;ssl=1 300w, https:\/\/i0.wp.com\/eltrabajo.cl\/portal\/wp-content\/uploads\/2014\/09\/Ministra1.jpg?resize=150%2C101&amp;ssl=1 150w, https:\/\/i0.wp.com\/eltrabajo.cl\/portal\/wp-content\/uploads\/2014\/09\/Ministra1.jpg?resize=400%2C270&amp;ssl=1 400w\" width=\"316\" height=\"214\" loading=\"lazy\" data-original-width=\"316\" data-original-height=\"214\" itemprop=\"http:\/\/schema.org\/image\" title=\"Ministra1\" alt=\"Al lado del Alcalde Claudio Zurita, la Ministra de Vivienda, Paulina Saball, encabez\u00f3 la ceremonia de inauguraci\u00f3n de los trabajos ejecutados en el marco del Programa de Recuperaci\u00f3n de Espacios P\u00fablicos del Ministerio de Vivienda y Urbanismo.\" style=\"width: 316px; height: 214px;\" \/> <\/a> <div class=\"tiled-gallery-caption\" itemprop=\"caption description\"> Al lado del Alcalde Claudio Zurita, la Ministra de Vivienda, Paulina Saball, encabez\u00f3 la ceremonia de inauguraci\u00f3n de los trabajos ejecutados en el marco del Programa de Recuperaci\u00f3n de Espacios P\u00fablicos del Ministerio de Vivienda y Urbanismo. <\/div> <\/div> <\/div> <!-- close group --> <\/div> <!-- close row --> <\/div>\n<p>&nbsp;<\/p>\n","protected":false},"excerpt":{"rendered":"<p>SANTA MAR\u00cdA.&#8211; Una gran celebraci\u00f3n se vivi\u00f3 en la comuna de Santa Mar\u00eda el pasado fin de semana, cuando se inauguraron las obras de remodelaci\u00f3n de la Plaza de Armas de esa&#8230;<\/p>\n","protected":false},"author":482,"featured_media":50688,"comment_status":"open","ping_status":"closed","sticky":false,"template":"","format":"standard","meta":{"advanced_seo_description":"","jetpack_seo_html_title":"","jetpack_seo_noindex":false,"_jetpack_memberships_contains_paid_content":false,"footnotes":""},"categories":[15],"tags":[],"class_list":["post-50687","post","type-post","status-publish","format-standard","has-post-thumbnail","hentry","category-comunidad"],"jetpack_featured_media_url":"https:\/\/i0.wp.com\/eltrabajo.cl\/portal\/wp-content\/uploads\/2014\/09\/Masiva1.jpg?fit=528%2C358&ssl=1","jetpack_sharing_enabled":true,"jetpack_likes_enabled":true,"jetpack-related-posts":[],"_links":{"self":[{"href":"https:\/\/eltrabajo.cl\/portal\/wp-json\/wp\/v2\/posts\/50687","targetHints":{"allow":["GET"]}}],"collection":[{"href":"https:\/\/eltrabajo.cl\/portal\/wp-json\/wp\/v2\/posts"}],"about":[{"href":"https:\/\/eltrabajo.cl\/portal\/wp-json\/wp\/v2\/types\/post"}],"author":[{"embeddable":true,"href":"https:\/\/eltrabajo.cl\/portal\/wp-json\/wp\/v2\/users\/482"}],"replies":[{"embeddable":true,"href":"https:\/\/eltrabajo.cl\/portal\/wp-json\/wp\/v2\/comments?post=50687"}],"version-history":[{"count":0,"href":"https:\/\/eltrabajo.cl\/portal\/wp-json\/wp\/v2\/posts\/50687\/revisions"}],"wp:featuredmedia":[{"embeddable":true,"href":"https:\/\/eltrabajo.cl\/portal\/wp-json\/wp\/v2\/media\/50688"}],"wp:attachment":[{"href":"https:\/\/eltrabajo.cl\/portal\/wp-json\/wp\/v2\/media?parent=50687"}],"wp:term":[{"taxonomy":"category","embeddable":true,"href":"https:\/\/eltrabajo.cl\/portal\/wp-json\/wp\/v2\/categories?post=50687"},{"taxonomy":"post_tag","embeddable":true,"href":"https:\/\/eltrabajo.cl\/portal\/wp-json\/wp\/v2\/tags?post=50687"}],"curies":[{"name":"wp","href":"https:\/\/api.w.org\/{rel}","templated":true}]}}