{"id":50693,"date":"2014-09-03T09:33:12","date_gmt":"2014-09-03T13:33:12","guid":{"rendered":"http:\/\/www.eltrabajo.cl\/portal\/?p=50693"},"modified":"2014-09-03T09:33:12","modified_gmt":"2014-09-03T13:33:12","slug":"cierre-perimetral-en-iii-etapa-de-villa-las-acacias-ya-es-realidad","status":"publish","type":"post","link":"https:\/\/eltrabajo.cl\/portal\/cierre-perimetral-en-iii-etapa-de-villa-las-acacias-ya-es-realidad\/","title":{"rendered":"Cierre perimetral en III etapa de Villa Las Acacias ya es realidad"},"content":{"rendered":"<figure id=\"attachment_50694\" aria-describedby=\"caption-attachment-50694\" style=\"width: 528px\" class=\"wp-caption alignnone\"><a href=\"https:\/\/i0.wp.com\/www.eltrabajo.cl\/portal\/wp-content\/uploads\/2014\/09\/Cinta11.jpg\"><img data-recalc-dims=\"1\" loading=\"lazy\" decoding=\"async\" class=\"size-full wp-image-50694\" alt=\"Este es un sector muy utilizado por los vecinos de todo el barrio, especialmente la multi-cancha, que es ocupada para realizar varias de las actividades deportivas y art\u00edstico-culturales que se efect\u00faan durante el a\u00f1o.\" src=\"https:\/\/i0.wp.com\/www.eltrabajo.cl\/portal\/wp-content\/uploads\/2014\/09\/Cinta11.jpg?resize=528%2C360\" width=\"528\" height=\"360\" srcset=\"https:\/\/i0.wp.com\/eltrabajo.cl\/portal\/wp-content\/uploads\/2014\/09\/Cinta11.jpg?w=528&amp;ssl=1 528w, https:\/\/i0.wp.com\/eltrabajo.cl\/portal\/wp-content\/uploads\/2014\/09\/Cinta11.jpg?resize=200%2C136&amp;ssl=1 200w, https:\/\/i0.wp.com\/eltrabajo.cl\/portal\/wp-content\/uploads\/2014\/09\/Cinta11.jpg?resize=300%2C204&amp;ssl=1 300w, https:\/\/i0.wp.com\/eltrabajo.cl\/portal\/wp-content\/uploads\/2014\/09\/Cinta11.jpg?resize=150%2C102&amp;ssl=1 150w, https:\/\/i0.wp.com\/eltrabajo.cl\/portal\/wp-content\/uploads\/2014\/09\/Cinta11.jpg?resize=400%2C272&amp;ssl=1 400w\" sizes=\"auto, (max-width: 528px) 100vw, 528px\" \/><\/a><figcaption id=\"caption-attachment-50694\" class=\"wp-caption-text\">Este es un sector muy utilizado por los vecinos de todo el barrio, especialmente la multi-cancha, que es ocupada para realizar varias de las actividades deportivas y art\u00edstico-culturales que se efect\u00faan durante el a\u00f1o.<\/figcaption><\/figure>\n<p>Muy contentos se encuentran los vecinos de Villa Las Acacias, ya que la semana reci\u00e9n pasada fue inaugurado el cierre perimetral que entrega mayor seguridad a un sector importante de la III etapa de la villa. Se trata del cierre perimetral que protege el Sapudent, la sede social y la multi-cancha, una petici\u00f3n que hab\u00eda sido planteada desde hace mucho tiempo por los vecinos y que a pesar de postular el proyecto en algunas instancias, no hab\u00edan tenido buenos resultados. Ante esa situaci\u00f3n se acercaron al Alcalde Patricio Freire para presentar la necesidad de contar con un cierre que diera seguridad al sector, petici\u00f3n que fue aprobada por el concejo municipal y cuya inversi\u00f3n supera los $3 millones.<\/p>\n<figure id=\"attachment_50695\" aria-describedby=\"caption-attachment-50695\" style=\"width: 370px\" class=\"wp-caption alignright\"><a href=\"https:\/\/i0.wp.com\/www.eltrabajo.cl\/portal\/wp-content\/uploads\/2014\/09\/Acacias1.jpg\"><img data-recalc-dims=\"1\" loading=\"lazy\" decoding=\"async\" class=\" wp-image-50695 \" alt=\"Se trata del cierre perimetral que protege el Sapudent, la sede social y la multi-cancha, una petici\u00f3n que hab\u00eda sido planteada desde hace mucho tiempo por los vecinos.\" src=\"https:\/\/i0.wp.com\/www.eltrabajo.cl\/portal\/wp-content\/uploads\/2014\/09\/Acacias1.jpg?resize=370%2C232\" width=\"370\" height=\"232\" srcset=\"https:\/\/i0.wp.com\/eltrabajo.cl\/portal\/wp-content\/uploads\/2014\/09\/Acacias1.jpg?w=528&amp;ssl=1 528w, https:\/\/i0.wp.com\/eltrabajo.cl\/portal\/wp-content\/uploads\/2014\/09\/Acacias1.jpg?resize=200%2C125&amp;ssl=1 200w, https:\/\/i0.wp.com\/eltrabajo.cl\/portal\/wp-content\/uploads\/2014\/09\/Acacias1.jpg?resize=300%2C188&amp;ssl=1 300w, https:\/\/i0.wp.com\/eltrabajo.cl\/portal\/wp-content\/uploads\/2014\/09\/Acacias1.jpg?resize=150%2C94&amp;ssl=1 150w, https:\/\/i0.wp.com\/eltrabajo.cl\/portal\/wp-content\/uploads\/2014\/09\/Acacias1.jpg?resize=400%2C251&amp;ssl=1 400w\" sizes=\"auto, (max-width: 370px) 100vw, 370px\" \/><\/a><figcaption id=\"caption-attachment-50695\" class=\"wp-caption-text\">Se trata del cierre perimetral que protege el Sapudent, la sede social y la multi-cancha, una petici\u00f3n que hab\u00eda sido planteada desde hace mucho tiempo por los vecinos.<\/figcaption><\/figure>\n<p>\u00abEstamos trabajando en todos los sectores de la comuna viendo los problemas que tienen los vecinos, este es un gran anhelo de los vecinos del sector, llevamos este proyecto al concejo, lo aprobaron y con recursos municipales se levant\u00f3 un cierre perimetral de 62 metros lineales que da seguridad a todo este entorno de Villa La Acacias III etapa\u00bb, dijo el jefe comunal. Seg\u00fan se\u00f1al\u00f3 Mario Pe\u00f1a, Presidente de la Junta de vecinos II y III etapa, este era un anhelo de los vecinos de hace m\u00e1s de un a\u00f1o, especialmente por el tema de seguridad.<\/p>\n<p>\u00abHab\u00edamos presentado el proyecto por otras v\u00edas hac\u00eda m\u00e1s de un a\u00f1o y no lo conseguimos y lo presentamos al alcalde por eso estamos muy agradecidos de \u00e9l y en dos meses el nos solucion\u00f3 el problema\u00bb, dijo el dirigente.<\/p>\n<p>&nbsp;<\/p>\n","protected":false},"excerpt":{"rendered":"<p>Muy contentos se encuentran los vecinos de Villa Las Acacias, ya que la semana reci\u00e9n pasada fue inaugurado el cierre perimetral que entrega mayor seguridad a un sector importante de la III&#8230;<\/p>\n","protected":false},"author":482,"featured_media":50694,"comment_status":"open","ping_status":"closed","sticky":false,"template":"","format":"standard","meta":{"advanced_seo_description":"","jetpack_seo_html_title":"","jetpack_seo_noindex":false,"_jetpack_memberships_contains_paid_content":false,"footnotes":""},"categories":[15],"tags":[],"class_list":["post-50693","post","type-post","status-publish","format-standard","has-post-thumbnail","hentry","category-comunidad"],"jetpack_featured_media_url":"https:\/\/i0.wp.com\/eltrabajo.cl\/portal\/wp-content\/uploads\/2014\/09\/Cinta11.jpg?fit=528%2C360&ssl=1","jetpack_sharing_enabled":true,"jetpack_likes_enabled":true,"jetpack-related-posts":[],"_links":{"self":[{"href":"https:\/\/eltrabajo.cl\/portal\/wp-json\/wp\/v2\/posts\/50693","targetHints":{"allow":["GET"]}}],"collection":[{"href":"https:\/\/eltrabajo.cl\/portal\/wp-json\/wp\/v2\/posts"}],"about":[{"href":"https:\/\/eltrabajo.cl\/portal\/wp-json\/wp\/v2\/types\/post"}],"author":[{"embeddable":true,"href":"https:\/\/eltrabajo.cl\/portal\/wp-json\/wp\/v2\/users\/482"}],"replies":[{"embeddable":true,"href":"https:\/\/eltrabajo.cl\/portal\/wp-json\/wp\/v2\/comments?post=50693"}],"version-history":[{"count":0,"href":"https:\/\/eltrabajo.cl\/portal\/wp-json\/wp\/v2\/posts\/50693\/revisions"}],"wp:featuredmedia":[{"embeddable":true,"href":"https:\/\/eltrabajo.cl\/portal\/wp-json\/wp\/v2\/media\/50694"}],"wp:attachment":[{"href":"https:\/\/eltrabajo.cl\/portal\/wp-json\/wp\/v2\/media?parent=50693"}],"wp:term":[{"taxonomy":"category","embeddable":true,"href":"https:\/\/eltrabajo.cl\/portal\/wp-json\/wp\/v2\/categories?post=50693"},{"taxonomy":"post_tag","embeddable":true,"href":"https:\/\/eltrabajo.cl\/portal\/wp-json\/wp\/v2\/tags?post=50693"}],"curies":[{"name":"wp","href":"https:\/\/api.w.org\/{rel}","templated":true}]}}