{"id":50698,"date":"2014-09-03T09:35:16","date_gmt":"2014-09-03T13:35:16","guid":{"rendered":"http:\/\/www.eltrabajo.cl\/portal\/?p=50698"},"modified":"2014-09-03T09:35:16","modified_gmt":"2014-09-03T13:35:16","slug":"nina-de-14-anos-denuncia-a-su-padre-por-violacion-y-abuso-sexual","status":"publish","type":"post","link":"https:\/\/eltrabajo.cl\/portal\/nina-de-14-anos-denuncia-a-su-padre-por-violacion-y-abuso-sexual\/","title":{"rendered":"Ni\u00f1a de 14 a\u00f1os denuncia a su padre por violaci\u00f3n y abuso sexual"},"content":{"rendered":"<figure id=\"attachment_50699\" aria-describedby=\"caption-attachment-50699\" style=\"width: 317px\" class=\"wp-caption alignleft\"><a href=\"https:\/\/i0.wp.com\/www.eltrabajo.cl\/portal\/wp-content\/uploads\/2014\/09\/Detenido1.jpg\"><img data-recalc-dims=\"1\" loading=\"lazy\" decoding=\"async\" class=\" wp-image-50699 \" alt=\"El detenido fue identificado como V.U.V.L., de 49 a\u00f1os, quien en todo momento neg\u00f3 ser el autor de los ultrajes, atribuyendo la denuncia de la ni\u00f1a a trastornos de personalidad.\" src=\"https:\/\/i0.wp.com\/www.eltrabajo.cl\/portal\/wp-content\/uploads\/2014\/09\/Detenido1.jpg?resize=317%2C229\" width=\"317\" height=\"229\" srcset=\"https:\/\/i0.wp.com\/eltrabajo.cl\/portal\/wp-content\/uploads\/2014\/09\/Detenido1.jpg?w=529&amp;ssl=1 529w, https:\/\/i0.wp.com\/eltrabajo.cl\/portal\/wp-content\/uploads\/2014\/09\/Detenido1.jpg?resize=200%2C144&amp;ssl=1 200w, https:\/\/i0.wp.com\/eltrabajo.cl\/portal\/wp-content\/uploads\/2014\/09\/Detenido1.jpg?resize=300%2C216&amp;ssl=1 300w, https:\/\/i0.wp.com\/eltrabajo.cl\/portal\/wp-content\/uploads\/2014\/09\/Detenido1.jpg?resize=150%2C108&amp;ssl=1 150w, https:\/\/i0.wp.com\/eltrabajo.cl\/portal\/wp-content\/uploads\/2014\/09\/Detenido1.jpg?resize=400%2C288&amp;ssl=1 400w\" sizes=\"auto, (max-width: 317px) 100vw, 317px\" \/><\/a><figcaption id=\"caption-attachment-50699\" class=\"wp-caption-text\">El detenido fue identificado como V.U.V.L., de 49 a\u00f1os, quien en todo momento neg\u00f3 ser el autor de los ultrajes, atribuyendo la denuncia de la ni\u00f1a a trastornos de personalidad.<\/figcaption><\/figure>\n<p><strong>LOS ANDES<\/strong>.- Una escolar de catorce a\u00f1os denunci\u00f3 haber sido violada y abusada sexualmente por su padre, hecho que le caus\u00f3 graves problemas de personalidad. El caso fue denunciado al Ministerio P\u00fablico por profesionales de la Municipalidad de Los Andes, donde la adolescente se encontraba recibiendo apoyo psicol\u00f3gico debido a trastornos de su sexualidad.<\/p>\n<p>Fue as\u00ed que la ni\u00f1a habr\u00eda relatado a los abusos a los profesionales y fueron \u00e9stos junto con la madre, quienes denunciaron el hecho a la fiscal\u00eda. El Fiscal Jefe del Ministerio P\u00fablico, Ricardo Reinoso, se\u00f1al\u00f3 que conforme a los antecedentes se solicit\u00f3 la orden de detenci\u00f3n en contra del sujeto, quien fue ejecutada por personal de Carabineros, \u00aby se solicit\u00f3 la ampliaci\u00f3n de esta persona para poder recabar informaci\u00f3n, espec\u00edficamente del Servicio M\u00e9dico Legal y verificar los ultrajes, para poder formalizar la investigaci\u00f3n si correspondiere\u00bb.<\/p>\n<p>El persecutor indic\u00f3 que la menor habr\u00eda relatado la situaci\u00f3n a profesores del liceo donde estudia y a profesionales del Programa de Intervenci\u00f3n Psicosocial de la Municipalidad de Los Andes, \u00absindicando al padre como el autor del abuso sexual y la violaci\u00f3n, existiendo antecedentes preliminares de que habr\u00edan ocurrido en m\u00e1s de una ocasi\u00f3n, pero estamos reci\u00e9n recabando informaci\u00f3n\u00bb, dijo Reinoso. El detenido fue identificado como V.U.V.L., de 49 a\u00f1os, quien en todo momento neg\u00f3 ser el autor de los ultrajes, atribuyendo la denuncia de la ni\u00f1a a trastornos de personalidad.<\/p>\n","protected":false},"excerpt":{"rendered":"<p>LOS ANDES.- Una escolar de catorce a\u00f1os denunci\u00f3 haber sido violada y abusada sexualmente por su padre, hecho que le caus\u00f3 graves problemas de personalidad. El caso fue denunciado al Ministerio P\u00fablico&#8230;<\/p>\n","protected":false},"author":482,"featured_media":50699,"comment_status":"open","ping_status":"closed","sticky":false,"template":"","format":"standard","meta":{"advanced_seo_description":"","jetpack_seo_html_title":"","jetpack_seo_noindex":false,"_jetpack_memberships_contains_paid_content":false,"footnotes":""},"categories":[21],"tags":[],"class_list":["post-50698","post","type-post","status-publish","format-standard","has-post-thumbnail","hentry","category-policial"],"jetpack_featured_media_url":"https:\/\/i0.wp.com\/eltrabajo.cl\/portal\/wp-content\/uploads\/2014\/09\/Detenido1.jpg?fit=529%2C382&ssl=1","jetpack_sharing_enabled":true,"jetpack_likes_enabled":true,"jetpack-related-posts":[],"_links":{"self":[{"href":"https:\/\/eltrabajo.cl\/portal\/wp-json\/wp\/v2\/posts\/50698","targetHints":{"allow":["GET"]}}],"collection":[{"href":"https:\/\/eltrabajo.cl\/portal\/wp-json\/wp\/v2\/posts"}],"about":[{"href":"https:\/\/eltrabajo.cl\/portal\/wp-json\/wp\/v2\/types\/post"}],"author":[{"embeddable":true,"href":"https:\/\/eltrabajo.cl\/portal\/wp-json\/wp\/v2\/users\/482"}],"replies":[{"embeddable":true,"href":"https:\/\/eltrabajo.cl\/portal\/wp-json\/wp\/v2\/comments?post=50698"}],"version-history":[{"count":0,"href":"https:\/\/eltrabajo.cl\/portal\/wp-json\/wp\/v2\/posts\/50698\/revisions"}],"wp:featuredmedia":[{"embeddable":true,"href":"https:\/\/eltrabajo.cl\/portal\/wp-json\/wp\/v2\/media\/50699"}],"wp:attachment":[{"href":"https:\/\/eltrabajo.cl\/portal\/wp-json\/wp\/v2\/media?parent=50698"}],"wp:term":[{"taxonomy":"category","embeddable":true,"href":"https:\/\/eltrabajo.cl\/portal\/wp-json\/wp\/v2\/categories?post=50698"},{"taxonomy":"post_tag","embeddable":true,"href":"https:\/\/eltrabajo.cl\/portal\/wp-json\/wp\/v2\/tags?post=50698"}],"curies":[{"name":"wp","href":"https:\/\/api.w.org\/{rel}","templated":true}]}}