{"id":50703,"date":"2014-09-03T09:41:00","date_gmt":"2014-09-03T13:41:00","guid":{"rendered":"http:\/\/www.eltrabajo.cl\/portal\/?p=50703"},"modified":"2014-09-03T09:41:00","modified_gmt":"2014-09-03T13:41:00","slug":"lo-condenan-a-14-anos-de-carcel-y-celebra-con-fotos-en-facebook","status":"publish","type":"post","link":"https:\/\/eltrabajo.cl\/portal\/lo-condenan-a-14-anos-de-carcel-y-celebra-con-fotos-en-facebook\/","title":{"rendered":"Lo condenan a 14 a\u00f1os de c\u00e1rcel y celebra con fotos en Facebook"},"content":{"rendered":"<figure id=\"attachment_50704\" aria-describedby=\"caption-attachment-50704\" style=\"width: 528px\" class=\"wp-caption alignnone\"><a href=\"https:\/\/i0.wp.com\/www.eltrabajo.cl\/portal\/wp-content\/uploads\/2014\/09\/Foto-1.jpg\"><img data-recalc-dims=\"1\" loading=\"lazy\" decoding=\"async\" class=\"size-full wp-image-50704\" alt=\"Muy contento, \u2018El Pancho\u2019 celebr\u00f3 su condena de catorce a\u00f1os de c\u00e1rcel posando junto a sus compa\u00f1eros reclusos para varias fotograf\u00edas que subi\u00f3 a su cuenta personal de Facebook.\" src=\"https:\/\/i0.wp.com\/www.eltrabajo.cl\/portal\/wp-content\/uploads\/2014\/09\/Foto-1.jpg?resize=528%2C400\" width=\"528\" height=\"400\" srcset=\"https:\/\/i0.wp.com\/eltrabajo.cl\/portal\/wp-content\/uploads\/2014\/09\/Foto-1.jpg?w=528&amp;ssl=1 528w, https:\/\/i0.wp.com\/eltrabajo.cl\/portal\/wp-content\/uploads\/2014\/09\/Foto-1.jpg?resize=198%2C150&amp;ssl=1 198w, https:\/\/i0.wp.com\/eltrabajo.cl\/portal\/wp-content\/uploads\/2014\/09\/Foto-1.jpg?resize=300%2C227&amp;ssl=1 300w, https:\/\/i0.wp.com\/eltrabajo.cl\/portal\/wp-content\/uploads\/2014\/09\/Foto-1.jpg?resize=150%2C113&amp;ssl=1 150w, https:\/\/i0.wp.com\/eltrabajo.cl\/portal\/wp-content\/uploads\/2014\/09\/Foto-1.jpg?resize=400%2C303&amp;ssl=1 400w\" sizes=\"auto, (max-width: 528px) 100vw, 528px\" \/><\/a><figcaption id=\"caption-attachment-50704\" class=\"wp-caption-text\">Muy contento, \u2018El Pancho\u2019 celebr\u00f3 su condena de catorce a\u00f1os de c\u00e1rcel posando junto a sus compa\u00f1eros reclusos para varias fotograf\u00edas que subi\u00f3 a su cuenta personal de Facebook.<\/figcaption><\/figure>\n<p>Con s\u00f3lo 23 a\u00f1os de edad, Francisco Ruiz Luengo era considerado uno de los m\u00e1s peligrosos y avezados delincuentes que se encontraba pr\u00f3fugo de las autoridades de San Felipe. Actuaba armado y en compa\u00f1\u00eda de otros sujetos, intimidaban sin piedad a sus v\u00edctimas para asaltarlos a trav\u00e9s de golpes, incluso disparar su arma de fuego provocando p\u00e1nico a los afectados que resultaron heridos.<\/p>\n<p>En enero de este a\u00f1o Ruiz Luengo fue detenido por Carabineros, luego de las innumerables causas que a\u00fan pesan en su contra, una por Robo con Violencia que investiga la Fiscal\u00eda de San Felipe, tras las diligencias desplegadas por la Secci\u00f3n de Investigaci\u00f3n Policial (SIP) de Carabineros de esta comuna.<\/p>\n<p>En primera instancia, el Ministerio P\u00fablico present\u00f3 acusaci\u00f3n por cuatro delitos de Robo con violencia y un delito de Receptaci\u00f3n cometidos durante 2013 y principios de este a\u00f1o. El Fiscal Andr\u00e9s Gallardo pudo acreditar la participaci\u00f3n de Ruiz Luengo, apodado \u2018El Pancho\u2019, inicialmente en s\u00f3lo tres hechos.<\/p>\n<p><strong>\u00a0CASO TAXISTA<\/strong><\/p>\n<p>El d\u00eda 24 de diciembre del 2013 a eso de las 21:15 horas, el conductor del taxi marca Toyota Yaris, de 60 a\u00f1os de edad, efectuaba un recorrido por Calle Dadignac en las cercan\u00edas de Villa 250 A\u00f1os de San Felipe, cuando sorpresivamente fue interceptado por Ruiz Luengo, quien lo hizo detener para subirse al m\u00f3vil por el costado del copiloto, extrayendo desde su pantal\u00f3n un rev\u00f3lver cromado con el cual intimid\u00f3 al chofer y se apoder\u00f3 de las monedas de $100 que manten\u00eda en el taxi.<\/p>\n<p>Luego y sin clemencia, lo golpe\u00f3 con la empu\u00f1adura del arma de fuego y lo amenaz\u00f3 de muerte si no le entregaba el dinero que portaba. Sin provocaci\u00f3n alguna, Ruiz descendi\u00f3 del veh\u00edculo y comenz\u00f3 a golpear el parabrisas, dej\u00e1ndolo destruido, como tambi\u00e9n provocar da\u00f1os en la carrocer\u00eda de todo el contorno del m\u00f3vil, mientras la v\u00edctima suplicaba que no continuara con sus cometidos.<\/p>\n<p><strong>\u00a0VIDEO DELATOR<\/strong><\/p>\n<p>Este hecho result\u00f3 vital para el convencimiento de los jueces tras una importante prueba presentada por la fiscal\u00eda, la exhibici\u00f3n de un video grabado por un vecino desde la ventana de su vivienda, donde se registra la extrema violencia con la que actu\u00f3 \u2018El Pancho\u2019, sometiendo a la v\u00edctima a su deleznable actitud. El testigo asegur\u00f3 en una declaraci\u00f3n y bajo absoluta reserva, que el delincuente le arroj\u00f3 piedras cuando se dio cuenta que estaba siendo grabado, quebr\u00e1ndole el vidrio de la ventana.<\/p>\n<p><strong>\u00a0CASO TAURUS<\/strong><\/p>\n<p>Al d\u00eda siguiente, a eso de las 05:45 horas, un joven v\u00edctima de 27 a\u00f1os de edad de desplazaba con un grupo de amigos por Calle 12 de Febrero, a la altura del ex-Regimiento Yungay, donde se detuvieron a orinar. En medio de la oscuridad dos sujetos irrumpieron en escena, uno de ellos Ruiz Luengo, quien los apunt\u00f3 con su arma de fuego y dispar\u00f3 dos veces al aire para intimidar al grupo, exigi\u00e9ndoles que entregaran todas sus pertenencias.<\/p>\n<p>Con mucha valent\u00eda y arriesgando su vida, uno de los muchachos se abalanz\u00f3 contra Ruiz Luengo para que no siguiera disparando, tom\u00e1ndolo de sus brazos, pero despu\u00e9s de un forcejeo, \u2018El Pancho\u2019 con su implacable personalidad dispar\u00f3 nuevamente dos tiros en contra de las dos v\u00edctimas, impactando uno de ellos en el est\u00f3mago y al otro joven en su pierna, mientras le sustrajo su billetera y arrebat\u00f3 $15.000, para darse a la fuga y arrojar el armamento marca Taurus calibre 38 hacia el suelo, la que manten\u00eda un encargo por Robo.<\/p>\n<p>Uno de los testigos del hecho tom\u00f3 la pistola y la ocult\u00f3 en el interior de su veh\u00edculo para luego trasladar a los heridos hasta el Servicio de Urgencias del Hospital San Camilo, siendo diagnosticado con heridas a bala de car\u00e1cter leve.<\/p>\n<p><strong>\u00a0CASO CAMIONETA<\/strong><\/p>\n<p>Cuando el reloj marcaba las 05:10 horas del 26 de enero del 2014, la Central de Comunicaciones de Carabineros recepcion\u00f3 un llamado de auxilio de un hombre que requer\u00eda la presencia de funcionarios policiales que se trasladaran hasta Avenida Manso de Velasco por el robo de su camioneta.<\/p>\n<p>La v\u00edctima de 43 a\u00f1os de edad, relat\u00f3 a los efectivos policiales que en los momentos que conduc\u00eda su camioneta marca Ssangyong de color gris, en la intersecci\u00f3n de calles Las Heras con Dardignac, fue interceptado por un sujeto junto a dos mujeres, quienes lo obligaron a descender del veh\u00edculo, indic\u00e1ndole que se trataba de un asalto.<\/p>\n<p>El afectado al descender de su camioneta fue obligado a entregar sus pertenec\u00edas de valor a los delincuentes, mismos encabezados por Ruiz Luengo, quien le solicitaba que le hiciera entrega de especies de valor, pero como no encontraron nada de dinero, cobardemente \u2018El Pancho\u2019 lo noque\u00f3 con un golpe de pu\u00f1o en el rostro.<\/p>\n<p>Luego los tres antisociales abordaron la camioneta y se apoderaron de ella para dirigirse en direcci\u00f3n a Villa 250 A\u00f1os, lugar donde resid\u00eda Ruiz Luengo. Tras el despliegue policial, los sujetos fueron observados desplaz\u00e1ndose en el m\u00f3vil por distintas calles aleda\u00f1as hasta ingresar a Villa 250 A\u00f1os, donde abandonaron la camioneta y se ocultaron dentro de una vivienda. Vecinos de esa localidad comenzaron a arrojar piedras y objetos contundentes en contra de Carabineros para impedir su captura.<\/p>\n<p>Sin embargo, la camioneta pudo ser devuelta al afectado pero los delincuentes hab\u00edan sustra\u00eddo desde el interior una radio musical marca Sony y un tel\u00e9fono celular Samsung, avaluados en $400.000. Producto del golpe que recibi\u00f3 la v\u00edctima, fue diagnosticada en urgencias como una contusi\u00f3n nasal de car\u00e1cter leve.<\/p>\n<p>La SIP de Carabineros de San Felipe estableci\u00f3 en estos tres hechos la participaci\u00f3n de Francisco Ruiz Luengo tras los reconocimientos fotogr\u00e1ficos a las v\u00edctimas y los posteriores operativos conformes en establecer su participaci\u00f3n, misma que finalmente llegaron a la justicia.<\/p>\n<p><strong>\u00a0FALTAN CAUSAS<\/strong><\/p>\n<p>Tras un juicio que se extendi\u00f3 por m\u00e1s de una semana, el Tribunal Oral en Lo Penal de San Felipe pudo acreditar mediante las contundentes pruebas testimoniales de las v\u00edctimas y de los funcionarios policiales, entre otros testigos de contexto, la culpabilidad de Ruiz Luengo, sentenci\u00e1ndolo a cumplir una condena de catorce a\u00f1os sin beneficios por tres delitos de Robo con violencia, siendo absuelto del delito de Receptaci\u00f3n y de un Robo con violencia, toda vez que la v\u00edctima no se present\u00f3 declarar.<\/p>\n<p>La sentencia descontar\u00e1 los d\u00edas que Ruiz Luengo permanece en Prisi\u00f3n Preventiva desde el 28 de enero del 2014 que le servir\u00e1n como abono a la condena, cuando se encuentre ejecutoriada. Su huella gen\u00e9tica permanecer\u00e1 en el registro de condenados como autor de Robo con Violencia.<\/p>\n<p>Pese a que el Fiscal Andr\u00e9s Gallardo persegu\u00eda una ejemplar condena, se mostr\u00f3 conforme con la decisi\u00f3n del tribunal, adelantando a Diario El Trabajo que este juicio es s\u00f3lo el principio, ya que se investigan m\u00e1s causas para aumentar la condena a Francisco Ruiz Luengo.<\/p>\n<p>\u00abSe le acus\u00f3 por cinco hechos, de los cuales fue absuelto en dos, en el cual la v\u00edctima no se present\u00f3 a declarar, pero tras el testimonio de Carabineros el imputado estaba golpeando a esa v\u00edctima y se apoder\u00f3 de sus lentes. Respecto del delito de Receptaci\u00f3n tambi\u00e9n fue absuelto tras un procedimiento de la Polic\u00eda de Investigaciones, que los jueces estimaron que el ingreso al domicilio del imputado no se cumpli\u00f3 con todas las garant\u00edas que establece la ley, donde se acusaba de mantener una motocicleta. Por el resto de los hechos fue condenado a catorce a\u00f1os de c\u00e1rcel en forma efectiva\u00bb, dijo Gallardo.<\/p>\n<p>El persecutor agreg\u00f3 que se est\u00e1n desarrollando m\u00e1s investigaciones y no se descartan m\u00e1s juicios orales en su contra, mismos que ser\u00edan por m\u00e1s de cinco hechos, \u00abpor lo tanto es un claro peligro para la sociedad y eso se puede reflejar en una persona como Ru\u00edz Luengo, as\u00ed que estamos satisfechos en ese sentido por las condenas y por la pena que le est\u00e1n dando\u00bb, concluy\u00f3 Gallardo.<\/p>\n<p><strong>\u00a0CHICO FACEBOOK<\/strong><\/p>\n<p>Pero poco y nada le import\u00f3 a \u2018El Pancho\u2019 su condena, porque tras su regreso custodiado por Gendarmer\u00eda desde la sala del Tribunal Oral hasta el Centro de Cumplimiento Penitenciario en Los Andes, evidenci\u00f3 mantener un tel\u00e9fono celular con Internet y sacarse una sesi\u00f3n de fotograf\u00edas junto a otros reclusos, como si estuvieran celebrando la condena, para subir la fotograf\u00eda nada m\u00e1s y nada menos que a su cuenta personal de Facebook.<\/p>\n<p>En la popular red social se visualizan p\u00fablicamente m\u00e1s de 50 fotograf\u00edas desde distintos sectores del Centro Penitenciario de Los Andes, done sigue recluido y al parecer desde la c\u00e1rcel de la comuna de Quillota, donde estuvo recluido anteriormente junto a otros internos desde hace varios meses, mientras se encontraba hasta ese entonces en Prisi\u00f3n Preventiva.<\/p>\n<p>Diario El Trabajo tom\u00f3 contacto con el Alcaide del Centro Penitenciario de la comuna de Los Andes, Teniente Coronel Walter Mu\u00f1oz, para conocer las medidas de seguridad al interior del recinto penal y el clandestino ingreso de tel\u00e9fonos celulares, espec\u00edficamente en este caso puntual. Si bien en primera instancia asegur\u00f3 la permanencia del recluso Francisco Ruiz Luengo en esa c\u00e1rcel, hasta el cierre de esta nota no contest\u00f3 los reiterados llamados para una declaraci\u00f3n p\u00fablica, luego de mantenerlo en conocimiento con la exhibici\u00f3n de las fotograf\u00edas. El Ministerio P\u00fablico inform\u00f3 que presentar\u00e1 un escrito ante Gendarmer\u00eda para una investigaci\u00f3n del caso.<\/p>\n<p>Pablo Salinas Sald\u00edas<\/p>\n<div class=\"tiled-gallery type-rectangular tiled-gallery-unresized\" data-original-width=\"640\" data-carousel-extra='null' itemscope itemtype=\"http:\/\/schema.org\/ImageGallery\" > <div class=\"gallery-row\" style=\"width: 640px; height: 159px;\" data-original-width=\"640\" data-original-height=\"159\" > <div class=\"gallery-group images-1\" style=\"width: 208px; height: 159px;\" data-original-width=\"208\" data-original-height=\"159\" > <div class=\"tiled-gallery-item tiled-gallery-item-small\" itemprop=\"associatedMedia\" itemscope itemtype=\"http:\/\/schema.org\/ImageObject\"> <a href=\"https:\/\/eltrabajo.cl\/portal\/lo-condenan-a-14-anos-de-carcel-y-celebra-con-fotos-en-facebook\/foto-2-3\/\" border=\"0\" itemprop=\"url\"> <meta itemprop=\"width\" content=\"204\"> <meta itemprop=\"height\" content=\"155\"> <img decoding=\"async\" class=\"\" data-attachment-id=\"50706\" data-orig-file=\"https:\/\/eltrabajo.cl\/portal\/wp-content\/uploads\/2014\/09\/FOTO-2.jpg\" data-orig-size=\"528,400\" data-comments-opened=\"1\" data-image-meta=\"{&quot;aperture&quot;:&quot;0&quot;,&quot;credit&quot;:&quot;&quot;,&quot;camera&quot;:&quot;&quot;,&quot;caption&quot;:&quot;&quot;,&quot;created_timestamp&quot;:&quot;0&quot;,&quot;copyright&quot;:&quot;&quot;,&quot;focal_length&quot;:&quot;0&quot;,&quot;iso&quot;:&quot;0&quot;,&quot;shutter_speed&quot;:&quot;0&quot;,&quot;title&quot;:&quot;&quot;}\" data-image-title=\"FOTO 2\" data-image-description=\"&lt;p&gt;\u2018El Pancho\u2019 posando junto a otros imputados al interior de la c\u00e1rcel.&lt;\/p&gt; \" data-medium-file=\"https:\/\/i0.wp.com\/eltrabajo.cl\/portal\/wp-content\/uploads\/2014\/09\/FOTO-2.jpg?fit=300%2C227&#038;ssl=1\" data-large-file=\"https:\/\/i0.wp.com\/eltrabajo.cl\/portal\/wp-content\/uploads\/2014\/09\/FOTO-2.jpg?fit=528%2C400&#038;ssl=1\" src=\"https:\/\/i0.wp.com\/eltrabajo.cl\/portal\/wp-content\/uploads\/2014\/09\/FOTO-2.jpg?w=204&#038;h=155&#038;ssl=1\" srcset=\"https:\/\/i0.wp.com\/eltrabajo.cl\/portal\/wp-content\/uploads\/2014\/09\/FOTO-2.jpg?w=528&amp;ssl=1 528w, https:\/\/i0.wp.com\/eltrabajo.cl\/portal\/wp-content\/uploads\/2014\/09\/FOTO-2.jpg?resize=198%2C150&amp;ssl=1 198w, https:\/\/i0.wp.com\/eltrabajo.cl\/portal\/wp-content\/uploads\/2014\/09\/FOTO-2.jpg?resize=300%2C227&amp;ssl=1 300w, https:\/\/i0.wp.com\/eltrabajo.cl\/portal\/wp-content\/uploads\/2014\/09\/FOTO-2.jpg?resize=150%2C113&amp;ssl=1 150w, https:\/\/i0.wp.com\/eltrabajo.cl\/portal\/wp-content\/uploads\/2014\/09\/FOTO-2.jpg?resize=400%2C303&amp;ssl=1 400w\" width=\"204\" height=\"155\" loading=\"lazy\" data-original-width=\"204\" data-original-height=\"155\" itemprop=\"http:\/\/schema.org\/image\" title=\"FOTO 2\" alt=\"\u2018El Pancho\u2019 posando junto a otros imputados al interior de la c\u00e1rcel.\" style=\"width: 204px; height: 155px;\" \/> <\/a> <div class=\"tiled-gallery-caption\" itemprop=\"caption description\"> \u2018El Pancho\u2019 posando junto a otros imputados al interior de la c\u00e1rcel. <\/div> <\/div> <\/div> <!-- close group --> <div class=\"gallery-group images-1\" style=\"width: 189px; height: 159px;\" data-original-width=\"189\" data-original-height=\"159\" > <div class=\"tiled-gallery-item tiled-gallery-item-small\" itemprop=\"associatedMedia\" itemscope itemtype=\"http:\/\/schema.org\/ImageObject\"> <a href=\"https:\/\/eltrabajo.cl\/portal\/lo-condenan-a-14-anos-de-carcel-y-celebra-con-fotos-en-facebook\/perfil-pancho-2\/\" border=\"0\" itemprop=\"url\"> <meta itemprop=\"width\" content=\"185\"> <meta itemprop=\"height\" content=\"155\"> <img decoding=\"async\" class=\"\" data-attachment-id=\"50708\" data-orig-file=\"https:\/\/eltrabajo.cl\/portal\/wp-content\/uploads\/2014\/09\/perfil-pancho1.jpg\" data-orig-size=\"529,442\" data-comments-opened=\"1\" data-image-meta=\"{&quot;aperture&quot;:&quot;0&quot;,&quot;credit&quot;:&quot;Picasa&quot;,&quot;camera&quot;:&quot;&quot;,&quot;caption&quot;:&quot;&quot;,&quot;created_timestamp&quot;:&quot;0&quot;,&quot;copyright&quot;:&quot;&quot;,&quot;focal_length&quot;:&quot;0&quot;,&quot;iso&quot;:&quot;0&quot;,&quot;shutter_speed&quot;:&quot;0&quot;,&quot;title&quot;:&quot;&quot;}\" data-image-title=\"perfil pancho\" data-image-description=\"&lt;p&gt;Francisco Ruiz Luengo mantiene activo su perfil de la popular red social Facebook, con distintas fotograf\u00edas desde los interiores del Centro Penitenciario de Los Andes, desde donde hacen bastantes meses hasta la actualidad gracias al uso de su tel\u00e9fono celular con Internet.&lt;\/p&gt; \" data-medium-file=\"https:\/\/i0.wp.com\/eltrabajo.cl\/portal\/wp-content\/uploads\/2014\/09\/perfil-pancho1.jpg?fit=300%2C250&#038;ssl=1\" data-large-file=\"https:\/\/i0.wp.com\/eltrabajo.cl\/portal\/wp-content\/uploads\/2014\/09\/perfil-pancho1.jpg?fit=529%2C442&#038;ssl=1\" src=\"https:\/\/i0.wp.com\/eltrabajo.cl\/portal\/wp-content\/uploads\/2014\/09\/perfil-pancho1.jpg?w=185&#038;h=155&#038;ssl=1\" srcset=\"https:\/\/i0.wp.com\/eltrabajo.cl\/portal\/wp-content\/uploads\/2014\/09\/perfil-pancho1.jpg?w=529&amp;ssl=1 529w, https:\/\/i0.wp.com\/eltrabajo.cl\/portal\/wp-content\/uploads\/2014\/09\/perfil-pancho1.jpg?resize=179%2C150&amp;ssl=1 179w, https:\/\/i0.wp.com\/eltrabajo.cl\/portal\/wp-content\/uploads\/2014\/09\/perfil-pancho1.jpg?resize=300%2C250&amp;ssl=1 300w, https:\/\/i0.wp.com\/eltrabajo.cl\/portal\/wp-content\/uploads\/2014\/09\/perfil-pancho1.jpg?resize=150%2C125&amp;ssl=1 150w, https:\/\/i0.wp.com\/eltrabajo.cl\/portal\/wp-content\/uploads\/2014\/09\/perfil-pancho1.jpg?resize=400%2C334&amp;ssl=1 400w\" width=\"185\" height=\"155\" loading=\"lazy\" data-original-width=\"185\" data-original-height=\"155\" itemprop=\"http:\/\/schema.org\/image\" title=\"perfil pancho\" alt=\"Francisco Ruiz Luengo mantiene activo su perfil de la popular red social Facebook, con distintas fotograf\u00edas desde los interiores del Centro Penitenciario de Los Andes, desde donde hacen bastantes meses hasta la actualidad gracias al uso de su tel\u00e9fono celular con Internet.\" style=\"width: 185px; height: 155px;\" \/> <\/a> <div class=\"tiled-gallery-caption\" itemprop=\"caption description\"> Francisco Ruiz Luengo mantiene activo su perfil de la popular red social Facebook, con distintas fotograf\u00edas desde los interiores del Centro Penitenciario de Los Andes, desde donde hacen bastantes meses hasta la actualidad gracias al uso de su tel\u00e9fono celular con Internet. <\/div> <\/div> <\/div> <!-- close group --> <div class=\"gallery-group images-1\" style=\"width: 122px; height: 159px;\" data-original-width=\"122\" data-original-height=\"159\" > <div class=\"tiled-gallery-item tiled-gallery-item-small\" itemprop=\"associatedMedia\" itemscope itemtype=\"http:\/\/schema.org\/ImageObject\"> <a href=\"https:\/\/eltrabajo.cl\/portal\/lo-condenan-a-14-anos-de-carcel-y-celebra-con-fotos-en-facebook\/francisco-ruiz-luengo\/\" border=\"0\" itemprop=\"url\"> <meta itemprop=\"width\" content=\"118\"> <meta itemprop=\"height\" content=\"155\"> <img decoding=\"async\" class=\"\" data-attachment-id=\"50707\" data-orig-file=\"https:\/\/eltrabajo.cl\/portal\/wp-content\/uploads\/2014\/09\/FRANCISCO-RUIZ-LUENGO.jpg\" data-orig-size=\"529,695\" data-comments-opened=\"1\" data-image-meta=\"{&quot;aperture&quot;:&quot;0&quot;,&quot;credit&quot;:&quot;&quot;,&quot;camera&quot;:&quot;&quot;,&quot;caption&quot;:&quot;&quot;,&quot;created_timestamp&quot;:&quot;0&quot;,&quot;copyright&quot;:&quot;&quot;,&quot;focal_length&quot;:&quot;0&quot;,&quot;iso&quot;:&quot;0&quot;,&quot;shutter_speed&quot;:&quot;0&quot;,&quot;title&quot;:&quot;&quot;}\" data-image-title=\"FRANCISCO RUIZ LUENGO\" data-image-description=\"&lt;p&gt;Francisco Ruiz Luengo fue condenado a catorce a\u00f1os de c\u00e1rcel por tres delitos de Robo con violencia, perpetrados en la comuna de San Felipe. Su estad\u00eda en la c\u00e1rcel podr\u00eda aumentar tras otras causas vigentes que llevar\u00e1 a juicio el Ministerio P\u00fablico.&lt;\/p&gt; \" data-medium-file=\"https:\/\/i0.wp.com\/eltrabajo.cl\/portal\/wp-content\/uploads\/2014\/09\/FRANCISCO-RUIZ-LUENGO.jpg?fit=228%2C300&#038;ssl=1\" data-large-file=\"https:\/\/i0.wp.com\/eltrabajo.cl\/portal\/wp-content\/uploads\/2014\/09\/FRANCISCO-RUIZ-LUENGO.jpg?fit=529%2C695&#038;ssl=1\" src=\"https:\/\/i0.wp.com\/eltrabajo.cl\/portal\/wp-content\/uploads\/2014\/09\/FRANCISCO-RUIZ-LUENGO.jpg?w=118&#038;h=155&#038;ssl=1\" srcset=\"https:\/\/i0.wp.com\/eltrabajo.cl\/portal\/wp-content\/uploads\/2014\/09\/FRANCISCO-RUIZ-LUENGO.jpg?w=529&amp;ssl=1 529w, https:\/\/i0.wp.com\/eltrabajo.cl\/portal\/wp-content\/uploads\/2014\/09\/FRANCISCO-RUIZ-LUENGO.jpg?resize=114%2C150&amp;ssl=1 114w, https:\/\/i0.wp.com\/eltrabajo.cl\/portal\/wp-content\/uploads\/2014\/09\/FRANCISCO-RUIZ-LUENGO.jpg?resize=228%2C300&amp;ssl=1 228w, https:\/\/i0.wp.com\/eltrabajo.cl\/portal\/wp-content\/uploads\/2014\/09\/FRANCISCO-RUIZ-LUENGO.jpg?resize=400%2C525&amp;ssl=1 400w\" width=\"118\" height=\"155\" loading=\"lazy\" data-original-width=\"118\" data-original-height=\"155\" itemprop=\"http:\/\/schema.org\/image\" title=\"FRANCISCO RUIZ LUENGO\" alt=\"Francisco Ruiz Luengo fue condenado a catorce a\u00f1os de c\u00e1rcel por tres delitos de Robo con violencia, perpetrados en la comuna de San Felipe. Su estad\u00eda en la c\u00e1rcel podr\u00eda aumentar tras otras causas vigentes que llevar\u00e1 a juicio el Ministerio P\u00fablico.\" style=\"width: 118px; height: 155px;\" \/> <\/a> <div class=\"tiled-gallery-caption\" itemprop=\"caption description\"> Francisco Ruiz Luengo fue condenado a catorce a\u00f1os de c\u00e1rcel por tres delitos de Robo con violencia, perpetrados en la comuna de San Felipe. Su estad\u00eda en la c\u00e1rcel podr\u00eda aumentar tras otras causas vigentes que llevar\u00e1 a juicio el Ministerio P\u00fablico. <\/div> <\/div> <\/div> <!-- close group --> <div class=\"gallery-group images-1\" style=\"width: 121px; height: 159px;\" data-original-width=\"121\" data-original-height=\"159\" > <div class=\"tiled-gallery-item tiled-gallery-item-small\" itemprop=\"associatedMedia\" itemscope itemtype=\"http:\/\/schema.org\/ImageObject\"> <a href=\"https:\/\/eltrabajo.cl\/portal\/lo-condenan-a-14-anos-de-carcel-y-celebra-con-fotos-en-facebook\/fiscal-andres-gallardo-17\/\" border=\"0\" itemprop=\"url\"> <meta itemprop=\"width\" content=\"117\"> <meta itemprop=\"height\" content=\"155\"> <img decoding=\"async\" class=\"\" data-attachment-id=\"50705\" data-orig-file=\"https:\/\/eltrabajo.cl\/portal\/wp-content\/uploads\/2014\/09\/Fiscal-Andres-Gallardo.jpg\" data-orig-size=\"529,701\" data-comments-opened=\"1\" data-image-meta=\"{&quot;aperture&quot;:&quot;0&quot;,&quot;credit&quot;:&quot;&quot;,&quot;camera&quot;:&quot;&quot;,&quot;caption&quot;:&quot;&quot;,&quot;created_timestamp&quot;:&quot;0&quot;,&quot;copyright&quot;:&quot;&quot;,&quot;focal_length&quot;:&quot;0&quot;,&quot;iso&quot;:&quot;0&quot;,&quot;shutter_speed&quot;:&quot;0&quot;,&quot;title&quot;:&quot;&quot;}\" data-image-title=\"Fiscal Andres Gallardo\" data-image-description=\"&lt;p&gt;El Fiscal Andr\u00e9s Gallardo elev\u00f3 las acusaciones en contra de \u2018El Pancho\u2019, logrando convencer a los jueces tras las pruebas presentadas durante el juicio en el Tribunal Oral en Lo Penal de San Felipe.&lt;\/p&gt; \" data-medium-file=\"https:\/\/i0.wp.com\/eltrabajo.cl\/portal\/wp-content\/uploads\/2014\/09\/Fiscal-Andres-Gallardo.jpg?fit=226%2C300&#038;ssl=1\" data-large-file=\"https:\/\/i0.wp.com\/eltrabajo.cl\/portal\/wp-content\/uploads\/2014\/09\/Fiscal-Andres-Gallardo.jpg?fit=529%2C701&#038;ssl=1\" src=\"https:\/\/i0.wp.com\/eltrabajo.cl\/portal\/wp-content\/uploads\/2014\/09\/Fiscal-Andres-Gallardo.jpg?w=117&#038;h=155&#038;ssl=1\" srcset=\"https:\/\/i0.wp.com\/eltrabajo.cl\/portal\/wp-content\/uploads\/2014\/09\/Fiscal-Andres-Gallardo.jpg?w=529&amp;ssl=1 529w, https:\/\/i0.wp.com\/eltrabajo.cl\/portal\/wp-content\/uploads\/2014\/09\/Fiscal-Andres-Gallardo.jpg?resize=113%2C150&amp;ssl=1 113w, https:\/\/i0.wp.com\/eltrabajo.cl\/portal\/wp-content\/uploads\/2014\/09\/Fiscal-Andres-Gallardo.jpg?resize=226%2C300&amp;ssl=1 226w, https:\/\/i0.wp.com\/eltrabajo.cl\/portal\/wp-content\/uploads\/2014\/09\/Fiscal-Andres-Gallardo.jpg?resize=400%2C530&amp;ssl=1 400w\" width=\"117\" height=\"155\" loading=\"lazy\" data-original-width=\"117\" data-original-height=\"155\" itemprop=\"http:\/\/schema.org\/image\" title=\"Fiscal Andres Gallardo\" alt=\"El Fiscal Andr\u00e9s Gallardo elev\u00f3 las acusaciones en contra de \u2018El Pancho\u2019, logrando convencer a los jueces tras las pruebas presentadas durante el juicio en el Tribunal Oral en Lo Penal de San Felipe.\" style=\"width: 117px; height: 155px;\" \/> <\/a> <div class=\"tiled-gallery-caption\" itemprop=\"caption description\"> El Fiscal Andr\u00e9s Gallardo elev\u00f3 las acusaciones en contra de \u2018El Pancho\u2019, logrando convencer a los jueces tras las pruebas presentadas durante el juicio en el Tribunal Oral en Lo Penal de San Felipe. <\/div> <\/div> <\/div> <!-- close group --> <\/div> <!-- close row --> <\/div>\n","protected":false},"excerpt":{"rendered":"<p>Con s\u00f3lo 23 a\u00f1os de edad, Francisco Ruiz Luengo era considerado uno de los m\u00e1s peligrosos y avezados delincuentes que se encontraba pr\u00f3fugo de las autoridades de San Felipe. Actuaba armado y&#8230;<\/p>\n","protected":false},"author":482,"featured_media":50704,"comment_status":"open","ping_status":"closed","sticky":false,"template":"","format":"standard","meta":{"advanced_seo_description":"","jetpack_seo_html_title":"","jetpack_seo_noindex":false,"_jetpack_memberships_contains_paid_content":false,"footnotes":""},"categories":[21],"tags":[],"class_list":["post-50703","post","type-post","status-publish","format-standard","has-post-thumbnail","hentry","category-policial"],"jetpack_featured_media_url":"https:\/\/i0.wp.com\/eltrabajo.cl\/portal\/wp-content\/uploads\/2014\/09\/Foto-1.jpg?fit=528%2C400&ssl=1","jetpack_sharing_enabled":true,"jetpack_likes_enabled":true,"jetpack-related-posts":[],"_links":{"self":[{"href":"https:\/\/eltrabajo.cl\/portal\/wp-json\/wp\/v2\/posts\/50703","targetHints":{"allow":["GET"]}}],"collection":[{"href":"https:\/\/eltrabajo.cl\/portal\/wp-json\/wp\/v2\/posts"}],"about":[{"href":"https:\/\/eltrabajo.cl\/portal\/wp-json\/wp\/v2\/types\/post"}],"author":[{"embeddable":true,"href":"https:\/\/eltrabajo.cl\/portal\/wp-json\/wp\/v2\/users\/482"}],"replies":[{"embeddable":true,"href":"https:\/\/eltrabajo.cl\/portal\/wp-json\/wp\/v2\/comments?post=50703"}],"version-history":[{"count":0,"href":"https:\/\/eltrabajo.cl\/portal\/wp-json\/wp\/v2\/posts\/50703\/revisions"}],"wp:featuredmedia":[{"embeddable":true,"href":"https:\/\/eltrabajo.cl\/portal\/wp-json\/wp\/v2\/media\/50704"}],"wp:attachment":[{"href":"https:\/\/eltrabajo.cl\/portal\/wp-json\/wp\/v2\/media?parent=50703"}],"wp:term":[{"taxonomy":"category","embeddable":true,"href":"https:\/\/eltrabajo.cl\/portal\/wp-json\/wp\/v2\/categories?post=50703"},{"taxonomy":"post_tag","embeddable":true,"href":"https:\/\/eltrabajo.cl\/portal\/wp-json\/wp\/v2\/tags?post=50703"}],"curies":[{"name":"wp","href":"https:\/\/api.w.org\/{rel}","templated":true}]}}