{"id":50721,"date":"2014-09-04T09:26:46","date_gmt":"2014-09-04T13:26:46","guid":{"rendered":"http:\/\/www.eltrabajo.cl\/portal\/?p=50721"},"modified":"2014-09-04T09:26:46","modified_gmt":"2014-09-04T13:26:46","slug":"realizan-proyecto-reductor-de-riesgos-de-caritas","status":"publish","type":"post","link":"https:\/\/eltrabajo.cl\/portal\/realizan-proyecto-reductor-de-riesgos-de-caritas\/","title":{"rendered":"Realizan proyecto reductor de riesgos de Caritas"},"content":{"rendered":"<figure id=\"attachment_50722\" aria-describedby=\"caption-attachment-50722\" style=\"width: 529px\" class=\"wp-caption alignnone\"><a href=\"https:\/\/i0.wp.com\/www.eltrabajo.cl\/portal\/wp-content\/uploads\/2014\/09\/Grupal1.jpg\"><img data-recalc-dims=\"1\" loading=\"lazy\" decoding=\"async\" class=\"size-full wp-image-50722\" alt=\"Cerca de 60 personas de El Asiento, Barrancas, San Roque, Villa 9 de Octubre y La Vega, se reunieron el pasado 30 de agosto en el Centro de Espiritualidad del Buen Pastor de San Felipe, para vivir el encuentro Inter-comunitario del Proyecto de Gesti\u00f3n Local de Riesgos, impulsado por Caritas.\" src=\"https:\/\/i0.wp.com\/www.eltrabajo.cl\/portal\/wp-content\/uploads\/2014\/09\/Grupal1.jpg?resize=529%2C266\" width=\"529\" height=\"266\" srcset=\"https:\/\/i0.wp.com\/eltrabajo.cl\/portal\/wp-content\/uploads\/2014\/09\/Grupal1.jpg?w=529&amp;ssl=1 529w, https:\/\/i0.wp.com\/eltrabajo.cl\/portal\/wp-content\/uploads\/2014\/09\/Grupal1.jpg?resize=200%2C100&amp;ssl=1 200w, https:\/\/i0.wp.com\/eltrabajo.cl\/portal\/wp-content\/uploads\/2014\/09\/Grupal1.jpg?resize=300%2C150&amp;ssl=1 300w, https:\/\/i0.wp.com\/eltrabajo.cl\/portal\/wp-content\/uploads\/2014\/09\/Grupal1.jpg?resize=150%2C75&amp;ssl=1 150w, https:\/\/i0.wp.com\/eltrabajo.cl\/portal\/wp-content\/uploads\/2014\/09\/Grupal1.jpg?resize=400%2C201&amp;ssl=1 400w\" sizes=\"auto, (max-width: 529px) 100vw, 529px\" \/><\/a><figcaption id=\"caption-attachment-50722\" class=\"wp-caption-text\">Cerca de 60 personas de El Asiento, Barrancas, San Roque, Villa 9 de Octubre y La Vega, se reunieron el pasado 30 de agosto en el Centro de Espiritualidad del Buen Pastor de San Felipe, para vivir el encuentro Inter-comunitario del Proyecto de Gesti\u00f3n Local de Riesgos, impulsado por Caritas.<\/figcaption><\/figure>\n<p>Cerca de 60 personas de El Asiento, Barrancas, San Roque, Villa 9 de Octubre y La Vega, se reunieron el pasado 30 de agosto en el Centro de Espiritualidad del Buen Pastor de San Felipe, para vivir el encuentro Inter-comunitario del Proyecto de Gesti\u00f3n Local de Riesgos, impulsado por Caritas. El pasado s\u00e1bado 30 de agosto se llev\u00f3 a cabo esta actividad, misma que es ejecutada por la Pastoral Social Caritas de la Di\u00f3cesis de Aconcagua y Petorca.<\/p>\n<figure id=\"attachment_50723\" aria-describedby=\"caption-attachment-50723\" style=\"width: 370px\" class=\"wp-caption alignright\"><a href=\"https:\/\/i0.wp.com\/www.eltrabajo.cl\/portal\/wp-content\/uploads\/2014\/09\/Octubre1.jpg\"><img data-recalc-dims=\"1\" loading=\"lazy\" decoding=\"async\" class=\" wp-image-50723 \" alt=\"Villa 9 de Octubre de Panquehue estuvo presente en esta jornada a trav\u00e9s de estos vecinos, quienes participaron con mucho inter\u00e9s.\" src=\"https:\/\/i0.wp.com\/www.eltrabajo.cl\/portal\/wp-content\/uploads\/2014\/09\/Octubre1.jpg?resize=370%2C224\" width=\"370\" height=\"224\" srcset=\"https:\/\/i0.wp.com\/eltrabajo.cl\/portal\/wp-content\/uploads\/2014\/09\/Octubre1.jpg?w=529&amp;ssl=1 529w, https:\/\/i0.wp.com\/eltrabajo.cl\/portal\/wp-content\/uploads\/2014\/09\/Octubre1.jpg?resize=200%2C120&amp;ssl=1 200w, https:\/\/i0.wp.com\/eltrabajo.cl\/portal\/wp-content\/uploads\/2014\/09\/Octubre1.jpg?resize=300%2C181&amp;ssl=1 300w, https:\/\/i0.wp.com\/eltrabajo.cl\/portal\/wp-content\/uploads\/2014\/09\/Octubre1.jpg?resize=150%2C90&amp;ssl=1 150w, https:\/\/i0.wp.com\/eltrabajo.cl\/portal\/wp-content\/uploads\/2014\/09\/Octubre1.jpg?resize=400%2C241&amp;ssl=1 400w\" sizes=\"auto, (max-width: 370px) 100vw, 370px\" \/><\/a><figcaption id=\"caption-attachment-50723\" class=\"wp-caption-text\">Villa 9 de Octubre de Panquehue estuvo presente en esta jornada a trav\u00e9s de estos vecinos, quienes participaron con mucho inter\u00e9s.<\/figcaption><\/figure>\n<p>\u201cEste encuentro es uno de los espacios que permite conocer las distintas realidades que tiene cada localidad con las que trabajamos\u201d, manifest\u00f3 Pedro Contreras, Trabajador Social del Obispado de San Felipe y encargado del proyecto. \u201cLos objetivos de este encuentro era dialogar los distintos riesgos y amenazas que est\u00e1n presente en cada comunidad, y c\u00f3mo podemos trabajar para mitigar su impacto\u201d, agreg\u00f3 Contreras.<\/p>\n<p>Durante la jornada de trabajo Catherine Mella, Trabajadora Social de Caritas Chile, capacit\u00f3 a las personas asistentes en la formulaci\u00f3n de proyectos, lo cual fue traducido en un trabajo pr\u00e1ctico donde los participantes tuvieron que dise\u00f1ar su micro-proyecto para presentarlo en un plenario a las otras comunidades y encargados de esta iniciativa.<\/p>\n<p>En este encuentro participaron representantes de las comunidades de El Asiento y Barrancas de la comuna de San Felipe, de San Roque y Villa 9 de Octubre de la comuna de Panquehue y de La Vega, perteneciente a la comuna de Cabildo, a quienes durante la jornada se les entreg\u00f3 sus mapas de riesgos, los que fueron expuestos a las cinco localidades presentes y que ayud\u00f3 a compartir las experiencias en lo que concierne la gesti\u00f3n local de riesgo.<\/p>\n<p>El Proyecto es ejecutado por la Pastoral Social Caritas de San Felipe y financiado gracias a los aportes econ\u00f3micos de Caritas Alemana, mismo que se ha desarrollado en algunas comunidades de la iglesia diocesana desde el \u00faltimo trimestre del 2012, donde actualmente trabajan Pedro Contreras y Benigna Mu\u00f1oz, ambos responsables de la ejecuci\u00f3n de este proyecto social.<\/p>\n<p>&nbsp;<\/p>\n","protected":false},"excerpt":{"rendered":"<p>Cerca de 60 personas de El Asiento, Barrancas, San Roque, Villa 9 de Octubre y La Vega, se reunieron el pasado 30 de agosto en el Centro de Espiritualidad del Buen Pastor&#8230;<\/p>\n","protected":false},"author":482,"featured_media":50722,"comment_status":"open","ping_status":"closed","sticky":false,"template":"","format":"standard","meta":{"advanced_seo_description":"","jetpack_seo_html_title":"","jetpack_seo_noindex":false,"_jetpack_memberships_contains_paid_content":false,"footnotes":""},"categories":[15],"tags":[],"class_list":["post-50721","post","type-post","status-publish","format-standard","has-post-thumbnail","hentry","category-comunidad"],"jetpack_featured_media_url":"https:\/\/i0.wp.com\/eltrabajo.cl\/portal\/wp-content\/uploads\/2014\/09\/Grupal1.jpg?fit=529%2C266&ssl=1","jetpack_sharing_enabled":true,"jetpack_likes_enabled":true,"jetpack-related-posts":[],"_links":{"self":[{"href":"https:\/\/eltrabajo.cl\/portal\/wp-json\/wp\/v2\/posts\/50721","targetHints":{"allow":["GET"]}}],"collection":[{"href":"https:\/\/eltrabajo.cl\/portal\/wp-json\/wp\/v2\/posts"}],"about":[{"href":"https:\/\/eltrabajo.cl\/portal\/wp-json\/wp\/v2\/types\/post"}],"author":[{"embeddable":true,"href":"https:\/\/eltrabajo.cl\/portal\/wp-json\/wp\/v2\/users\/482"}],"replies":[{"embeddable":true,"href":"https:\/\/eltrabajo.cl\/portal\/wp-json\/wp\/v2\/comments?post=50721"}],"version-history":[{"count":0,"href":"https:\/\/eltrabajo.cl\/portal\/wp-json\/wp\/v2\/posts\/50721\/revisions"}],"wp:featuredmedia":[{"embeddable":true,"href":"https:\/\/eltrabajo.cl\/portal\/wp-json\/wp\/v2\/media\/50722"}],"wp:attachment":[{"href":"https:\/\/eltrabajo.cl\/portal\/wp-json\/wp\/v2\/media?parent=50721"}],"wp:term":[{"taxonomy":"category","embeddable":true,"href":"https:\/\/eltrabajo.cl\/portal\/wp-json\/wp\/v2\/categories?post=50721"},{"taxonomy":"post_tag","embeddable":true,"href":"https:\/\/eltrabajo.cl\/portal\/wp-json\/wp\/v2\/tags?post=50721"}],"curies":[{"name":"wp","href":"https:\/\/api.w.org\/{rel}","templated":true}]}}